{"id":17091,"date":"2020-11-19T19:40:44","date_gmt":"2020-11-19T19:40:44","guid":{"rendered":"http:\/\/www.iceagetv.com\/radiosite\/?p=17091"},"modified":"2020-11-19T19:40:44","modified_gmt":"2020-11-19T19:40:44","slug":"coronavirus-amazon-france-accepte-de-reporter-le-black-friday-au-4-decembre","status":"publish","type":"post","link":"https:\/\/www.iceagetv.com\/radiosite\/coronavirus-amazon-france-accepte-de-reporter-le-black-friday-au-4-decembre\/","title":{"rendered":"Coronavirus : Amazon France accepte de reporter le \u00ab Black Friday \u00bb au 4 d\u00e9cembre"},"content":{"rendered":"\n<p><a href=\"https:\/\/www.20minutes.fr\/high-tech\/amazon\/\">Amazon<\/a>&nbsp;est pr\u00eat \u00e0 d\u00e9caler d\u2019une semaine en France l\u2019op\u00e9ration promotionnelle du&nbsp;<a href=\"https:\/\/www.20minutes.fr\/dossier\/black_friday\">\u00ab&nbsp;Black Friday&nbsp;\u00bb<\/a>, comme le demande le gouvernement, \u00e0 condition que les commerces puissent rouvrir plus rapidement, a indiqu\u00e9 jeudi le patron de la filiale fran\u00e7aise du g\u00e9ant du commerce en ligne.<\/p>\n\n\n\n<p>\u00ab&nbsp;Nous avons d\u00e9cid\u00e9 de reporter la date du \u00a0\u00bb&nbsp;Black Friday \u00a0\u00bb&nbsp;si cela permet de rouvrir les commerces et les magasins physiques avant le 1er&nbsp;d\u00e9cembre&nbsp;\u00bb, a d\u00e9clar\u00e9 sur TF1 le directeur g\u00e9n\u00e9ral d\u2019Amazon France, Fr\u00e9d\u00e9ric Duval. Cette op\u00e9ration promotionnelle initialement pr\u00e9vue le 27&nbsp;novembre aura finalement lieu le 4&nbsp;d\u00e9cembre, a-t-il pr\u00e9cis\u00e9.<\/p>\n","protected":false},"excerpt":{"rendered":"<p>Amazon&nbsp;est pr\u00eat \u00e0 d\u00e9caler d\u2019une semaine en France l\u2019op\u00e9ration promotionnelle du&nbsp;\u00ab&nbsp;Black Friday&nbsp;\u00bb, comme le demande le gouvernement, \u00e0 condition que les commerces puissent rouvrir plus rapidement, a indiqu\u00e9 jeudi le patron de la filiale fran\u00e7aise du g\u00e9ant du commerce en ligne. \u00ab&nbsp;Nous avons d\u00e9cid\u00e9 de reporter la date du \u00a0\u00bb&nbsp;Black Friday \u00a0\u00bb&nbsp;si cela permet de [&hellip;]<\/p>\n","protected":false},"author":2,"featured_media":17092,"comment_status":"open","ping_status":"open","sticky":false,"template":"","format":"standard","meta":{"_jetpack_memberships_contains_paid_content":false,"footnotes":"","jetpack_publicize_message":"","jetpack_publicize_feature_enabled":true,"jetpack_social_post_already_shared":true,"jetpack_social_options":{"image_generator_settings":{"template":"highway","default_image_id":0,"font":"","enabled":false},"version":2},"_wpas_customize_per_network":false},"categories":[405],"tags":[],"class_list":["post-17091","post","type-post","status-publish","format-standard","has-post-thumbnail","hentry","category-actu-france-monde"],"jetpack_publicize_connections":[],"jetpack_featured_media_url":"https:\/\/i0.wp.com\/www.iceagetv.com\/radiosite\/wp-content\/uploads\/2020\/11\/Amazon-France-accepte-de-reporter-le-%C2%AB-Black-Friday-%C2%BB-au-4-d%C3%A9cembre.jpg?fit=640%2C410&ssl=1","jetpack_sharing_enabled":true,"_links":{"self":[{"href":"https:\/\/www.iceagetv.com\/radiosite\/wp-json\/wp\/v2\/posts\/17091","targetHints":{"allow":["GET"]}}],"collection":[{"href":"https:\/\/www.iceagetv.com\/radiosite\/wp-json\/wp\/v2\/posts"}],"about":[{"href":"https:\/\/www.iceagetv.com\/radiosite\/wp-json\/wp\/v2\/types\/post"}],"author":[{"embeddable":true,"href":"https:\/\/www.iceagetv.com\/radiosite\/wp-json\/wp\/v2\/users\/2"}],"replies":[{"embeddable":true,"href":"https:\/\/www.iceagetv.com\/radiosite\/wp-json\/wp\/v2\/comments?post=17091"}],"version-history":[{"count":1,"href":"https:\/\/www.iceagetv.com\/radiosite\/wp-json\/wp\/v2\/posts\/17091\/revisions"}],"predecessor-version":[{"id":17093,"href":"https:\/\/www.iceagetv.com\/radiosite\/wp-json\/wp\/v2\/posts\/17091\/revisions\/17093"}],"wp:featuredmedia":[{"embeddable":true,"href":"https:\/\/www.iceagetv.com\/radiosite\/wp-json\/wp\/v2\/media\/17092"}],"wp:attachment":[{"href":"https:\/\/www.iceagetv.com\/radiosite\/wp-json\/wp\/v2\/media?parent=17091"}],"wp:term":[{"taxonomy":"category","embeddable":true,"href":"https:\/\/www.iceagetv.com\/radiosite\/wp-json\/wp\/v2\/categories?post=17091"},{"taxonomy":"post_tag","embeddable":true,"href":"https:\/\/www.iceagetv.com\/radiosite\/wp-json\/wp\/v2\/tags?post=17091"}],"curies":[{"name":"wp","href":"https:\/\/api.w.org\/{rel}","templated":true}]}}