{"id":17103,"date":"2020-11-21T09:16:58","date_gmt":"2020-11-21T09:16:58","guid":{"rendered":"http:\/\/www.iceagetv.com\/radiosite\/?p=17103"},"modified":"2020-11-21T09:16:58","modified_gmt":"2020-11-21T09:16:58","slug":"le-ministre-de-leducation-jean-michel-blanquer-accuse-par-liberation-davoir-cree-un-syndicat-lyceen-en-2018-a-son-service-et-avec-des-subventions-publiques","status":"publish","type":"post","link":"https:\/\/www.iceagetv.com\/radiosite\/le-ministre-de-leducation-jean-michel-blanquer-accuse-par-liberation-davoir-cree-un-syndicat-lyceen-en-2018-a-son-service-et-avec-des-subventions-publiques\/","title":{"rendered":"Le Ministre de l&rsquo;\u00e9ducation, Jean-Michel Blanquer, accus\u00e9 par Lib\u00e9ration, d&rsquo;avoir cr\u00e9\u00e9 un syndicat lyc\u00e9en en 2018 \u00e0 son service et avec des subventions publiques"},"content":{"rendered":"\n<p>Les syndicats lyc\u00e9ens d\u00e9noncent ce matin une \u00ab\u00a0propagande d&rsquo;Etat\u00a0\u00bb et une tentative du minist\u00e8re de l&rsquo;Education \u00ab\u00a0d&rsquo;\u00e9touffer\u00a0\u00bb la contestation des jeunes apr\u00e8s de nouvelles accusations visant l&rsquo;organisation pro-gouvernementale \u00ab\u00a0Avenir Lyc\u00e9en\u00a0\u00bb, d\u00e9j\u00e0 \u00e9pingl\u00e9e pour avoir dilapid\u00e9 des subventions publiques.&nbsp;<\/p>\n\n\n\n<p>Dans une longue enqu\u00eate publi\u00e9e samedi, Lib\u00e9ration assure que cette structure, cr\u00e9\u00e9e en 2018, \u00ab\u00a0a germ\u00e9 Rue de Grenelle, dans l&rsquo;entourage proche de Jean-Michel Blanquer, pour servir la communication du ministre, et surtout rompre tout dialogue avec les syndicats lyc\u00e9ens\u00a0\u00bb oppos\u00e9s \u00e0 ses r\u00e9formes, notamment celle du bac.<\/p>\n\n\n\n<p>Fond\u00e9 sur de nombreux t\u00e9moignages, l&rsquo;article affirme que le num\u00e9ro 2 du minist\u00e8re \u00e0 l&rsquo;\u00e9poque, Jean-Marc Huart, \u00e9tait li\u00e9 aux responsables d'\u00a0\u00bbAvenir lyc\u00e9en\u00a0\u00bb et que des rectorats participaient \u00e0 l&rsquo;\u00e9criture de communiqu\u00e9s du syndicat, syst\u00e9matiquement favorables aux r\u00e9formes du minist\u00e8re.<\/p>\n\n\n\n<p>Des \u00e9lus LFI et communistes ont r\u00e9clam\u00e9 d\u00e8s vendredi soir une commission d&rsquo;enqu\u00eate parlementaire sur cette affaire.<\/p>\n\n\n\n<p>D\u00e9but novembre, Mediapart avait d\u00e9j\u00e0 r\u00e9v\u00e9l\u00e9 qu'\u00a0\u00bbAvenir lyc\u00e9en\u00a0\u00bb avait re\u00e7u 65.000 euros de subventions publiques en 2019 qui auraient \u00e9t\u00e9 d\u00e9pens\u00e9es en frais de bouche et autres d\u00e9penses dans des h\u00f4tels.<\/p>\n\n\n\n<p>L&rsquo;article de Lib\u00e9ration a provoqu\u00e9 un nouveau toll\u00e9 des syndicats lyc\u00e9ens, dont certains accusent directement Jean-Michel Blanquer. Dans un communiqu\u00e9, la Fidl a d\u00e9nonc\u00e9 un \u00ab\u00a0d\u00e9voiement total de la cause syndicale et une insulte faite aux jeunes dont le minist\u00e8re aurait organis\u00e9 l&rsquo;\u00e9touffement de la parole face \u00e0 des r\u00e9formes du bac et du lyc\u00e9e catastrophiques\u00a0\u00bb.<\/p>\n\n\n\n<p>Le syndicat MNL voit lui dans Avenir lyc\u00e9en, \u00ab\u00a0une entreprise politique n&rsquo;ayant pas h\u00e9sit\u00e9 \u00e0 manipuler certains de nos jeunes camarades lyc\u00e9ens (&#8230;) afin de servir les int\u00e9r\u00eats du ministre\u00a0\u00bb.<\/p>\n\n\n\n<p>Quant \u00e0 l&rsquo;UNL, qui avait annonc\u00e9 une plainte apr\u00e8s les r\u00e9v\u00e9lations de Mediapart, son pr\u00e9sident Mathieu Devlaminck a assur\u00e9 sur Twitter qu'\u00a0\u00bbAvenir Lyc\u00e9en\u00a0\u00bb \u00e9tait un \u00ab\u00a0instrument de Blanquer\u00a0\u00bb pour \u00ab\u00a0faire taire\u00a0\u00bb son syndicat.<\/p>\n\n\n\n<p>Apr\u00e8s les r\u00e9v\u00e9lations de Mediapart, le minist\u00e8re avait diligent\u00e9 une enqu\u00eate administrative sur les subventions accord\u00e9es \u00e0 Avenir lyc\u00e9en et s&rsquo;\u00e9tait d\u00e9fendu, aupr\u00e8s de l&rsquo;AFP, de tout favoritisme en assurant que ce syndicat faisait partie des organisations \u00ab\u00a0repr\u00e9sentatives\u00a0\u00bb.<\/p>\n\n\n\n<p>Contact\u00e9 samedi par l&rsquo;AFP, le minist\u00e8re n&rsquo;avait pas r\u00e9agi dans l&rsquo;imm\u00e9diat.<\/p>\n","protected":false},"excerpt":{"rendered":"<p>Les syndicats lyc\u00e9ens d\u00e9noncent ce matin une \u00ab\u00a0propagande d&rsquo;Etat\u00a0\u00bb et une tentative du minist\u00e8re de l&rsquo;Education \u00ab\u00a0d&rsquo;\u00e9touffer\u00a0\u00bb la contestation des jeunes apr\u00e8s de nouvelles accusations visant l&rsquo;organisation pro-gouvernementale \u00ab\u00a0Avenir Lyc\u00e9en\u00a0\u00bb, d\u00e9j\u00e0 \u00e9pingl\u00e9e pour avoir dilapid\u00e9 des subventions publiques.&nbsp; Dans une longue enqu\u00eate publi\u00e9e samedi, Lib\u00e9ration assure que cette structure, cr\u00e9\u00e9e en 2018, \u00ab\u00a0a germ\u00e9 Rue [&hellip;]<\/p>\n","protected":false},"author":2,"featured_media":17104,"comment_status":"open","ping_status":"open","sticky":false,"template":"","format":"standard","meta":{"_jetpack_memberships_contains_paid_content":false,"footnotes":"","jetpack_publicize_message":"","jetpack_publicize_feature_enabled":true,"jetpack_social_post_already_shared":true,"jetpack_social_options":{"image_generator_settings":{"template":"highway","default_image_id":0,"font":"","enabled":false},"version":2},"_wpas_customize_per_network":false},"categories":[405],"tags":[],"class_list":["post-17103","post","type-post","status-publish","format-standard","has-post-thumbnail","hentry","category-actu-france-monde"],"jetpack_publicize_connections":[],"jetpack_featured_media_url":"https:\/\/i0.wp.com\/www.iceagetv.com\/radiosite\/wp-content\/uploads\/2020\/11\/accus%C3%A9-par-Lib%C3%A9ration-davoir-cr%C3%A9%C3%A9-un-syndicat-lyc%C3%A9en-en-2018-%C3%A0-son-service-et-avec-des-subventions-publiques.png?fit=885%2C380&ssl=1","jetpack_sharing_enabled":true,"_links":{"self":[{"href":"https:\/\/www.iceagetv.com\/radiosite\/wp-json\/wp\/v2\/posts\/17103","targetHints":{"allow":["GET"]}}],"collection":[{"href":"https:\/\/www.iceagetv.com\/radiosite\/wp-json\/wp\/v2\/posts"}],"about":[{"href":"https:\/\/www.iceagetv.com\/radiosite\/wp-json\/wp\/v2\/types\/post"}],"author":[{"embeddable":true,"href":"https:\/\/www.iceagetv.com\/radiosite\/wp-json\/wp\/v2\/users\/2"}],"replies":[{"embeddable":true,"href":"https:\/\/www.iceagetv.com\/radiosite\/wp-json\/wp\/v2\/comments?post=17103"}],"version-history":[{"count":1,"href":"https:\/\/www.iceagetv.com\/radiosite\/wp-json\/wp\/v2\/posts\/17103\/revisions"}],"predecessor-version":[{"id":17105,"href":"https:\/\/www.iceagetv.com\/radiosite\/wp-json\/wp\/v2\/posts\/17103\/revisions\/17105"}],"wp:featuredmedia":[{"embeddable":true,"href":"https:\/\/www.iceagetv.com\/radiosite\/wp-json\/wp\/v2\/media\/17104"}],"wp:attachment":[{"href":"https:\/\/www.iceagetv.com\/radiosite\/wp-json\/wp\/v2\/media?parent=17103"}],"wp:term":[{"taxonomy":"category","embeddable":true,"href":"https:\/\/www.iceagetv.com\/radiosite\/wp-json\/wp\/v2\/categories?post=17103"},{"taxonomy":"post_tag","embeddable":true,"href":"https:\/\/www.iceagetv.com\/radiosite\/wp-json\/wp\/v2\/tags?post=17103"}],"curies":[{"name":"wp","href":"https:\/\/api.w.org\/{rel}","templated":true}]}}