{"id":17110,"date":"2020-11-22T08:00:34","date_gmt":"2020-11-22T08:00:34","guid":{"rendered":"http:\/\/www.iceagetv.com\/radiosite\/?p=17110"},"modified":"2020-11-22T08:00:34","modified_gmt":"2020-11-22T08:00:34","slug":"emmanuel-macron-dans-le-jdd-il-nest-pas-question-dannoncer-le-deconfinement-mardi-soir-une-attestation-pour-se-deplacer-sera-toujours-necessaire-au-dela-du-1er-decembre","status":"publish","type":"post","link":"https:\/\/www.iceagetv.com\/radiosite\/emmanuel-macron-dans-le-jdd-il-nest-pas-question-dannoncer-le-deconfinement-mardi-soir-une-attestation-pour-se-deplacer-sera-toujours-necessaire-au-dela-du-1er-decembre\/","title":{"rendered":"Emmanuel Macron dans le JDD : \u00ab\u00a0Il n&rsquo;est pas question d&rsquo;annoncer le d\u00e9confinement mardi soir \u00a0\u00bb &#8211; Une attestation pour se d\u00e9placer sera toujours n\u00e9cessaire au-del\u00e0 du 1er d\u00e9cembre"},"content":{"rendered":"\n<p>Le chef de l&rsquo;\u00c9tat n&rsquo;envisage pas d&rsquo;annoncer une fin du confinement mardi lors de son intervention, dit-il au&nbsp;<a href=\"https:\/\/www.lejdd.fr\/Politique\/emmanuel-macron-au-jdd-il-faut-de-la-coherence-de-la-clarte-un-cap-4007259\" target=\"_blank\" rel=\"noreferrer noopener\">JDD<\/a>&nbsp;:&nbsp;<strong>\u00ab Aujourd&rsquo;hui, le niveau de circulation du virus dans le pays est le m\u00eame qu&rsquo;au moment du couvre-feu. Il n&rsquo;est pas question de d\u00e9confiner.&nbsp;&nbsp;<\/strong>Rien n&rsquo;est pire que l&rsquo;incertitude et l&rsquo;impression d&rsquo;une morosit\u00e9 sans fin. Il faut de la coh\u00e9rence, de la clart\u00e9, un cap. Savoir ensemble o\u00f9 nous allons et comment y aller. &nbsp;C&rsquo;est difficile, car la pand\u00e9mie est par essence impr\u00e9visible et mondiale \u00bb, explique-t-il, \u00ab mais c&rsquo;est la cl\u00e9 de la confiance, qui elle-m\u00eame est la cl\u00e9 du succ\u00e8s \u00bb.<\/p>\n\n\n\n<p>Selon le pr\u00e9sident, \u00ab il n&rsquo;y a pas de fatalit\u00e9. Les crises peuvent \u00eatre, \u00e0 la fin, des acc\u00e9l\u00e9rateurs de progr\u00e8s. Nous devons \u00eatre au rendez-vous de l&rsquo;Histoire. Et la France a tous les atouts pour l&rsquo;\u00eatre. \u00bb<\/p>\n\n\n\n<p>Le porte-parole du gouvernement, Gabriel Attal, pr\u00e9cise dans le m\u00eame journal que le gouvernement que les \u00ab assouplissements \u00bb au confinement \u00ab se feront en trois \u00e9tapes au regard de l&rsquo;\u00e9volution sanitaire et des risques li\u00e9s \u00e0 certaines activit\u00e9s : d&rsquo;abord autour du 1er d\u00e9cembre, puis avant les cong\u00e9s de fin d&rsquo;ann\u00e9e, puis \u00e0 partir de janvier 2021 \u00bb.<\/p>\n\n\n\n<p>Pour autant, \u00ab le confinement va se poursuivre et donc la limitation des d\u00e9placements aussi \u00bb, confirme-t-il.<\/p>\n\n\n\n<p><strong>Une attestation pour se d\u00e9placer sera toujours n\u00e9cessaire au-del\u00e0 du 1er d\u00e9cembre<\/strong>, avait d\u00e9j\u00e0 indiqu\u00e9 le Premier ministre Jean Castex. Gabriel Attal confirme cependant l&rsquo;horizon d&rsquo;une r\u00e9ouverture des commerces \u00ab autour du 1er d\u00e9cembre \u00bb, soulignant que \u00ab le pr\u00e9sident est conscient des efforts consentis et attach\u00e9 \u00e0 la valeur travail \u00bb, mais que \u00ab certains \u00e9tablissements, comme les bars et restaurants, continueront \u00e0 conna\u00eetre des restrictions \u00bb.<\/p>\n\n\n\n<p>Pour les vaccins, Gabriel Attal affirme que la France a trois contrats \u00ab sign\u00e9s, au moins trois autres tr\u00e8s avanc\u00e9s et d&rsquo;autres en discussion \u00bb, avec \u00ab en moyenne 30 millions de doses par contrat \u00bb<\/p>\n\n\n\n<p>. La question d&rsquo;un vaccin obligatoire ou pas, qui divise la classe politique, \u00ab se posera quand on conna\u00eetra les propri\u00e9t\u00e9s des vaccins \u00bb, dit-il.<\/p>\n\n\n\n<p>Le porte-parole juge par ailleurs \u00ab int\u00e9ressante \u00bb, \u00ab \u00e0 titre personnel \u00bb, la possibilit\u00e9 de rendre obligatoire l&rsquo;isolement des cas positifs et des cas contacts. \u00ab Beaucoup de nos voisins l&rsquo;ont fait, et j&rsquo;entends des Fran\u00e7ais qui estiment subir des contraintes qui pourraient \u00eatre all\u00e9g\u00e9es si nous concentrons les efforts sur les cha\u00eenes de contamination \u00bb, fait-il valoir.<\/p>\n","protected":false},"excerpt":{"rendered":"<p>Le chef de l&rsquo;\u00c9tat n&rsquo;envisage pas d&rsquo;annoncer une fin du confinement mardi lors de son intervention, dit-il au&nbsp;JDD&nbsp;:&nbsp;\u00ab Aujourd&rsquo;hui, le niveau de circulation du virus dans le pays est le m\u00eame qu&rsquo;au moment du couvre-feu. Il n&rsquo;est pas question de d\u00e9confiner.&nbsp;&nbsp;Rien n&rsquo;est pire que l&rsquo;incertitude et l&rsquo;impression d&rsquo;une morosit\u00e9 sans fin. Il faut de la [&hellip;]<\/p>\n","protected":false},"author":2,"featured_media":17112,"comment_status":"open","ping_status":"open","sticky":false,"template":"","format":"standard","meta":{"_jetpack_memberships_contains_paid_content":false,"footnotes":"","jetpack_publicize_message":"","jetpack_publicize_feature_enabled":true,"jetpack_social_post_already_shared":true,"jetpack_social_options":{"image_generator_settings":{"template":"highway","default_image_id":0,"font":"","enabled":false},"version":2},"_wpas_customize_per_network":false},"categories":[405],"tags":[],"class_list":["post-17110","post","type-post","status-publish","format-standard","has-post-thumbnail","hentry","category-actu-france-monde"],"jetpack_publicize_connections":[],"jetpack_featured_media_url":"https:\/\/i0.wp.com\/www.iceagetv.com\/radiosite\/wp-content\/uploads\/2020\/11\/Emmanuel-Macron-dans-le-JDD.png?fit=876%2C381&ssl=1","jetpack_sharing_enabled":true,"_links":{"self":[{"href":"https:\/\/www.iceagetv.com\/radiosite\/wp-json\/wp\/v2\/posts\/17110","targetHints":{"allow":["GET"]}}],"collection":[{"href":"https:\/\/www.iceagetv.com\/radiosite\/wp-json\/wp\/v2\/posts"}],"about":[{"href":"https:\/\/www.iceagetv.com\/radiosite\/wp-json\/wp\/v2\/types\/post"}],"author":[{"embeddable":true,"href":"https:\/\/www.iceagetv.com\/radiosite\/wp-json\/wp\/v2\/users\/2"}],"replies":[{"embeddable":true,"href":"https:\/\/www.iceagetv.com\/radiosite\/wp-json\/wp\/v2\/comments?post=17110"}],"version-history":[{"count":1,"href":"https:\/\/www.iceagetv.com\/radiosite\/wp-json\/wp\/v2\/posts\/17110\/revisions"}],"predecessor-version":[{"id":17113,"href":"https:\/\/www.iceagetv.com\/radiosite\/wp-json\/wp\/v2\/posts\/17110\/revisions\/17113"}],"wp:featuredmedia":[{"embeddable":true,"href":"https:\/\/www.iceagetv.com\/radiosite\/wp-json\/wp\/v2\/media\/17112"}],"wp:attachment":[{"href":"https:\/\/www.iceagetv.com\/radiosite\/wp-json\/wp\/v2\/media?parent=17110"}],"wp:term":[{"taxonomy":"category","embeddable":true,"href":"https:\/\/www.iceagetv.com\/radiosite\/wp-json\/wp\/v2\/categories?post=17110"},{"taxonomy":"post_tag","embeddable":true,"href":"https:\/\/www.iceagetv.com\/radiosite\/wp-json\/wp\/v2\/tags?post=17110"}],"curies":[{"name":"wp","href":"https:\/\/api.w.org\/{rel}","templated":true}]}}