{"id":17118,"date":"2020-11-22T10:16:09","date_gmt":"2020-11-22T10:16:09","guid":{"rendered":"http:\/\/www.iceagetv.com\/radiosite\/?p=17118"},"modified":"2020-11-22T10:16:09","modified_gmt":"2020-11-22T10:16:09","slug":"la-marque-decathlon-lynchee-sur-les-reseaux-sociaux-apres-lannonce-du-retrait-de-ses-publicites-sur-cnews-les-appels-au-boycott-des-magasins-se-multiplient","status":"publish","type":"post","link":"https:\/\/www.iceagetv.com\/radiosite\/la-marque-decathlon-lynchee-sur-les-reseaux-sociaux-apres-lannonce-du-retrait-de-ses-publicites-sur-cnews-les-appels-au-boycott-des-magasins-se-multiplient\/","title":{"rendered":"La marque Decathlon lynch\u00e9e sur les r\u00e9seaux sociaux apr\u00e8s l&rsquo;annonce du retrait de ses publicit\u00e9s sur CNews &#8211; Les appels au boycott des magasins se multiplient"},"content":{"rendered":"\n<p>L&rsquo;enseigne de sport Decathlon a retir\u00e9 ses publicit\u00e9s de la cha\u00eene de t\u00e9l\u00e9vision CNews, objet de critiques pour ses d\u00e9bats clivants et les interventions d&rsquo;Eric Zemmour, ce qui entra\u00eenait samedi de nombreuses r\u00e9actions sur les r\u00e9seaux sociaux. Selon la branche fran\u00e7aise de Sleeping Giants, collectif citoyen n\u00e9 aux \u00c9tats-Unis qui lutte contre le financement du discours de haine, Decathlon avait d\u00e9cid\u00e9 jeudi de retirer ses publicit\u00e9s parce que \u00ab\u00a0l&rsquo;orientation d\u00e9l\u00e9t\u00e8re de CNews ne peut plus \u00eatre ignor\u00e9e\u00a0\u00bb.<\/p>\n\n\n\n<p>Interpell\u00e9 par des internautes sur ce sujet, l&rsquo;enseigne a confirm\u00e9 vendredi sur Twitter avoir retir\u00e9 ses publicit\u00e9s pour \u00ab\u00a0cette fin d&rsquo;ann\u00e9e\u00a0\u00bb sans en d\u00e9voiler explicitement la raison.<\/p>\n\n\n\n<p>La d\u00e9cision de l&rsquo;enseigne a provoqu\u00e9 samedi la col\u00e8re de certains responsables politiques issus de de l&rsquo;aile droite des R\u00e9publicains et du Rassemblement national, dont certains ont appel\u00e9 au \u00ab\u00a0boycott\u00a0\u00bb de Decathlon. \u00ab\u00a0On se passera donc de leurs le\u00e7ons de petits militants politiques&#8230; et de leurs produits\u00a0\u00bb, a lanc\u00e9 Nicolas Bay, eurod\u00e9put\u00e9 et membre de la direction de RN.<\/p>\n\n\n\n<p>Le mot-cl\u00e9 #BoycottDecathlon \u00e9tait au sommet des tendances sur Twitter samedi.<\/p>\n\n\n\n<p>Plusieurs internautes ont au contraire salu\u00e9 la d\u00e9marche de D\u00e9cathlon. A. Heiligenstein, qui se pr\u00e9sente comme militant \u00e9cologiste et f\u00e9ministe, se moquait des \u00ab\u00a0fachos de Twitter qui d\u00e9barquent avec #BoycottDecathlon en faisant style de faire du sport de haut niveau depuis 20 ans et d&rsquo;avoir des amis sportifs\u00a0\u00bb, ajoutant son propre mot-cl\u00e9: #MerciDecathlon.<\/p>\n","protected":false},"excerpt":{"rendered":"<p>L&rsquo;enseigne de sport Decathlon a retir\u00e9 ses publicit\u00e9s de la cha\u00eene de t\u00e9l\u00e9vision CNews, objet de critiques pour ses d\u00e9bats clivants et les interventions d&rsquo;Eric Zemmour, ce qui entra\u00eenait samedi de nombreuses r\u00e9actions sur les r\u00e9seaux sociaux. Selon la branche fran\u00e7aise de Sleeping Giants, collectif citoyen n\u00e9 aux \u00c9tats-Unis qui lutte contre le financement du [&hellip;]<\/p>\n","protected":false},"author":2,"featured_media":17119,"comment_status":"open","ping_status":"open","sticky":false,"template":"","format":"standard","meta":{"_jetpack_memberships_contains_paid_content":false,"footnotes":"","jetpack_publicize_message":"","jetpack_publicize_feature_enabled":true,"jetpack_social_post_already_shared":true,"jetpack_social_options":{"image_generator_settings":{"template":"highway","default_image_id":0,"font":"","enabled":false},"version":2},"_wpas_customize_per_network":false},"categories":[405],"tags":[],"class_list":["post-17118","post","type-post","status-publish","format-standard","has-post-thumbnail","hentry","category-actu-france-monde"],"jetpack_publicize_connections":[],"jetpack_featured_media_url":"https:\/\/i0.wp.com\/www.iceagetv.com\/radiosite\/wp-content\/uploads\/2020\/11\/La-marque-Decathlon-lynch%C3%A9e-sur-les-r%C3%A9seaux-sociaux-apr%C3%A8s-lannonce-du-retrait-de-ses-publicit%C3%A9s-sur-CNews.png?fit=621%2C268&ssl=1","jetpack_sharing_enabled":true,"_links":{"self":[{"href":"https:\/\/www.iceagetv.com\/radiosite\/wp-json\/wp\/v2\/posts\/17118","targetHints":{"allow":["GET"]}}],"collection":[{"href":"https:\/\/www.iceagetv.com\/radiosite\/wp-json\/wp\/v2\/posts"}],"about":[{"href":"https:\/\/www.iceagetv.com\/radiosite\/wp-json\/wp\/v2\/types\/post"}],"author":[{"embeddable":true,"href":"https:\/\/www.iceagetv.com\/radiosite\/wp-json\/wp\/v2\/users\/2"}],"replies":[{"embeddable":true,"href":"https:\/\/www.iceagetv.com\/radiosite\/wp-json\/wp\/v2\/comments?post=17118"}],"version-history":[{"count":1,"href":"https:\/\/www.iceagetv.com\/radiosite\/wp-json\/wp\/v2\/posts\/17118\/revisions"}],"predecessor-version":[{"id":17120,"href":"https:\/\/www.iceagetv.com\/radiosite\/wp-json\/wp\/v2\/posts\/17118\/revisions\/17120"}],"wp:featuredmedia":[{"embeddable":true,"href":"https:\/\/www.iceagetv.com\/radiosite\/wp-json\/wp\/v2\/media\/17119"}],"wp:attachment":[{"href":"https:\/\/www.iceagetv.com\/radiosite\/wp-json\/wp\/v2\/media?parent=17118"}],"wp:term":[{"taxonomy":"category","embeddable":true,"href":"https:\/\/www.iceagetv.com\/radiosite\/wp-json\/wp\/v2\/categories?post=17118"},{"taxonomy":"post_tag","embeddable":true,"href":"https:\/\/www.iceagetv.com\/radiosite\/wp-json\/wp\/v2\/tags?post=17118"}],"curies":[{"name":"wp","href":"https:\/\/api.w.org\/{rel}","templated":true}]}}