{"id":17141,"date":"2020-11-24T19:27:26","date_gmt":"2020-11-24T19:27:26","guid":{"rendered":"http:\/\/www.iceagetv.com\/radiosite\/?p=17141"},"modified":"2020-11-24T19:27:26","modified_gmt":"2020-11-24T19:27:26","slug":"covid-19-le-confinement-sera-leve-le-15-decembre-mais-un-couvre-feu-sera-mis-en-place-de-21-heures-a-7-heures-si-les-objectifs-sanitaires-sont-atteints","status":"publish","type":"post","link":"https:\/\/www.iceagetv.com\/radiosite\/covid-19-le-confinement-sera-leve-le-15-decembre-mais-un-couvre-feu-sera-mis-en-place-de-21-heures-a-7-heures-si-les-objectifs-sanitaires-sont-atteints\/","title":{"rendered":"Covid-19 : le confinement sera lev\u00e9 le 15 d\u00e9cembre, mais un couvre-feu sera mis en place de 21 heures \u00e0 7 heures, \u00ab\u00a0si les objectifs sanitaires sont atteints\u00a0\u00bb"},"content":{"rendered":"\n<p>Un all\u00e8gement&nbsp;en trois \u00e9tapes<\/p>\n\n\n\n<p>Emmanuel Macron une nouvelle fois face aux Fran\u00e7ais pour parler de la&nbsp;<a href=\"https:\/\/www.francetvinfo.fr\/sante\/maladie\/coronavirus\/\">pand\u00e9mie de Covid-19<\/a>. Le pr\u00e9sident de la R\u00e9publique s&rsquo;exprime, mardi 24&nbsp;novembre, \u00e0 20&nbsp;heures, pour donner&nbsp;<em>\u00ab\u00a0de la coh\u00e9rence, de la clart\u00e9, un cap\u00a0\u00bb<\/em>, pour&nbsp;<em>\u00ab\u00a0savoir ensemble o\u00f9 nous allons et comment y aller\u00a0\u00bb<\/em>,&nbsp;<a href=\"https:\/\/www.francetvinfo.fr\/sante\/maladie\/coronavirus\/deconfinement\/covid-19-emmanuel-macron-veut-donner-un-cap-et-mettre-fin-a-l-incertitude-des-francais_4191353.html\">a-t-il fait savoir au&nbsp;<em>Journal du dimanche<\/em><\/a>.Les annonces du chef de l&rsquo;Etat ne permettront qu&rsquo;un&nbsp;<em>\u00ab\u00a0l\u00e9ger assouplissement au confinement\u00a0\u00bb<\/em>,&nbsp;<a href=\"https:\/\/www.francetvinfo.fr\/sante\/maladie\/coronavirus\/confinement\/direct-covid-19-le-laboratoire-astrazeneca-annonce-que-son-vaccin-est-efficace-a-70_4192243.html\">a d\u00e9j\u00e0 pr\u00e9venu le Premier ministre&nbsp;Jean Castex<\/a>, lundi. Selon nos informations, Emmanuel Macron doit pr\u00e9senter un all\u00e8gement du confinement en trois \u00e9tapes. Suivez son allocution dans notre direct.<\/p>\n\n\n\n<p>&nbsp;<strong>Trois paliers pour all\u00e9ger le confinement.<\/strong>&nbsp;Si le d\u00e9confinement n&rsquo;est pas pour tout de suite, le chef de l&rsquo;Etat pr\u00e9voit&nbsp;<a href=\"https:\/\/www.francetvinfo.fr\/sante\/maladie\/coronavirus\/deconfinement\/commerces-non-essentiels-lieux-de-culte-noel-les-pistes-envisagees-par-emmanuel-macron-avant-son-allocution_4193443.html\">trois \u00e9ch\u00e9ances&nbsp;pour all\u00e9ger le confinement&nbsp;<\/a>: un premier autour du 1er&nbsp;d\u00e9cembre, un autre autour du 18&nbsp;d\u00e9cembre et un troisi\u00e8me en janvier. Le premier concerne&nbsp;la r\u00e9ouverture attendue des commerces dits \u00ab\u00a0non essentiels\u00a0\u00bb, comme les librairies, magasins de v\u00eatements, mais aussi les agences immobili\u00e8res, par exemple.<\/p>\n\n\n\n<p>&nbsp;<strong>Un assouplissement de la r\u00e8gle du 1 heure\/1 kilom\u00e8tre pour les promenades ou les footings&nbsp;?<\/strong>&nbsp;L&rsquo;id\u00e9e est au menu conseil de d\u00e9fense sanitaire, qui se tient mardi \u00e0 l&rsquo;Elys\u00e9e.&nbsp;<em>\u00ab\u00a0On peut faire plusieurs kilom\u00e8tres pour ses courses, pourquoi pas pour une balade en for\u00eat ?\u00a0\u00bb<\/em>, plaide un conseiller. La piste \u00e9voqu\u00e9e consiste \u00e0 \u00e9largir le p\u00e9rim\u00e8tre \u00e0 cinq, voire&nbsp;10&nbsp;kilom\u00e8tres, autour du domicile.<\/p>\n\n\n\n<p>&nbsp;<strong>Les f\u00eates de fin d&rsquo;ann\u00e9e&nbsp;avec toute la famille ?<\/strong>&nbsp;Emmanuel Macron&nbsp;doit faire, toujours selon nos informations, des recommandations pr\u00e9cises sur les vacances, les r\u00e9veillons de No\u00ebl&nbsp;et du Nouvel An. Un ministre \u00e9voque une&nbsp;<em>\u00ab\u00a0forte demande de responsabilisation individuelle\u00a0\u00bb&nbsp;<\/em>car il est&nbsp;<em>\u00ab\u00a0impossible de mettre un policier derri\u00e8re chaque famille\u00a0\u00bb<\/em>.<\/p>\n\n\n\n<p>\u00a0<strong>Les services de r\u00e9animation toujours en tension.\u00a0<\/strong>Lors de sa derni\u00e8re prise de parole, Emmanuel Macron avait fix\u00e9 comme objectif le passage sous la barre des 5\u00a0000 nouvelles contaminations quotidiennes pour commencer \u00e0 all\u00e9ger le confinement.\u00a0<a href=\"https:\/\/www.francetvinfo.fr\/sante\/maladie\/coronavirus\/confinement\/covid-19-sommes-nous-passes-sous-la-barre-des-5000contaminations-par-jour-comme-souhaite-par-emmanuel-macron_4193609.html\">Si les derniers chiffres sont plut\u00f4t bons<\/a>\u00a0(4\u00a0452\u00a0contaminations confirm\u00e9es en 24\u00a0heures lundi), les services de r\u00e9animation demeurent en tension. : Deuxi\u00e8me date \u00e0 retenir, celle du 15 d\u00e9cembre :<em>\u00a0\u00ab\u00a0si les objectifs sanitaires sont atteints\u00a0\u00bb<\/em>, le confinement prendra fin. Un couvre-feu sera alors instaur\u00e9 de 21 heures \u00e0 7 heures, sur l&rsquo;ensemble du territoire. Avec une exception pour les f\u00eates de fin d&rsquo;ann\u00e9e : le couvre-feu ne s&rsquo;appliquera pas le 24 et le 31 d\u00e9cembre. <\/p>\n\n\n\n<p><strong>Le chef de l&rsquo;Etat confirme la mise en place d&rsquo;un calendrier en trois \u00e9tapes. Premi\u00e8re date : samedi 28 novembre, avec un premier all\u00e9gement d<\/strong><strong>es r\u00e8gles du confinement :<\/strong><\/p>\n\n\n\n<p>\u2022 Les promenades seront d\u00e9sormais possibles dans un rayon de 20 kilom\u00e8tres et pour une dur\u00e9e de trois heures.<\/p>\n\n\n\n<p>\u2022 Les activit\u00e9s extrascolaires en plein air seront de nouveau autoris\u00e9es.<\/p>\n\n\n\n<p>\u2022 Les offices religieux seront \u00e0 nouveau permis dans la limite de 30 personnes.<\/p>\n\n\n\n<p>\u2022 Les commerces pourront rouvrir jusqu&rsquo;\u00e0 21 heures.  <strong>La lev\u00e9e du confinement est envisag\u00e9e pour le 15 d\u00e9cembre, annonce Emmanuel Macron.<\/strong>  <strong>Emmanuel Macron annonce la\u00a0r\u00e9ouverture d\u00e8s samedi des petits commerces.<\/strong>  <em>\u00ab\u00a0Le pic de la seconde vague \u00e9pid\u00e9mique est pass\u00e9\u00a0\u00bb<\/em>, assure Emmanuel Macron.  <strong>D\u00e8s samedi,\u00a0<\/strong><em>\u00ab\u00a0<\/em><strong><em>les d\u00e9placements pour motif de promenade seront permis dans un rayon de 20 kilom\u00e8tres et pour trois heures\u00a0\u00bb<\/em>, annonce le pr\u00e9sident de la R\u00e9publique.<\/strong> <\/p>\n\n\n\n<p><\/p>\n","protected":false},"excerpt":{"rendered":"<p>Un all\u00e8gement&nbsp;en trois \u00e9tapes Emmanuel Macron une nouvelle fois face aux Fran\u00e7ais pour parler de la&nbsp;pand\u00e9mie de Covid-19. Le pr\u00e9sident de la R\u00e9publique s&rsquo;exprime, mardi 24&nbsp;novembre, \u00e0 20&nbsp;heures, pour donner&nbsp;\u00ab\u00a0de la coh\u00e9rence, de la clart\u00e9, un cap\u00a0\u00bb, pour&nbsp;\u00ab\u00a0savoir ensemble o\u00f9 nous allons et comment y aller\u00a0\u00bb,&nbsp;a-t-il fait savoir au&nbsp;Journal du dimanche.Les annonces du chef de [&hellip;]<\/p>\n","protected":false},"author":2,"featured_media":17142,"comment_status":"open","ping_status":"open","sticky":false,"template":"","format":"standard","meta":{"_jetpack_memberships_contains_paid_content":false,"footnotes":"","jetpack_publicize_message":"","jetpack_publicize_feature_enabled":true,"jetpack_social_post_already_shared":true,"jetpack_social_options":{"image_generator_settings":{"template":"highway","default_image_id":0,"font":"","enabled":false},"version":2},"_wpas_customize_per_network":false},"categories":[405],"tags":[],"class_list":["post-17141","post","type-post","status-publish","format-standard","has-post-thumbnail","hentry","category-actu-france-monde"],"jetpack_publicize_connections":[],"jetpack_featured_media_url":"https:\/\/i0.wp.com\/www.iceagetv.com\/radiosite\/wp-content\/uploads\/2020\/11\/le-confinement-sera-lev%C3%A9-le-15-d%C3%A9cembre.jpg?fit=550%2C309&ssl=1","jetpack_sharing_enabled":true,"_links":{"self":[{"href":"https:\/\/www.iceagetv.com\/radiosite\/wp-json\/wp\/v2\/posts\/17141","targetHints":{"allow":["GET"]}}],"collection":[{"href":"https:\/\/www.iceagetv.com\/radiosite\/wp-json\/wp\/v2\/posts"}],"about":[{"href":"https:\/\/www.iceagetv.com\/radiosite\/wp-json\/wp\/v2\/types\/post"}],"author":[{"embeddable":true,"href":"https:\/\/www.iceagetv.com\/radiosite\/wp-json\/wp\/v2\/users\/2"}],"replies":[{"embeddable":true,"href":"https:\/\/www.iceagetv.com\/radiosite\/wp-json\/wp\/v2\/comments?post=17141"}],"version-history":[{"count":1,"href":"https:\/\/www.iceagetv.com\/radiosite\/wp-json\/wp\/v2\/posts\/17141\/revisions"}],"predecessor-version":[{"id":17143,"href":"https:\/\/www.iceagetv.com\/radiosite\/wp-json\/wp\/v2\/posts\/17141\/revisions\/17143"}],"wp:featuredmedia":[{"embeddable":true,"href":"https:\/\/www.iceagetv.com\/radiosite\/wp-json\/wp\/v2\/media\/17142"}],"wp:attachment":[{"href":"https:\/\/www.iceagetv.com\/radiosite\/wp-json\/wp\/v2\/media?parent=17141"}],"wp:term":[{"taxonomy":"category","embeddable":true,"href":"https:\/\/www.iceagetv.com\/radiosite\/wp-json\/wp\/v2\/categories?post=17141"},{"taxonomy":"post_tag","embeddable":true,"href":"https:\/\/www.iceagetv.com\/radiosite\/wp-json\/wp\/v2\/tags?post=17141"}],"curies":[{"name":"wp","href":"https:\/\/api.w.org\/{rel}","templated":true}]}}