{"id":17161,"date":"2020-11-26T10:50:41","date_gmt":"2020-11-26T10:50:41","guid":{"rendered":"http:\/\/www.iceagetv.com\/radiosite\/?p=17161"},"modified":"2020-11-26T10:50:41","modified_gmt":"2020-11-26T10:50:41","slug":"confinement-assoupli-des-aides-pour-les-extras-saisonniers-et-intermittents","status":"publish","type":"post","link":"https:\/\/www.iceagetv.com\/radiosite\/confinement-assoupli-des-aides-pour-les-extras-saisonniers-et-intermittents\/","title":{"rendered":"Confinement assoupli : des aides pour les extras, saisonniers et intermittents"},"content":{"rendered":"\n<h2 class=\"wp-block-heading\">Le Premier ministre d\u00e9taille ce jeudi lors d&rsquo;une conf\u00e9rence de presse les mesures d&rsquo;all\u00e9gement du confinement annonc\u00e9es mardi soir par Emmanuel Macron&nbsp;<\/h2>\n\n\n\n<p>Si le cadre du d\u00e9confinement a \u00e9t\u00e9&nbsp;<a href=\"https:\/\/www.lexpress.fr\/actualite\/sciences\/covid-19-le-calendrier-de-macron-pour-eviter-la-troisieme-vague-est-il-tenable_2139413.html\">pos\u00e9 par Emmanuel Macron mardi soir<\/a>, les interrogations restent nombreuses et plusieurs secteurs sont toujours dans l&rsquo;attente de directives. Pour assurer ce service apr\u00e8s-vente, Jean Castex est entour\u00e9 de quatre membres du gouvernement : Olivier V\u00e9ran (Sant\u00e9), Elisabeth Borne (Travail), Roselyne Bachelot (Culture) et Alain Griset (PME).&nbsp;<\/p>\n\n\n\n<p>Les grandes lignes du plan de l&rsquo;ex\u00e9cutif sont connues. Le desserrement se fera&nbsp;<a href=\"https:\/\/www.lexpress.fr\/actualite\/politique\/28-novembre-15-decembre-20-janvier-les-trois-dates-a-retenir-du-discours-macron_2139361.html\">en trois \u00e9tapes<\/a>. Apr\u00e8s des semaines de pol\u00e9mique, les petits commerces pourront rouvrir d\u00e8s samedi avec un protocole sanitaire renforc\u00e9. Les offices dans les lieux de culte seront de nouveau permis et il sera possible de se d\u00e9placer, avec une attestation, dans un rayon de 20 km autour de son domicile, pendant trois heures. Le Premier ministre \u00ab\u00a0reviendra sur cette r\u00e8gle des 20 km et 3 heures pour rappeler que cela ne signifie pas qu&rsquo;il faut aller chez les uns ou les autres\u00a0\u00bb et multiplier les interactions.&nbsp;<\/p>\n\n\n\n<p>\u00c0 condition que la situation sanitaire continue \u00e0 s&rsquo;am\u00e9liorer, les salles de cin\u00e9ma, les th\u00e9\u00e2tres et les mus\u00e9es pourront rouvrir \u00e0 leur tour le 15 d\u00e9cembre lorsqu&rsquo;un couvre-feu national nocturne remplacera le confinement en vigueur depuis le 29 octobre. Enfin, \u00e0 partir du 20 janvier, apr\u00e8s des f\u00eates de fin d&rsquo;ann\u00e9e plac\u00e9es sous haute surveillance,\u00a0<a href=\"https:\/\/lexpansion.lexpress.fr\/actualite-economique\/toujours-fermes-mais-soutenus-les-restaurateurs-tres-mitiges-apres-les-annonces-de-macron_2139391.html\">les restaurants &#8211; mais pas les bars &#8211;<\/a>\u00a0pourront accueillir \u00e0 nouveau des clients, si les chiffres continuent de baisser.\u00a0<\/p>\n\n\n\n<p>Une garantie de ressource de 900 euros pour les intermittents et les saisonniers<\/p>\n\n\n\n<p>Comme l&rsquo;avait annonc\u00e9 Emmanuel Macron, les \u00e9tablissements ferm\u00e9s administrativement seront aid\u00e9s \u00e0 hauteur de 20% de leur chiffre d&rsquo;affaires r\u00e9alis\u00e9 sur la m\u00eame p\u00e9riode en 2019. \u00ab\u00a0Nous allons \u00e9galement renforcer l&rsquo;aide que nous proposons aux saisonniers ou intermittents\u00a0\u00bb, annonce Jean Castex. \u00ab\u00a0Nous allons leur assurer une garantie de ressource de 900 euros par mois jusqu&rsquo;en f\u00e9vrier\u00a0\u00bb, poursuit le Premier ministre. \u00a0<\/p>\n\n\n\n<p>Le couvre-feu lev\u00e9 le 24 et 31 d\u00e9cembre<\/p>\n\n\n\n<p>Le couvre-feu en vigueur de 21h \u00e0 7h \u00e0 partir du 15 d\u00e9cembre sera lev\u00e9 les 24 et 31 d\u00e9cembre. \u00ab\u00a0Cela ne veut pas dire que nous pourrons f\u00eater No\u00ebl comme les ann\u00e9es pr\u00e9c\u00e9dentes. Il est imp\u00e9ratif que vous limitiez le nombre de personnes \u00e0 table\u00a0\u00bb, pr\u00e9vient Jean Castex. \u00ab\u00a0Nous pr\u00e9ciserons avant les f\u00eates les recommandations concr\u00e8tes\u00a0\u00bb, pr\u00e9cise le Premier ministre.\u00a0<\/p>\n\n\n\n<p><br>Les stations de ski ne rouvriront pas lors des f\u00eates de No\u00ebl<\/p>\n\n\n\n<p>Les stations de ski ne rouvriront pas lors des f\u00eates de No\u00ebl. \u00ab\u00a0Nous avons estim\u00e9 que la situation \u00e9pid\u00e9miologique dans les r\u00e9gions concern\u00e9es ne permettait pas une ouverture des stations de ski \u00e0 No\u00ebl. Il ne serait pas prudent de laisser se rassembler des flux tr\u00e8s importants de population\u00a0\u00bb, souligne Jean Castex. Les pertes de recette seront indemnis\u00e9es, annonce le Premier ministre. \u00a0<\/p>\n\n\n\n<p>Tol\u00e9rance pour les personnes qui sortent d&rsquo;une s\u00e9ance de cin\u00e9ma apr\u00e8s le couvre-feu<\/p>\n\n\n\n<p>Roselyne Bachelot prend la parole pour d\u00e9tailler les mesures concernant la culture. Le 15 d\u00e9cembre, si la situation sanitaire le permet, les salles de th\u00e9\u00e2tre et les cin\u00e9mas pourront rouvrir. \u00ab\u00a0Cette r\u00e9ouverture sera fera avec certaines pr\u00e9cautions d\u00e9cid\u00e9es avec les professionnels. Les m\u00eames r\u00e8gles de distanciation physique par groupe de six, le port du masque pendant l&rsquo;int\u00e9gralit\u00e9 de la s\u00e9ance\u00a0\u00bb, d\u00e9taille la ministre de la Culture. Une tol\u00e9rance sera accord\u00e9e pour les personnes qui sortent d&rsquo;une s\u00e9ance de cin\u00e9ma apr\u00e8s le couvre-feu en place de 21h \u00e0 7h. \u00a0<\/p>\n\n\n\n<p>Tol\u00e9rance pour les personnes qui sortent d&rsquo;une s\u00e9ance de cin\u00e9ma apr\u00e8s le couvre-feu<\/p>\n\n\n\n<p>Roselyne Bachelot prend la parole pour d\u00e9tailler les mesures concernant la culture. Le 15 d\u00e9cembre, si la situation sanitaire le permet, les salles de th\u00e9\u00e2tre et les cin\u00e9mas pourront rouvrir. \u00ab\u00a0Cette r\u00e9ouverture sera fera avec certaines pr\u00e9cautions d\u00e9cid\u00e9es avec les professionnels. Les m\u00eames r\u00e8gles de distanciation physique par groupe de six, le port du masque pendant l&rsquo;int\u00e9gralit\u00e9 de la s\u00e9ance\u00a0\u00bb, d\u00e9taille la ministre de la Culture. Une tol\u00e9rance sera accord\u00e9e pour les personnes qui sortent d&rsquo;une s\u00e9ance de cin\u00e9ma apr\u00e8s le couvre-feu en place de 21h \u00e0 7h. \u00a0<\/p>\n\n\n\n<p><br>La limite de d\u00e9placement des 1km\/une heure va passer \u00e0 20km\/3 heures le 28 novembre<\/p>\n\n\n\n<p>La limite des 1km\/une heure va passer \u00e0 20km\/3 heures le 28 novembre. \u00ab\u00a0Elle ne vise pas \u00e0 permettre des visites \u00e0 des amis ou \u00e0 la famille\u00a0\u00bb, pr\u00e9vient Jean Castex. \u00ab\u00a0Vous pourrez courir dans l&rsquo;espace public ou pratiquer votre sport individuel comme le tennis, l&rsquo;\u00e9quitation, l&rsquo;athl\u00e9tisme ou le golf\u00a0\u00bb, \u00e9num\u00e8re-t-il. Le chasse et la p\u00eache seront \u00e9galement autoris\u00e9es.&nbsp;<\/p>\n\n\n\n<p><br>Les bars et les restaurants resteront ferm\u00e9s jusqu&rsquo;au 20 janvier<\/p>\n\n\n\n<p>Jean Castex confirme la fermeture des bars et des restaurants jusqu&rsquo;au 20 janvier, qui sont \u00ab\u00a0lieux de contamination virale \u00e9lev\u00e9e\u00a0\u00bb. Il va nommer \u00ab\u00a0une personnalit\u00e9 qualifi\u00e9e pour pr\u00e9parer ce grand chantier en lien \u00e9troit avec les professionnels\u00a0\u00bb.\u00a0<\/p>\n\n\n\n<p>D\u00e8s le 28 novembre, les auto-\u00e9coles vont pouvoir reprendre la pratique<\/p>\n\n\n\n<p>Les cours pratiques en auto-\u00e9cole vont pouvoir reprendre en respectant le protocole sanitaire qui avait \u00e9t\u00e9 mis en place avant le confinement. En revanche, la pr\u00e9paration des \u00e9preuves th\u00e9oriques devront toujours se faire \u00e0 distance. La reprise des visites immobili\u00e8res sera \u00e9galement autoris\u00e9e.&nbsp;<\/p>\n\n\n\n<p><\/p>\n\n\n\n<p><\/p>\n\n\n\n<p><\/p>\n\n\n\n<p><\/p>\n\n\n\n<p><\/p>\n\n\n\n<p><\/p>\n","protected":false},"excerpt":{"rendered":"<p>Le Premier ministre d\u00e9taille ce jeudi lors d&rsquo;une conf\u00e9rence de presse les mesures d&rsquo;all\u00e9gement du confinement annonc\u00e9es mardi soir par Emmanuel Macron&nbsp; Si le cadre du d\u00e9confinement a \u00e9t\u00e9&nbsp;pos\u00e9 par Emmanuel Macron mardi soir, les interrogations restent nombreuses et plusieurs secteurs sont toujours dans l&rsquo;attente de directives. Pour assurer ce service apr\u00e8s-vente, Jean Castex est [&hellip;]<\/p>\n","protected":false},"author":2,"featured_media":17162,"comment_status":"open","ping_status":"open","sticky":false,"template":"","format":"standard","meta":{"_jetpack_memberships_contains_paid_content":false,"footnotes":"","jetpack_publicize_message":"","jetpack_publicize_feature_enabled":true,"jetpack_social_post_already_shared":true,"jetpack_social_options":{"image_generator_settings":{"template":"highway","default_image_id":0,"font":"","enabled":false},"version":2},"_wpas_customize_per_network":false},"categories":[405],"tags":[],"class_list":["post-17161","post","type-post","status-publish","format-standard","has-post-thumbnail","hentry","category-actu-france-monde"],"jetpack_publicize_connections":[],"jetpack_featured_media_url":"https:\/\/i0.wp.com\/www.iceagetv.com\/radiosite\/wp-content\/uploads\/2020\/11\/Le-Premier-ministre-d%C3%A9taille-ce-jeudi-lors-dune-conf%C3%A9rence-de-presse-les-mesures-dall%C3%A9gement-du-confinement-annonc%C3%A9es-mardi-soir-par-Emmanuel-Macron.jpg?fit=2000%2C1125&ssl=1","jetpack_sharing_enabled":true,"_links":{"self":[{"href":"https:\/\/www.iceagetv.com\/radiosite\/wp-json\/wp\/v2\/posts\/17161","targetHints":{"allow":["GET"]}}],"collection":[{"href":"https:\/\/www.iceagetv.com\/radiosite\/wp-json\/wp\/v2\/posts"}],"about":[{"href":"https:\/\/www.iceagetv.com\/radiosite\/wp-json\/wp\/v2\/types\/post"}],"author":[{"embeddable":true,"href":"https:\/\/www.iceagetv.com\/radiosite\/wp-json\/wp\/v2\/users\/2"}],"replies":[{"embeddable":true,"href":"https:\/\/www.iceagetv.com\/radiosite\/wp-json\/wp\/v2\/comments?post=17161"}],"version-history":[{"count":1,"href":"https:\/\/www.iceagetv.com\/radiosite\/wp-json\/wp\/v2\/posts\/17161\/revisions"}],"predecessor-version":[{"id":17163,"href":"https:\/\/www.iceagetv.com\/radiosite\/wp-json\/wp\/v2\/posts\/17161\/revisions\/17163"}],"wp:featuredmedia":[{"embeddable":true,"href":"https:\/\/www.iceagetv.com\/radiosite\/wp-json\/wp\/v2\/media\/17162"}],"wp:attachment":[{"href":"https:\/\/www.iceagetv.com\/radiosite\/wp-json\/wp\/v2\/media?parent=17161"}],"wp:term":[{"taxonomy":"category","embeddable":true,"href":"https:\/\/www.iceagetv.com\/radiosite\/wp-json\/wp\/v2\/categories?post=17161"},{"taxonomy":"post_tag","embeddable":true,"href":"https:\/\/www.iceagetv.com\/radiosite\/wp-json\/wp\/v2\/tags?post=17161"}],"curies":[{"name":"wp","href":"https:\/\/api.w.org\/{rel}","templated":true}]}}