{"id":17167,"date":"2020-11-26T17:30:23","date_gmt":"2020-11-26T17:30:23","guid":{"rendered":"http:\/\/www.iceagetv.com\/radiosite\/?p=17167"},"modified":"2020-11-26T17:30:23","modified_gmt":"2020-11-26T17:30:23","slug":"dans-les-stations-de-ski-privees-de-remontees-mecaniques-lheure-est-a-lincomprehension","status":"publish","type":"post","link":"https:\/\/www.iceagetv.com\/radiosite\/dans-les-stations-de-ski-privees-de-remontees-mecaniques-lheure-est-a-lincomprehension\/","title":{"rendered":"Dans les stations de ski priv\u00e9es de remont\u00e9es m\u00e9caniques, l\u2019heure est \u00e0 l\u2019incompr\u00e9hension"},"content":{"rendered":"\n<p>Pour les professionnels du secteur de la montagne, maintenir ferm\u00e9es les remont\u00e9es m\u00e9caniques pour les vacances de No\u00ebl est une aberration. No\u00ebl ne ressemblera \u00e0 aucun autre, c\u2019est certain, et en particulier dans les stations de ski. Celles-ci se disaient pourtant pr\u00eates \u00e0 rouvrir, avec un protocole sanitaire renforc\u00e9 par le d\u00e9ploiement de tests antig\u00e9niques, et attendaient de pied ferme de pouvoir accueillir des vacanciers en cette fin d\u2019ann\u00e9e. Ce jeudi 26 novembre, Jean Castex a annonc\u00e9 que<a href=\"https:\/\/www.lci.fr\/societe\/allegement-du-confinement-covid-19-vacances-de-noel-les-remontees-mecaniques-fermees-mais-les-stations-de-ski-ouvertes-2171151.html\">\u00a0les stations de sport d\u2019hiver pourraient rouvrir,<\/a>\u00a0rectifiant ainsi les propos d\u2019Emmanuel Macron deux jours plus t\u00f4t, mais pas les remont\u00e9es m\u00e9caniques ni les autres \u00e9quipements collectifs, les privant ainsi de leurs principales recettes. Et puisque les restaurants seront toujours ferm\u00e9s, et ce jusqu\u2019au 20 janvier au moins, les Fran\u00e7ais devront se contenter de\u00a0<em>\u00ab\u00a0l\u2019air pur de nos belles montagnes\u00a0\u00bb,<\/em>\u00a0selon les dires du Premier ministre, et des commerces qui seront eux bien ouverts au public. <\/p>\n\n\n\n<p>Pour le secteur, qui enregistre environ 13% de sa fr\u00e9quentation \u00e0 No\u00ebl, c\u2019est la douche froide.&nbsp;<em>\u00ab\u00a0Tout notre travail a \u00e9t\u00e9 balay\u00e9 d\u2019un revers de main\u00a0\u00bb,&nbsp;<\/em>a d\u00e9plor\u00e9 \u00e0 l\u2019AFP Alexandre Maulin, pr\u00e9sident de Domaines skiables de France, apr\u00e8s les d\u00e9tails fournis par Jean Castex.&nbsp;<em>\u00ab\u00a0C\u2019est une aberration car c\u2019est une activit\u00e9 de plein air !\u00a0\u00bb<\/em>&nbsp;L\u2019argument principal du gouvernement est qu\u2019<em>\u00ab\u00a0il ne serait pas prudent de laisser se rassembler des flux diff\u00e9rents\u00a0\u00bb dans les stations, compte tenu de \u00ab\u00a0la situation \u00e9pid\u00e9mique et des h\u00f4pitaux dans les r\u00e9gions concern\u00e9es\u00a0\u00bb.&nbsp;<\/em>Une tribune des \u00e9lus et professionnels du secteur a \u00e9t\u00e9 chang\u00e9e en p\u00e9tition apr\u00e8s les pr\u00e9cisions de Jean Castex.&nbsp;<a href=\"https:\/\/www.change.org\/p\/professionnels-du-ski-cet-hiver-je-skie-eb2eafe1-7117-41f5-9294-40250a429505\" target=\"_blank\" rel=\"noreferrer noopener\">Intitul\u00e9e<em>&nbsp;\u00ab\u00a0cet hiver, je skie !\u00a0\u00bb<\/em>,<\/a>&nbsp;elle r\u00e9coltait ce jeudi soir plus de 2 000 signatures.&nbsp;<\/p>\n\n\n\n<p>Les professionnels du ski y expriment leur incompr\u00e9hension de ne pas avoir \u00e9t\u00e9 pr\u00e9venus par le chef du gouvernement, qui les a rencontr\u00e9s le 23 novembre dernier, et disent leur motivation d&rsquo;ouvrir \u00e0 cette p\u00e9riode&nbsp;<em>\u00ab\u00a0parce que les vacances de No\u00ebl repr\u00e9sentent entre 20% et 25% des recettes d\u2019une saison qui ne se d\u00e9roule que sur \u00e0 peine plus de quatre mois dans l\u2019ann\u00e9e pour la tr\u00e8s grande majorit\u00e9 des sites et donc pour laquelle chaque semaine compte\u00a0\u00bb. \u00ab\u00a0Il faut nous dire clairement qu\u2019on veut tuer les stations !\u00a0\u00bb,<\/em>&nbsp;a r\u00e9agi aupr\u00e8s de l\u2019AFP Jean-Luc Boch, pr\u00e9sident de l\u2019Association des maires de stations de montagne et de France Montagnes, pour qui une d\u00e9cision pareille est&nbsp;<em>\u00ab\u00a0totalement incompr\u00e9hensible\u00a0\u00bb<\/em>. Ce dernier a d\u2019ailleurs demand\u00e9 un rendez-vous au Premier ministre la semaine prochaine :&nbsp;<em>\u00ab\u00a0On va arr\u00eater de se faire massacrer en se taisant. On ne va rien l\u00e2cher !\u00a0\u00bb&nbsp;<\/em><\/p>\n\n\n\n<p><\/p>\n","protected":false},"excerpt":{"rendered":"<p>Pour les professionnels du secteur de la montagne, maintenir ferm\u00e9es les remont\u00e9es m\u00e9caniques pour les vacances de No\u00ebl est une aberration. No\u00ebl ne ressemblera \u00e0 aucun autre, c\u2019est certain, et en particulier dans les stations de ski. Celles-ci se disaient pourtant pr\u00eates \u00e0 rouvrir, avec un protocole sanitaire renforc\u00e9 par le d\u00e9ploiement de tests antig\u00e9niques, [&hellip;]<\/p>\n","protected":false},"author":2,"featured_media":17168,"comment_status":"open","ping_status":"open","sticky":false,"template":"","format":"standard","meta":{"_jetpack_memberships_contains_paid_content":false,"footnotes":"","jetpack_publicize_message":"","jetpack_publicize_feature_enabled":true,"jetpack_social_post_already_shared":true,"jetpack_social_options":{"image_generator_settings":{"template":"highway","default_image_id":0,"font":"","enabled":false},"version":2},"_wpas_customize_per_network":false},"categories":[405],"tags":[],"class_list":["post-17167","post","type-post","status-publish","format-standard","has-post-thumbnail","hentry","category-actu-france-monde"],"jetpack_publicize_connections":[],"jetpack_featured_media_url":"https:\/\/i0.wp.com\/www.iceagetv.com\/radiosite\/wp-content\/uploads\/2020\/11\/Dans-les-stations-de-ski.jpg?fit=680%2C383&ssl=1","jetpack_sharing_enabled":true,"_links":{"self":[{"href":"https:\/\/www.iceagetv.com\/radiosite\/wp-json\/wp\/v2\/posts\/17167","targetHints":{"allow":["GET"]}}],"collection":[{"href":"https:\/\/www.iceagetv.com\/radiosite\/wp-json\/wp\/v2\/posts"}],"about":[{"href":"https:\/\/www.iceagetv.com\/radiosite\/wp-json\/wp\/v2\/types\/post"}],"author":[{"embeddable":true,"href":"https:\/\/www.iceagetv.com\/radiosite\/wp-json\/wp\/v2\/users\/2"}],"replies":[{"embeddable":true,"href":"https:\/\/www.iceagetv.com\/radiosite\/wp-json\/wp\/v2\/comments?post=17167"}],"version-history":[{"count":1,"href":"https:\/\/www.iceagetv.com\/radiosite\/wp-json\/wp\/v2\/posts\/17167\/revisions"}],"predecessor-version":[{"id":17169,"href":"https:\/\/www.iceagetv.com\/radiosite\/wp-json\/wp\/v2\/posts\/17167\/revisions\/17169"}],"wp:featuredmedia":[{"embeddable":true,"href":"https:\/\/www.iceagetv.com\/radiosite\/wp-json\/wp\/v2\/media\/17168"}],"wp:attachment":[{"href":"https:\/\/www.iceagetv.com\/radiosite\/wp-json\/wp\/v2\/media?parent=17167"}],"wp:term":[{"taxonomy":"category","embeddable":true,"href":"https:\/\/www.iceagetv.com\/radiosite\/wp-json\/wp\/v2\/categories?post=17167"},{"taxonomy":"post_tag","embeddable":true,"href":"https:\/\/www.iceagetv.com\/radiosite\/wp-json\/wp\/v2\/tags?post=17167"}],"curies":[{"name":"wp","href":"https:\/\/api.w.org\/{rel}","templated":true}]}}