{"id":17170,"date":"2020-11-26T19:46:16","date_gmt":"2020-11-26T19:46:16","guid":{"rendered":"http:\/\/www.iceagetv.com\/radiosite\/?p=17170"},"modified":"2020-11-26T19:46:16","modified_gmt":"2020-11-26T19:46:16","slug":"le-cercueil-de-diego-maradona-evacue-de-la-casa-rosada-apres-des-incidents-et-des-bousculades-qui-ont-fait-ce-soir-plusieurs-blesses","status":"publish","type":"post","link":"https:\/\/www.iceagetv.com\/radiosite\/le-cercueil-de-diego-maradona-evacue-de-la-casa-rosada-apres-des-incidents-et-des-bousculades-qui-ont-fait-ce-soir-plusieurs-blesses\/","title":{"rendered":"Le cercueil de Diego Maradona \u00e9vacu\u00e9 de la Casa Rosada apr\u00e8s des incidents et des bousculades qui ont fait ce soir plusieurs bless\u00e9s"},"content":{"rendered":"\n<p>D&rsquo;apr\u00e8s l&rsquo;AFP, des incidents ont eu lieu \u00e0 Buenos Aires, pendant la veill\u00e9e fun\u00e8bre en l&rsquo;honneur de Diego Maradona. Des tensions ont lieu entre les aficionados du footballeur l\u00e9gendaire et la police, qui a r\u00e9pondu par des gaz lacrymog\u00e8nes, pr\u00e9cise le m\u00e9dia espagnol El Pa\u00eds, qui a \u00e9galement diffus\u00e9 des images. Le cercueil a \u00e9t\u00e9 retir\u00e9, \u00e0 la Casa Rosada, pour des questions de s\u00e9curit\u00e9, alors que des personnes tentaient d&rsquo;escalader la cl\u00f4ture. Toujours d&rsquo;apr\u00e8s le quotidien sportif, il y a eu des dizaines de bless\u00e9s et des personnes souffrant de crises d&rsquo;angoisse.<\/p>\n\n\n\n<p>L&rsquo;avocat de Diego Maradona a d\u00e9nonc\u00e9 jeudi \u00ab\u00a0l&rsquo;idiotie criminelle\u00a0\u00bb des ambulanciers arriv\u00e9s selon lui trop tard au domicile de l&rsquo;ancien footballeur, mort hier d&rsquo;un arr\u00eat cardiaque.<\/p>\n\n\n\n<p>\u00ab\u00a0Il est inexplicable que pendant douze heures mon ami n&rsquo;ait fait l&rsquo;objet d&rsquo;aucune attention ni d&rsquo;aucun contr\u00f4le de la part des personnels de sant\u00e9 (&#8230;)&nbsp;<strong>L&rsquo;ambulance a mis plus d&rsquo;une demi-heure pour arriver, ce qui a \u00e9t\u00e9 une idiotie criminelle<\/strong>\u00ab\u00a0, a d\u00e9clar\u00e9 Matias Morla dans un communiqu\u00e9.<\/p>\n\n\n\n<p>\u00ab\u00a0Ce fait ne peut pas \u00eatre pass\u00e9 sous silence et je vais demander qu&rsquo;une enqu\u00eate soit men\u00e9e, jusqu&rsquo;\u00e0 ses ultimes cons\u00e9quences\u00a0\u00bb, a-t-il ajout\u00e9. Maradona est mort d&rsquo;une \u00ab\u00a0insuffisance cardiaque aigu\u00eb\u00a0\u00bb mercredi, \u00e0 60 ans, \u00e0 son domicile dans le quartier du Tigre, dans la p\u00e9riph\u00e9rie nord de Buenos Aires.<\/p>\n\n\n\n<p>L\u00e9gende du football, l&rsquo;Argentin Diego Maradona est mort mercredi \u00e0 60 ans, laissant le monde du sport en deuil devant la disparition d&rsquo;un des joueurs les plus charismatiques et les plus controvers\u00e9s de l&rsquo;histoire.<\/p>\n\n\n\n<p>Le \u00ab\u00a0Pibe de Oro\u00a0\u00bb (\u00ab\u00a0gamin en or\u00a0\u00bb), l&rsquo;auteur de la \u00ab\u00a0Main de Dieu\u00a0\u00bb, Diego Armando Maradona est d\u00e9c\u00e9d\u00e9 des suites d&rsquo;un arr\u00eat cardiaque en Argentine, selon son porte-parole Sebastian Sanchi. L&rsquo;Argentine a imm\u00e9diatement d\u00e9cr\u00e9t\u00e9 trois jours de deuil national dans le pays qui perd l&rsquo;une de ses personnalit\u00e9s les plus adul\u00e9es.<\/p>\n\n\n\n<p><\/p>\n","protected":false},"excerpt":{"rendered":"<p>D&rsquo;apr\u00e8s l&rsquo;AFP, des incidents ont eu lieu \u00e0 Buenos Aires, pendant la veill\u00e9e fun\u00e8bre en l&rsquo;honneur de Diego Maradona. Des tensions ont lieu entre les aficionados du footballeur l\u00e9gendaire et la police, qui a r\u00e9pondu par des gaz lacrymog\u00e8nes, pr\u00e9cise le m\u00e9dia espagnol El Pa\u00eds, qui a \u00e9galement diffus\u00e9 des images. Le cercueil a \u00e9t\u00e9 [&hellip;]<\/p>\n","protected":false},"author":2,"featured_media":17171,"comment_status":"open","ping_status":"open","sticky":false,"template":"","format":"standard","meta":{"_jetpack_memberships_contains_paid_content":false,"footnotes":"","jetpack_publicize_message":"","jetpack_publicize_feature_enabled":true,"jetpack_social_post_already_shared":true,"jetpack_social_options":{"image_generator_settings":{"template":"highway","default_image_id":0,"font":"","enabled":false},"version":2},"_wpas_customize_per_network":false},"categories":[18],"tags":[],"class_list":["post-17170","post","type-post","status-publish","format-standard","has-post-thumbnail","hentry","category-actu-sport"],"jetpack_publicize_connections":[],"jetpack_featured_media_url":"https:\/\/i0.wp.com\/www.iceagetv.com\/radiosite\/wp-content\/uploads\/2020\/11\/Le-cercueil-de-Diego-Maradona-%C3%A9vacu%C3%A9-de-la-Casa-Rosada-apr%C3%A8s-des-incidents-et-des-bousculades.png?fit=615%2C261&ssl=1","jetpack_sharing_enabled":true,"_links":{"self":[{"href":"https:\/\/www.iceagetv.com\/radiosite\/wp-json\/wp\/v2\/posts\/17170","targetHints":{"allow":["GET"]}}],"collection":[{"href":"https:\/\/www.iceagetv.com\/radiosite\/wp-json\/wp\/v2\/posts"}],"about":[{"href":"https:\/\/www.iceagetv.com\/radiosite\/wp-json\/wp\/v2\/types\/post"}],"author":[{"embeddable":true,"href":"https:\/\/www.iceagetv.com\/radiosite\/wp-json\/wp\/v2\/users\/2"}],"replies":[{"embeddable":true,"href":"https:\/\/www.iceagetv.com\/radiosite\/wp-json\/wp\/v2\/comments?post=17170"}],"version-history":[{"count":1,"href":"https:\/\/www.iceagetv.com\/radiosite\/wp-json\/wp\/v2\/posts\/17170\/revisions"}],"predecessor-version":[{"id":17172,"href":"https:\/\/www.iceagetv.com\/radiosite\/wp-json\/wp\/v2\/posts\/17170\/revisions\/17172"}],"wp:featuredmedia":[{"embeddable":true,"href":"https:\/\/www.iceagetv.com\/radiosite\/wp-json\/wp\/v2\/media\/17171"}],"wp:attachment":[{"href":"https:\/\/www.iceagetv.com\/radiosite\/wp-json\/wp\/v2\/media?parent=17170"}],"wp:term":[{"taxonomy":"category","embeddable":true,"href":"https:\/\/www.iceagetv.com\/radiosite\/wp-json\/wp\/v2\/categories?post=17170"},{"taxonomy":"post_tag","embeddable":true,"href":"https:\/\/www.iceagetv.com\/radiosite\/wp-json\/wp\/v2\/tags?post=17170"}],"curies":[{"name":"wp","href":"https:\/\/api.w.org\/{rel}","templated":true}]}}