{"id":17180,"date":"2020-11-27T12:52:49","date_gmt":"2020-11-27T12:52:49","guid":{"rendered":"http:\/\/www.iceagetv.com\/radiosite\/?p=17180"},"modified":"2020-11-27T12:52:49","modified_gmt":"2020-11-27T12:52:49","slug":"les-deputes-de-lopposition-denoncent-le-mepris-du-gouvernement-apres-lannonce-dune-commission-pour-reecrire-larticle-24-de-la-loi-securite-globale","status":"publish","type":"post","link":"https:\/\/www.iceagetv.com\/radiosite\/les-deputes-de-lopposition-denoncent-le-mepris-du-gouvernement-apres-lannonce-dune-commission-pour-reecrire-larticle-24-de-la-loi-securite-globale\/","title":{"rendered":"Les d\u00e9put\u00e9s de l&rsquo;opposition d\u00e9noncent le \u00ab\u00a0m\u00e9pris\u00a0\u00bb du gouvernement apr\u00e8s l&rsquo;annonce d&rsquo;une commission pour r\u00e9\u00e9crire l&rsquo;article 24 de la loi \u00ab\u00a0S\u00e9curit\u00e9 globale\u00a0\u00bb"},"content":{"rendered":"\n<p>Parlementaires de gauche, droite et extr\u00eame droite d\u00e9noncent vendredi une nouvelle marque de \u00ab\u00a0m\u00e9pris\u00a0\u00bb pour leur travail de la part du gouvernement, au lendemain de l&rsquo;annonce d&rsquo;une commission pour r\u00e9\u00e9crire l&rsquo;article 24 de la loi \u00ab\u00a0S\u00e9curit\u00e9 globale\u00a0\u00bb.<\/p>\n\n\n\n<p>Face au toll\u00e9 provoqu\u00e9 par cet article qui encadre la diffusion d&rsquo;images de policiers, le Premier ministre Jean Castex a annonc\u00e9 jeudi la cr\u00e9ation d&rsquo;une \u00ab\u00a0commission ind\u00e9pendante charg\u00e9e de proposer une nouvelle \u00e9criture\u00a0\u00bb. Mais l&rsquo;initiative a provoqu\u00e9 l'\u00a0\u00bbopposition\u00a0\u00bb du pr\u00e9sident de l&rsquo;Assembl\u00e9e nationale Richard Ferrand (LREM) et \u00ab\u00a0l&rsquo;\u00e9tonnement\u00a0\u00bb de Christophe Castaner, patron du groupe LREM \u00e0 l&rsquo;Assembl\u00e9e ainsi que de nombreux d\u00e9put\u00e9s de la majorit\u00e9. L&rsquo;opposition est aussi tr\u00e8s critique.<\/p>\n\n\n\n<p>A droite, le patron des s\u00e9nateurs LR Bruno Retailleau a estim\u00e9 sur Twitter que \u00ab\u00a0d\u00e9signer un comit\u00e9 Th\u00e9odule pour r\u00e9\u00e9crire un article de loi en plein examen est une absurdit\u00e9 constitutionnelle et une faute politique\u00a0\u00bb. \u00ab\u00a0Dans le genre m\u00e9pris du Parlement, \u00e7a commence \u00e0 faire beaucoup&#8230;\u00a0\u00bb Le d\u00e9put\u00e9 LR Guillaume Larriv\u00e9 a r\u00e9pondu \u00ab\u00a0pourquoi pas\u00a0\u00bb \u00e0 cette commission, mais \u00ab\u00a0ce l\u00e9ger flottement\u00a0\u00bb aurait pu \u00eatre \u00ab\u00a0\u00e9vit\u00e9 si l&rsquo;Assembl\u00e9e avait \u00e9t\u00e9 \u00e9clair\u00e9e par le Conseil d&rsquo;Etat et si le Garde des Sceaux avait fait son job\u00a0\u00bb.<\/p>\n\n\n\n<p>Pour le pr\u00e9sident du groupe PS au S\u00e9nat Patrick Kanner, \u00ab\u00a0cette volont\u00e9\u00a0\u00bb du gouvernement de court-circuiter le parlement est \u00ab\u00a0tr\u00e8s probl\u00e9matique\u00a0\u00bb. \u00ab\u00a0En une d\u00e9cision, Jean Castex se d\u00e9savoue, d\u00e9savoue G. Darmanin, et plus grave: liquide le Parlement. Dangereux. Si le Premier ministre veut dissoudre l&rsquo;Assembl\u00e9e, qu&rsquo;il le fasse dans les formes\u00a0\u00bb, a abond\u00e9 dans un tweet le d\u00e9put\u00e9 et porte-parole du PS Boris Vallaud. Chez LFI, le d\u00e9put\u00e9 Eric Coquerel a appel\u00e9 le Premier ministre \u00e0 \u00ab\u00a0arr\u00eate(r) les frais\u00a0\u00bb, mais aussi \u00e0 \u00ab\u00a0supprime(r) cet article 24\u00a0\u00bb, en remarquant que \u00ab\u00a0toute la proposition de loi S\u00e9curit\u00e9 globale pose probl\u00e8me\u00a0\u00bb car c&rsquo;est une \u00ab\u00a0loi de surveillance g\u00e9n\u00e9ralis\u00e9e, in\u00e9galitaire et liberticide\u00a0\u00bb.<\/p>\n\n\n\n<p>A l&rsquo;extr\u00eame droite, le d\u00e9put\u00e9 et porte-parole du Rassemblement national S\u00e9bastien Chenu a jug\u00e9 l&rsquo;initiative du Premier ministre \u00ab\u00a0compl\u00e8tement contraire \u00e0 l&rsquo;usage qu&rsquo;on peut faire du parlement\u00a0\u00bb. Hors du parlement, l&rsquo;ancien ministre Herv\u00e9 Morin, pr\u00e9sident des Centristes, a balay\u00e9 sur France 2 la question de cette commission en estimant qu'\u00a0\u00bbon peut tout \u00e0 fait assurer la s\u00e9curit\u00e9 de la police et la gendarmerie en floutant leur visage sans pour autant emp\u00eacher la diffusion de leurs actions\u00a0\u00bb, car \u00ab\u00a0la d\u00e9mocratie suppose la transparence\u00a0\u00bb.<\/p>\n\n\n\n<p>Le maire LR de Cannes David Lisnard, tr\u00e8s critique des pratiques du gouvernement, qu&rsquo;il juge bureaucratiques, a choisi l&rsquo;ironie pour r\u00e9agir \u00e0 la cr\u00e9ation de cette commission: elle \u00ab\u00a0fera l&rsquo;objet d&rsquo;une d\u00e9signation valid\u00e9e en Comit\u00e9 central apr\u00e8s passage en commission d&rsquo;\u00e9valuation dans le cadre du plan d&rsquo;optimisation des commissions de r\u00e9visions des articles superf\u00e9tatoires\u00a0\u00bb, a-t-il tweet\u00e9.<\/p>\n","protected":false},"excerpt":{"rendered":"<p>Parlementaires de gauche, droite et extr\u00eame droite d\u00e9noncent vendredi une nouvelle marque de \u00ab\u00a0m\u00e9pris\u00a0\u00bb pour leur travail de la part du gouvernement, au lendemain de l&rsquo;annonce d&rsquo;une commission pour r\u00e9\u00e9crire l&rsquo;article 24 de la loi \u00ab\u00a0S\u00e9curit\u00e9 globale\u00a0\u00bb. Face au toll\u00e9 provoqu\u00e9 par cet article qui encadre la diffusion d&rsquo;images de policiers, le Premier ministre Jean [&hellip;]<\/p>\n","protected":false},"author":2,"featured_media":17181,"comment_status":"open","ping_status":"open","sticky":false,"template":"","format":"standard","meta":{"_jetpack_memberships_contains_paid_content":false,"footnotes":"","jetpack_publicize_message":"","jetpack_publicize_feature_enabled":true,"jetpack_social_post_already_shared":true,"jetpack_social_options":{"image_generator_settings":{"template":"highway","default_image_id":0,"font":"","enabled":false},"version":2},"_wpas_customize_per_network":false},"categories":[405],"tags":[],"class_list":["post-17180","post","type-post","status-publish","format-standard","has-post-thumbnail","hentry","category-actu-france-monde"],"jetpack_publicize_connections":[],"jetpack_featured_media_url":"https:\/\/i0.wp.com\/www.iceagetv.com\/radiosite\/wp-content\/uploads\/2020\/11\/Les-d%C3%A9put%C3%A9s-de-lopposition-d%C3%A9noncent.jpg?fit=679%2C293&ssl=1","jetpack_sharing_enabled":true,"_links":{"self":[{"href":"https:\/\/www.iceagetv.com\/radiosite\/wp-json\/wp\/v2\/posts\/17180","targetHints":{"allow":["GET"]}}],"collection":[{"href":"https:\/\/www.iceagetv.com\/radiosite\/wp-json\/wp\/v2\/posts"}],"about":[{"href":"https:\/\/www.iceagetv.com\/radiosite\/wp-json\/wp\/v2\/types\/post"}],"author":[{"embeddable":true,"href":"https:\/\/www.iceagetv.com\/radiosite\/wp-json\/wp\/v2\/users\/2"}],"replies":[{"embeddable":true,"href":"https:\/\/www.iceagetv.com\/radiosite\/wp-json\/wp\/v2\/comments?post=17180"}],"version-history":[{"count":1,"href":"https:\/\/www.iceagetv.com\/radiosite\/wp-json\/wp\/v2\/posts\/17180\/revisions"}],"predecessor-version":[{"id":17182,"href":"https:\/\/www.iceagetv.com\/radiosite\/wp-json\/wp\/v2\/posts\/17180\/revisions\/17182"}],"wp:featuredmedia":[{"embeddable":true,"href":"https:\/\/www.iceagetv.com\/radiosite\/wp-json\/wp\/v2\/media\/17181"}],"wp:attachment":[{"href":"https:\/\/www.iceagetv.com\/radiosite\/wp-json\/wp\/v2\/media?parent=17180"}],"wp:term":[{"taxonomy":"category","embeddable":true,"href":"https:\/\/www.iceagetv.com\/radiosite\/wp-json\/wp\/v2\/categories?post=17180"},{"taxonomy":"post_tag","embeddable":true,"href":"https:\/\/www.iceagetv.com\/radiosite\/wp-json\/wp\/v2\/tags?post=17180"}],"curies":[{"name":"wp","href":"https:\/\/api.w.org\/{rel}","templated":true}]}}