{"id":17183,"date":"2020-11-28T08:49:10","date_gmt":"2020-11-28T08:49:10","guid":{"rendered":"http:\/\/www.iceagetv.com\/radiosite\/?p=17183"},"modified":"2020-11-28T08:49:10","modified_gmt":"2020-11-28T08:49:10","slug":"a-quatre-semaines-de-noel-lheure-de-la-reouverture-pour-les-commerces-dits-non-essentiels","status":"publish","type":"post","link":"https:\/\/www.iceagetv.com\/radiosite\/a-quatre-semaines-de-noel-lheure-de-la-reouverture-pour-les-commerces-dits-non-essentiels\/","title":{"rendered":"A QUATRE SEMAINES DE NO\u00cbL, L&rsquo;HEURE DE LA R\u00c9OUVERTURE POUR LES COMMERCES DITS \u00ab\u00a0NON ESSENTIELS\u00a0\u00bb"},"content":{"rendered":"\n<p>\n\nLes commerces vont pouvoir rouvrir leurs portes ce samedi apr\u00e8s un mois de fermeture. Avec l&rsquo;espoir de rattraper au moins en partie les pertes li\u00e9es au confinement.<\/p>\n\n\n\n<p>Les clients seront-ils au rendez-vous? Partout en France, magasins de jouets, de pr\u00eat-\u00e0-porter ou de maroquinerie, libraires ou coiffeurs,&nbsp;<a href=\"https:\/\/www.bfmtv.com\/sante\/reouverture-des-magasins-entre-soulagement-et-defi-sanitaire-pour-les-petits-commercants_AV-202011280033.html\">vont pouvoir rouvrir leurs portes ce samedi<\/a>, attaquant avec f\u00e9brilit\u00e9 la derni\u00e8re ligne droite jusqu&rsquo;aux f\u00eates de fin d&rsquo;ann\u00e9e. Restaurants ou salles de sports doivent rester ferm\u00e9s mais, des grands magasins Printemps aux petites librairies, des disquaires au g\u00e9ant su\u00e9dois Ikea, c&rsquo;est l&rsquo;effervescence pour ceux autoris\u00e9s \u00e0 rouvrir dans le cadre de l&rsquo;all\u00e8gement du confinement.<\/p>\n\n\n\n<p>\u00ab\u00a0Je sais combien l&rsquo;attente est grande et combien cela participe \u00e0 notre quotidien, \u00e0 la vie de nos centres-villes, de nos centres-bourgs\u00a0\u00bb, avait&nbsp;<a href=\"https:\/\/www.bfmtv.com\/economie\/emmanuel-macron-annonce-la-reouverture-des-commerces-le-28-novembre_AN-202011240335.html\">observ\u00e9 Emmanuel Macron mardi<\/a>. Samedi, le Premier ministre Jean Castex et le ministre de l&rsquo;Economie Bruno Le Maire se rendront \u00e0 Reims pour aller \u00e0 la rencontre de commer\u00e7ants et d&rsquo;artisans. De leur c\u00f4t\u00e9, les grandes surfaces vont pouvoir d\u00e9baller les rayons de produits \u00ab\u00a0non essentiels\u00a0\u00bb.<\/p>\n\n\n\n<p>Les collectivit\u00e9s sont bien conscientes de l&rsquo;importance des commerces dans la vie locale, et la m\u00e9tropole de Lyon, via une campagne de communication sur les r\u00e9seaux sociaux, a par exemple invit\u00e9 les habitants \u00ab\u00a0\u00e0 ne pas rater ce moment attendu de la r\u00e9ouverture de leurs magasins\u00a0\u00bb, explique une porte-parole.<\/p>\n\n\n\n<h2 class=\"wp-block-heading\">Protocole sanitaire renforc\u00e9<\/h2>\n\n\n\n<p>Les commer\u00e7ants devront respecter un nouveau&nbsp;<a href=\"https:\/\/www.bfmtv.com\/economie\/quel-sera-le-nouveau-protocole-sanitaire-des-commerces-valide-aujourd-hui_AN-202011250156.html\">protocole sanitaire renforc\u00e9<\/a>. \u00ab\u00a0Le respect de ces r\u00e8gles par le plus grand nombre emp\u00eachera la propagation du virus et permettra ainsi \u00e0 tous les acteurs de la branche de continuer de travailler\u00a0\u00bb, a plaid\u00e9 vendredi la F\u00e9d\u00e9ration nationale de l&rsquo;habillement (FNH).<\/p>\n\n\n\n<p>Est notamment pr\u00e9vu le durcissement de la jauge d&rsquo;accueil, passant d&rsquo;un client pour 4m2 de surface de vente, \u00e0 un client pour 8m2, excluant toutefois du calcul les salari\u00e9s des commerces. En outre, la jauge devra \u00eatre \u00ab\u00a0appr\u00e9ci\u00e9e avec bon sens\u00a0\u00bb, un couple ou un parent avec enfant comptant pour une personne, a expliqu\u00e9 jeudi Alain Griset, le ministre d\u00e9l\u00e9gu\u00e9 aux PME.<\/p>\n\n\n\n<h2 class=\"wp-block-heading\">Horaires \u00e9largis<\/h2>\n\n\n\n<p>En attendant, \u00ab\u00a0nous faciliterons les d\u00e9rogations pour l&rsquo;ouverture des commerces le dimanche\u00a0\u00bb, a encore annonc\u00e9 le gouvernement. L&rsquo;ouverture des commerces est \u00e9galement autoris\u00e9e jusqu&rsquo;\u00e0 21 heures pour \u00e9taler les flux. Et aussi permettre de maximiser les chances de rattraper le chiffre d&rsquo;affaires perdu lors du mois de fermeture.<\/p>\n\n\n\n<blockquote class=\"wp-block-quote is-layout-flow wp-block-quote-is-layout-flow\"><p>\u00ab\u00a0Nous, novembre et d\u00e9cembre, c&rsquo;est presque 40% de notre chiffre d&rsquo;affaires annuel, donc c&rsquo;est une grosse perte\u00a0\u00bb, explique Mathilde Jeanneaud, g\u00e9rante de la boutique de d\u00e9coration \u00ab\u00a0Mobile de curiosit\u00e9s\u00a0\u00bb \u00e0 Marseille. \u00ab\u00a0On a d\u00e9j\u00e0 eu huit semaines de fermeture cette ann\u00e9e, donc l\u00e0 il ne faut pas se louper et on a un mois pour tout rattraper. Ce n&rsquo;est pas possible, mais on va essayer de faire au mieux.\u00a0\u00bb<\/p><\/blockquote>\n\n\n\n<p>Selon Sophie Brenot, pr\u00e9sidente de la F\u00e9d\u00e9ration nationale des d\u00e9taillants en Maroquinerie et Voyage, \u00ab\u00a0les commer\u00e7ants seuls en boutique vont ouvrir au maximum, le dimanche toute la journ\u00e9e s&rsquo;ils le peuvent\u00a0\u00bb, mais \u00ab\u00a0quand on a du personnel c&rsquo;est plus compliqu\u00e9, il faut embaucher si on veut ouvrir davantage\u00a0\u00bb. Il s&rsquo;agit donc de laisser passer le weekend \u00ab\u00a0pour voir comment les clients r\u00e9agissent\u00a0\u00bb. Seule ombre au tableau: \u00ab\u00a0tout le monde est stress\u00e9 de voir les offres promotionnelles partout\u00a0\u00bb, explique encore Sophie Brenot. \u00ab\u00a0Le Black Friday a \u00e9t\u00e9 repouss\u00e9 par le gouvernement\u00a0\u00bb au 4 d\u00e9cembre pour \u00e9viter la cohue samedi, mais \u00ab\u00a0il y a des promos partout et on se demande si on doit en faire ou pas\u00a0\u00bb.<\/p>\n","protected":false},"excerpt":{"rendered":"<p>Les commerces vont pouvoir rouvrir leurs portes ce samedi apr\u00e8s un mois de fermeture. Avec l&rsquo;espoir de rattraper au moins en partie les pertes li\u00e9es au confinement. Les clients seront-ils au rendez-vous? Partout en France, magasins de jouets, de pr\u00eat-\u00e0-porter ou de maroquinerie, libraires ou coiffeurs,&nbsp;vont pouvoir rouvrir leurs portes ce samedi, attaquant avec f\u00e9brilit\u00e9 [&hellip;]<\/p>\n","protected":false},"author":2,"featured_media":17184,"comment_status":"open","ping_status":"open","sticky":false,"template":"","format":"standard","meta":{"_jetpack_memberships_contains_paid_content":false,"footnotes":"","jetpack_publicize_message":"","jetpack_publicize_feature_enabled":true,"jetpack_social_post_already_shared":true,"jetpack_social_options":{"image_generator_settings":{"template":"highway","default_image_id":0,"font":"","enabled":false},"version":2},"_wpas_customize_per_network":false},"categories":[405],"tags":[],"class_list":["post-17183","post","type-post","status-publish","format-standard","has-post-thumbnail","hentry","category-actu-france-monde"],"jetpack_publicize_connections":[],"jetpack_featured_media_url":"https:\/\/i0.wp.com\/www.iceagetv.com\/radiosite\/wp-content\/uploads\/2020\/11\/A-QUATRE-SEMAINES-DE-NO%C3%8BL.png?fit=650%2C433&ssl=1","jetpack_sharing_enabled":true,"_links":{"self":[{"href":"https:\/\/www.iceagetv.com\/radiosite\/wp-json\/wp\/v2\/posts\/17183","targetHints":{"allow":["GET"]}}],"collection":[{"href":"https:\/\/www.iceagetv.com\/radiosite\/wp-json\/wp\/v2\/posts"}],"about":[{"href":"https:\/\/www.iceagetv.com\/radiosite\/wp-json\/wp\/v2\/types\/post"}],"author":[{"embeddable":true,"href":"https:\/\/www.iceagetv.com\/radiosite\/wp-json\/wp\/v2\/users\/2"}],"replies":[{"embeddable":true,"href":"https:\/\/www.iceagetv.com\/radiosite\/wp-json\/wp\/v2\/comments?post=17183"}],"version-history":[{"count":1,"href":"https:\/\/www.iceagetv.com\/radiosite\/wp-json\/wp\/v2\/posts\/17183\/revisions"}],"predecessor-version":[{"id":17185,"href":"https:\/\/www.iceagetv.com\/radiosite\/wp-json\/wp\/v2\/posts\/17183\/revisions\/17185"}],"wp:featuredmedia":[{"embeddable":true,"href":"https:\/\/www.iceagetv.com\/radiosite\/wp-json\/wp\/v2\/media\/17184"}],"wp:attachment":[{"href":"https:\/\/www.iceagetv.com\/radiosite\/wp-json\/wp\/v2\/media?parent=17183"}],"wp:term":[{"taxonomy":"category","embeddable":true,"href":"https:\/\/www.iceagetv.com\/radiosite\/wp-json\/wp\/v2\/categories?post=17183"},{"taxonomy":"post_tag","embeddable":true,"href":"https:\/\/www.iceagetv.com\/radiosite\/wp-json\/wp\/v2\/tags?post=17183"}],"curies":[{"name":"wp","href":"https:\/\/api.w.org\/{rel}","templated":true}]}}