{"id":17186,"date":"2020-11-28T19:58:00","date_gmt":"2020-11-28T19:58:00","guid":{"rendered":"http:\/\/www.iceagetv.com\/radiosite\/?p=17186"},"modified":"2020-11-28T19:58:00","modified_gmt":"2020-11-28T19:58:00","slug":"loi-securite-globale-les-images-des-incidents-ce-soir-place-de-la-bastille-avec-des-incendies-et-des-degats-37-policiers-et-gendarmes-blesses-annonce-gerald-darmanin-forte-mobilisation-a-travers","status":"publish","type":"post","link":"https:\/\/www.iceagetv.com\/radiosite\/loi-securite-globale-les-images-des-incidents-ce-soir-place-de-la-bastille-avec-des-incendies-et-des-degats-37-policiers-et-gendarmes-blesses-annonce-gerald-darmanin-forte-mobilisation-a-travers\/","title":{"rendered":"Loi S\u00e9curit\u00e9 Globale &#8211; Les images des incidents ce soir Place de la Bastille avec des incendies et des d\u00e9g\u00e2ts &#8211; 37 policiers et gendarmes bless\u00e9s annonce G\u00e9rald Darmanin &#8211; Forte mobilisation \u00e0 travers la France"},"content":{"rendered":"\n<p> <strong>Au total, 133.000 personnes ont manifest\u00e9 aujourd&rsquo;hui en France<\/strong>\u00a0contre le texte relatif \u00e0 la \u00ab\u00a0s\u00e9curit\u00e9 globale\u00a0\u00bb, les violences polici\u00e8res et le racisme, selon un bilan du minist\u00e8re de l&rsquo;Int\u00e9rieur.  <strong>G\u00e9rald Darmanin annonce 37 policiers et gendarmes bless\u00e9s\u00a0 lors des manifestations<\/strong>. Je condamne, une nouvelle fois, les violences inacceptables contre les forces de l\u2019ordre  Environ un millier de manifestants ont particip\u00e9 \u00e0 la marche de Nancy, selon France Bleu Sud Lorraine ; un millier de participants \u00e0 Avignon, selon France Bleu Vaucluse ; plus de 2 000 \u00e0 Caen, selon France Bleu Normandie ; entre 1 000 et 1 500 \u00e0 Brest, selon France Bleu Breizh Izel ; pr\u00e8s de 500 personnes \u00e0 Ch\u00e2teauroux, d&rsquo;apr\u00e8s France Bleu Berry ; pr\u00e8s de 4 000 \u00e0 Tours, selon la pr\u00e9fecture d&rsquo;Indre-et-Loire ; plus de 3 000 \u00e0 Marseille, selon France Bleu Provence.\u00a012 000 personnes \u00e9taient notamment rassembl\u00e9es \u00e0 Bordeaux, selon France Bleu Gironde (20 000 selon les organisateurs, 6 000 selon la pr\u00e9fecture).  <strong>Nouvelles images de la situation Place de la Bastille ce soir<\/strong> <\/p>\n\n\n\n<p><strong>Le point sur la situation \u00e0 Paris<\/strong>&nbsp;&#8211; Des affrontements entre des groupes de manifestants et les forces de l&rsquo;ordre se poursuivaient en fin de journ\u00e9e sur la place de la Bastille, o\u00f9 plusieurs d\u00e9parts de feu ont eu lieu, a constat\u00e9 une journaliste de l&rsquo;AFP. Autour de 17H30, un kiosque \u00e0 journaux, l&rsquo;entr\u00e9e d&rsquo;un b\u00e2timent de la banque de France et une brasserie adjacente ont \u00e9t\u00e9 incendi\u00e9s, n\u00e9cessitant l&rsquo;intervention des pompiers. Autour, des groupes de manifestants tr\u00e8s mobiles et tout en noir jettent des projectiles en tout genre sur les forces de l&rsquo;ordre qui r\u00e9pliquent par des tirs de gaz lacrymog\u00e8ne, selon la journaliste de l&rsquo;AFP. Plusieurs manifestants bless\u00e9s, dont une femme \u00e0 la t\u00eate, ont \u00e9t\u00e9 pris en charge par d&rsquo;autres manifestants ou les \u00e9quipes de street medics, a constat\u00e9 une autre journaliste de l&rsquo;AFP.<\/p>\n\n\n\n<p>Autour de la statue de la place, des manifestants descellent les pav\u00e9s pour les lancer sur les forces de l&rsquo;ordre, qui multiplient les charges. Plus t\u00f4t dans l&rsquo;apr\u00e8s-midi, au croisement du boulevard Beaumarchais et de la rue du pasteur Wagner, dans le XIe arrondissement parisien non loin de la place de la Bastille, plusieurs manifestants v\u00eatus de noir ont renvers\u00e9 une camionnette, utilis\u00e9 des palissades et autres objets dans un chantier pour faire des barricades, jet\u00e9 des projectiles sur les forces de l&rsquo;ordre, selon une journaliste de l&rsquo;AFP sur place.<\/p>\n\n\n\n<p>A proximit\u00e9, plusieurs \u00e9l\u00e9ments de mobilier urbain, des voitures \u00e9taient en feu provoquant une odeur \u00e2cre. Certains manifestants se sont munis de pav\u00e9s, et recevaient des encouragements d&rsquo;autres personnes chantant le slogan \u00ab\u00a0tout le monde d\u00e9teste la police\u00a0\u00bb. Plusieurs milliers de manifestants d\u00e9filent samedi en France contre le texte de loi \u00ab\u00a0s\u00e9curit\u00e9 globale\u00a0\u00bb et sa mesure phare, qui pr\u00e9voit de restreindre la possibilit\u00e9 de filmer les forces de l&rsquo;ordre, mais aussi contre les violences polici\u00e8res et le racisme.<\/p>\n\n\n\n<p> <strong>La \u00ab\u00a0marche des libert\u00e9s\u00a0\u00bb a rassembl\u00e9 46.000 personnes \u00e0 Paris, selon les chiffres du minist\u00e8re de l&rsquo;Int\u00e9rieur<\/strong>, contre le texte de loi relatif \u00e0 la \u00ab\u00a0s\u00e9curit\u00e9 globale\u00a0\u00bb mais aussi contre les violences polici\u00e8res et le racisme.\u00a0Cette manifestation, qui s&rsquo;est d\u00e9roul\u00e9e de la place de la R\u00e9publique \u00e0\u00a0celle de la Bastille, a donn\u00e9 lieu \u00e0 des incidents et heurts avec les forces\u00a0de l&rsquo;ordre, au moment de la dispersion toujours en cours en fin de journ\u00e9e.  <strong>De nouveaux incidents viennent d&rsquo;\u00e9clater Place de la Bastille entre un groupe de Black Blocs et les forces de l&rsquo;ordre.<\/strong> <\/p>\n","protected":false},"excerpt":{"rendered":"<p>Au total, 133.000 personnes ont manifest\u00e9 aujourd&rsquo;hui en France\u00a0contre le texte relatif \u00e0 la \u00ab\u00a0s\u00e9curit\u00e9 globale\u00a0\u00bb, les violences polici\u00e8res et le racisme, selon un bilan du minist\u00e8re de l&rsquo;Int\u00e9rieur. G\u00e9rald Darmanin annonce 37 policiers et gendarmes bless\u00e9s\u00a0 lors des manifestations. Je condamne, une nouvelle fois, les violences inacceptables contre les forces de l\u2019ordre Environ un [&hellip;]<\/p>\n","protected":false},"author":2,"featured_media":17187,"comment_status":"open","ping_status":"open","sticky":false,"template":"","format":"standard","meta":{"_jetpack_memberships_contains_paid_content":false,"footnotes":"","jetpack_publicize_message":"","jetpack_publicize_feature_enabled":true,"jetpack_social_post_already_shared":true,"jetpack_social_options":{"image_generator_settings":{"template":"highway","default_image_id":0,"font":"","enabled":false},"version":2},"_wpas_customize_per_network":false},"categories":[405],"tags":[],"class_list":["post-17186","post","type-post","status-publish","format-standard","has-post-thumbnail","hentry","category-actu-france-monde"],"jetpack_publicize_connections":[],"jetpack_featured_media_url":"https:\/\/i0.wp.com\/www.iceagetv.com\/radiosite\/wp-content\/uploads\/2020\/11\/Les-images-des-incidents-ce-soir-Place-de-la-Bastille-avec-des-incendies-et-des-d%C3%A9g%C3%A2ts.png?fit=873%2C349&ssl=1","jetpack_sharing_enabled":true,"_links":{"self":[{"href":"https:\/\/www.iceagetv.com\/radiosite\/wp-json\/wp\/v2\/posts\/17186","targetHints":{"allow":["GET"]}}],"collection":[{"href":"https:\/\/www.iceagetv.com\/radiosite\/wp-json\/wp\/v2\/posts"}],"about":[{"href":"https:\/\/www.iceagetv.com\/radiosite\/wp-json\/wp\/v2\/types\/post"}],"author":[{"embeddable":true,"href":"https:\/\/www.iceagetv.com\/radiosite\/wp-json\/wp\/v2\/users\/2"}],"replies":[{"embeddable":true,"href":"https:\/\/www.iceagetv.com\/radiosite\/wp-json\/wp\/v2\/comments?post=17186"}],"version-history":[{"count":1,"href":"https:\/\/www.iceagetv.com\/radiosite\/wp-json\/wp\/v2\/posts\/17186\/revisions"}],"predecessor-version":[{"id":17188,"href":"https:\/\/www.iceagetv.com\/radiosite\/wp-json\/wp\/v2\/posts\/17186\/revisions\/17188"}],"wp:featuredmedia":[{"embeddable":true,"href":"https:\/\/www.iceagetv.com\/radiosite\/wp-json\/wp\/v2\/media\/17187"}],"wp:attachment":[{"href":"https:\/\/www.iceagetv.com\/radiosite\/wp-json\/wp\/v2\/media?parent=17186"}],"wp:term":[{"taxonomy":"category","embeddable":true,"href":"https:\/\/www.iceagetv.com\/radiosite\/wp-json\/wp\/v2\/categories?post=17186"},{"taxonomy":"post_tag","embeddable":true,"href":"https:\/\/www.iceagetv.com\/radiosite\/wp-json\/wp\/v2\/tags?post=17186"}],"curies":[{"name":"wp","href":"https:\/\/api.w.org\/{rel}","templated":true}]}}