{"id":17189,"date":"2020-11-29T08:00:38","date_gmt":"2020-11-29T08:00:38","guid":{"rendered":"http:\/\/www.iceagetv.com\/radiosite\/?p=17189"},"modified":"2020-11-29T08:00:38","modified_gmt":"2020-11-29T08:00:38","slug":"mort-de-jean-louis-servan-schreiber","status":"publish","type":"post","link":"https:\/\/www.iceagetv.com\/radiosite\/mort-de-jean-louis-servan-schreiber\/","title":{"rendered":"Mort de Jean-Louis Servan-Schreiber"},"content":{"rendered":"\n<p>LSS comme il se faisait appel\u00e9 s&rsquo;est \u00e9teint. Jean-Louis Servan-Schreiber est mort \u00e0 l&rsquo;\u00e2ge de 83 ans des suites de la Covid-19 annonce sa famille au Journal du Dimanche. Journaliste, dirigeant de presse et essayiste, Jean-Louis Servan-Schreiber a&nbsp;<strong>fait partie int\u00e9grante de l&rsquo;histoire de la presse fran\u00e7aise<\/strong>&nbsp;de la deuxi\u00e8me moiti\u00e9 du XXe si\u00e8cle. Il avait notamment cr\u00e9\u00e9 \u00ab\u00a0L\u2019Expansion\u00a0\u00bb, magazine qu&rsquo;il a dirig\u00e9 pendant pr\u00e8s de trente ans. Il reviendra aux affaires dans les ann\u00e9es 90 en reprenant un magazine moribond, \u00ab\u00a0Psychologies magazine\u00a0\u00bb, pour en faire un succ\u00e8s de presse.<\/p>\n\n\n\n<h2 class=\"wp-block-heading\">Jean-Louis Servan-Schreiber, l&rsquo;homme de presse<\/h2>\n\n\n\n<p>Issue d&rsquo;une famille de presse et de politique, Jean-Louis Servan-Schreiber commence sa carri\u00e8re en 1960. Il entre au quotidien \u00ab\u00a0Les Echos\u00a0\u00bb comme simple journaliste. Quatre ans plus tard, il int\u00e8gre \u00ab\u00a0L&rsquo;Express\u00a0\u00bb d\u00e9tenu par son fr\u00e8re Jean-Jacques Servan-Schreiber.&nbsp;<strong>A 29 ans, JLSS cr\u00e9e avec Jean Boissonnat le magazine \u00e9conomique \u00ab\u00a0L\u2019Expansion\u00a0\u00bb<\/strong>&nbsp;qu\u2019il dirige pendant 27 ans, avant de revendre le titre \u00e0 \u00ab\u00a0L&rsquo;Express\u00a0\u00bb en 1967. Jean-Louis Servan-Schreiber revient aux affaires de presse \u00e0 la fin des ann\u00e9es 90. Il rach\u00e8te \u00ab\u00a0Psychologies magazine\u00a0\u00bb, un mensuel f\u00e9minin moribond, pour en faire un fleuron de la presse magazine, passant de 70.000 exemplaires vendus \u00e0 350.000. En 2008, le groupe Lagard\u00e8re ach\u00e8te 100% des part du magazine. JLSS devient alors pr\u00e9sident du conseil de surveillance. Outre ses activit\u00e9s dans la presse papier, Jean-Louis Servan-Schreiber a collabor\u00e9 pendant la deuxi\u00e8me partie de sa carri\u00e8re avec des m\u00e9dias radios (Europe 1, France Inter, Radio Classique) et t\u00e9l\u00e9 (LCI, TF1).<\/p>\n\n\n\n<h2 class=\"wp-block-heading\">Jean-Louis Servan-Schreiber, l&rsquo;essayiste<\/h2>\n\n\n\n<p>\u00ab\u00a0Le Pouvoir d&rsquo;informer\u00a0\u00bb, titre du premier ouvrage de Jean-Louis Servan-Schreiber, r\u00e9v\u00e9lateur d&rsquo;une carri\u00e8re. Il est \u00e9dit\u00e9 en 1972. Il est l&rsquo;auteur de 17 livres, des essais, dont le dernier publi\u00e9 en janvier 2020, \u00ab\u00a0Avec le temps\u00a0\u00bb, chez Albin Michel. Son pr\u00e9c\u00e9dent ouvrage, \u00ab\u00a080 ans, un certain \u00e2ge\u00a0\u00bb, reste comme&nbsp;<strong>une forme de testament<\/strong>. Sa maison d&rsquo;\u00e9dition, Albin Michel, avait profit\u00e9 de l&rsquo;occasion de la sortie de livre pour l&rsquo;interroger sur la vieillesse. Il disait alors,&nbsp;<em>\u00ab\u00a0chaque journ\u00e9e devient pr\u00e9cieuse\u00a0\u00bb<\/em>.<br><\/p>\n","protected":false},"excerpt":{"rendered":"<p>LSS comme il se faisait appel\u00e9 s&rsquo;est \u00e9teint. Jean-Louis Servan-Schreiber est mort \u00e0 l&rsquo;\u00e2ge de 83 ans des suites de la Covid-19 annonce sa famille au Journal du Dimanche. Journaliste, dirigeant de presse et essayiste, Jean-Louis Servan-Schreiber a&nbsp;fait partie int\u00e9grante de l&rsquo;histoire de la presse fran\u00e7aise&nbsp;de la deuxi\u00e8me moiti\u00e9 du XXe si\u00e8cle. Il avait notamment [&hellip;]<\/p>\n","protected":false},"author":2,"featured_media":17190,"comment_status":"open","ping_status":"open","sticky":false,"template":"","format":"standard","meta":{"_jetpack_memberships_contains_paid_content":false,"footnotes":"","jetpack_publicize_message":"","jetpack_publicize_feature_enabled":true,"jetpack_social_post_already_shared":true,"jetpack_social_options":{"image_generator_settings":{"template":"highway","default_image_id":0,"font":"","enabled":false},"version":2},"_wpas_customize_per_network":false},"categories":[68],"tags":[],"class_list":["post-17189","post","type-post","status-publish","format-standard","has-post-thumbnail","hentry","category-actu-culturelle"],"jetpack_publicize_connections":[],"jetpack_featured_media_url":"https:\/\/i0.wp.com\/www.iceagetv.com\/radiosite\/wp-content\/uploads\/2020\/11\/Mort-de-Jean-Louis-Servan-Schreiber.png?fit=740%2C416&ssl=1","jetpack_sharing_enabled":true,"_links":{"self":[{"href":"https:\/\/www.iceagetv.com\/radiosite\/wp-json\/wp\/v2\/posts\/17189","targetHints":{"allow":["GET"]}}],"collection":[{"href":"https:\/\/www.iceagetv.com\/radiosite\/wp-json\/wp\/v2\/posts"}],"about":[{"href":"https:\/\/www.iceagetv.com\/radiosite\/wp-json\/wp\/v2\/types\/post"}],"author":[{"embeddable":true,"href":"https:\/\/www.iceagetv.com\/radiosite\/wp-json\/wp\/v2\/users\/2"}],"replies":[{"embeddable":true,"href":"https:\/\/www.iceagetv.com\/radiosite\/wp-json\/wp\/v2\/comments?post=17189"}],"version-history":[{"count":1,"href":"https:\/\/www.iceagetv.com\/radiosite\/wp-json\/wp\/v2\/posts\/17189\/revisions"}],"predecessor-version":[{"id":17191,"href":"https:\/\/www.iceagetv.com\/radiosite\/wp-json\/wp\/v2\/posts\/17189\/revisions\/17191"}],"wp:featuredmedia":[{"embeddable":true,"href":"https:\/\/www.iceagetv.com\/radiosite\/wp-json\/wp\/v2\/media\/17190"}],"wp:attachment":[{"href":"https:\/\/www.iceagetv.com\/radiosite\/wp-json\/wp\/v2\/media?parent=17189"}],"wp:term":[{"taxonomy":"category","embeddable":true,"href":"https:\/\/www.iceagetv.com\/radiosite\/wp-json\/wp\/v2\/categories?post=17189"},{"taxonomy":"post_tag","embeddable":true,"href":"https:\/\/www.iceagetv.com\/radiosite\/wp-json\/wp\/v2\/tags?post=17189"}],"curies":[{"name":"wp","href":"https:\/\/api.w.org\/{rel}","templated":true}]}}