{"id":17203,"date":"2020-11-30T17:05:29","date_gmt":"2020-11-30T17:05:29","guid":{"rendered":"http:\/\/www.iceagetv.com\/radiosite\/?p=17203"},"modified":"2020-11-30T17:05:29","modified_gmt":"2020-11-30T17:05:29","slug":"loi-securite-globale-larticle-24-est-suspendu-christophe-castaner-president-du-groupe-lrem-annonce-une-reecriture-integrale-des-cet-apres-midi-nous-allons-nous-remettre-au-travail","status":"publish","type":"post","link":"https:\/\/www.iceagetv.com\/radiosite\/loi-securite-globale-larticle-24-est-suspendu-christophe-castaner-president-du-groupe-lrem-annonce-une-reecriture-integrale-des-cet-apres-midi-nous-allons-nous-remettre-au-travail\/","title":{"rendered":"Loi S\u00e9curit\u00e9 Globale &#8211; L&rsquo;article 24 est suspendu &#8211; Christophe Castaner, pr\u00e9sident du groupe LREM, annonce une r\u00e9\u00e9criture int\u00e9grale : \u00ab\u00a0D\u00e8s cet apr\u00e8s-midi, nous allons nous remettre au travail\u00a0\u00bb"},"content":{"rendered":"\n<p><strong>Le point sur ce qu&rsquo;il faut retenir<\/strong><\/p>\n\n\n\n<p>La majorit\u00e9 va proposer \u00ab\u00a0une nouvelle \u00e9criture compl\u00e8te\u00a0\u00bb du contest\u00e9 article 24 de la proposition de loi sur la \u00ab\u00a0s\u00e9curit\u00e9 globale\u00a0\u00bb, a annonc\u00e9 lundi le patron du groupe LREM Christophe Castaner. \u00ab\u00a0Ce n&rsquo;est ni un retrait ni une suspension mais une r\u00e9\u00e9criture totale du texte\u00a0\u00bb a martel\u00e9 M. Castaner, en parlant d'\u00a0\u00bbune proposition que nous allons faire au gouvernement\u00a0\u00bb.<\/p>\n\n\n\n<p>Cette nouvelle r\u00e9daction \u00ab\u00a0sera conduite dans le cadre d&rsquo;un travail collectif aux trois groupes de la majorit\u00e9\u00a0\u00bb (LREM, Agir et MoDem), a-t-il ajout\u00e9. D\u00e8s lundi soir \u00ab\u00a0nous rencontrerons le Premier ministre et les membres du gouvernement concern\u00e9s pour un premier \u00e9change\u00a0\u00bb, a-t-il affirm\u00e9.<\/p>\n\n\n\n<p>\u00ab\u00a0Nous pourrons alors dans ce cadre et dans le cadre de nos pr\u00e9rogatives constitutionnelles respectives, discuter du v\u00e9hicule l\u00e9gislatif et du calendrier\u00a0\u00bb. Emmanuel Macron avait d\u00e9j\u00e0 r\u00e9uni lundi midi \u00e0 l&rsquo;Elys\u00e9e le Premier ministre Jean Castex, des ministres et les chefs des groupes parlementaires de la majorit\u00e9 autour des sujets r\u00e9galiens, police et s\u00e9curit\u00e9. Pour M. Castaner \u00ab\u00a0l&rsquo;objectif est simple: renforcer la s\u00e9curit\u00e9 des forces de l&rsquo;ordre\u00a0\u00bb mais aussi \u00ab\u00a0garantir le droit fondamental \u00e0 la libre information\u00a0\u00bb. \u00ab\u00a0L&rsquo;\u00e9quilibre que nous avons recherch\u00e9 sur cet article 24 n&rsquo;a pas \u00e9t\u00e9 unanimement per\u00e7u, dont acte\u00a0\u00bb, a ajout\u00e9 M. Castaner.<\/p>\n\n\n\n<p>Plusieurs responsables de gauche ont r\u00e9clam\u00e9 la suppression de l&rsquo;article 24, qui pr\u00e9voit de p\u00e9naliser la diffusion malveillante de l&rsquo;image des forces de l&rsquo;ordre et qui cristallise les tensions. \u00ab\u00a0Lorsqu&rsquo;une telle incompr\u00e9hension ne cesse de s&rsquo;intensifier sur un sujet aussi fondamental, nous avons le devoir de nous interroger collectivement\u00a0\u00bb, a justifi\u00e9 M. Castaner lors d&rsquo;une conf\u00e9rence de presse \u00e0 l&rsquo;Assembl\u00e9e.<\/p>\n\n\n\n<p>La loi s\u00e9curit\u00e9 globale \u00ab\u00a0est un texte qui contient de r\u00e9els progr\u00e8s\u00a0\u00bb, a d\u00e9clar\u00e9 Christophe Castaner, le pr\u00e9sident du groupe LREM \u00e0 l\u2019Assembl\u00e9e nationale. Concernant l\u2019article 24, Christophe Castaner \u00e9voque \u00ab\u00a0des incompr\u00e9hensions\u00a0\u00bb. \u00ab\u00a0Cette incompr\u00e9hension s\u2019est intensifi\u00e9e au fil des jours\u00a0\u00bb, a-t-il ajout\u00e9.&nbsp;En tant que l\u00e9gislateurs, nous devons \u00eatre les garants des libert\u00e9s et des droits fondamentaux, au premier rang desquels, \u00e9videmment, la libert\u00e9 d&rsquo;expression et la libert\u00e9 de la presse<\/p>\n\n\n\n<p>\u00ab\u00a0L\u2019\u00e9quilibre que nous avons recherch\u00e9 n\u2019a pas \u00e9t\u00e9 unanimement per\u00e7u. Dont acte\u00a0\u00bb, a d\u00e9clar\u00e9 Christophe Castaner.<\/p>\n\n\n\n<p><strong>Le point sur ce qu&rsquo;il faut savoir cet apr\u00e8s-midi<br><\/strong><\/p>\n\n\n\n<p>Les pr\u00e9sidents des groupes parlementaires LREM, MoDem et Agir devant la presse, G\u00e9rald Darmanin face aux d\u00e9put\u00e9s: la majorit\u00e9 se mobilise lundi apr\u00e8s-midi pour trouver rapidement une porte de sortie \u00e0 la crise politique autour de la proposition de loi sur la \u00abs\u00e9curit\u00e9 globale\u00bb.<\/p>\n\n\n\n<p>Apr\u00e8s la tenue d\u2019une r\u00e9union \u00e0 l\u2019Elys\u00e9e, Christophe Castaner, pr\u00e9sident du groupe LREM \u00e0 l\u2019Assembl\u00e9e nationale, et ses coll\u00e8gues Patrick Mignola (MoDem) et Olivier Becht (Agir) ont appel\u00e9 \u00e0 16H00 \u00e0 l\u2019Assembl\u00e9e nationale \u00e0 une conf\u00e9rence de presse qui n\u2019\u00e9tait pas pr\u00e9vue \u00e0 l\u2019agenda.<\/p>\n\n\n\n<p>Ce rendez-vous relance les sp\u00e9culations sur des changements \u00e0 la proposition de loi sur la \u00abs\u00e9curit\u00e9 globale\u00bb au lendemain d\u2019un week-end de manifestations fournies contre un texte conspu\u00e9 par la gauche, les journalistes et les d\u00e9fenseurs des libert\u00e9s publiques.<\/p>\n\n\n\n<p>Certains d\u00e9put\u00e9s de la majorit\u00e9 r\u00e9clament la suppression de l\u2019article 24 qui pr\u00e9voit de p\u00e9naliser la diffusion malveillante de l\u2019image des forces de l\u2019ordre, et qui cristallise les tensions.<\/p>\n\n\n\n<p>\u00abUne r\u00e9\u00e9criture de l\u2019article [24] ou la mise en place d\u2019un comit\u00e9 Th\u00e9odule ne sauraient mettre fin \u00e0 la d\u00e9fiance ressentie par une partie de la population. Je souhaite donc la suppression de l\u2019article 24\u00bb, a affirm\u00e9 Pierre Person, l\u2019ex-num\u00e9ro 2 de LREM, dans un entretien au journal Le Parisien.<\/p>\n\n\n\n<p>Dimanche d\u00e9j\u00e0, la pr\u00e9sidente LREM de la commission des Lois \u00e0 l\u2019Assembl\u00e9e nationale, Ya\u00ebl Braun-Pivet, s\u2019\u00e9tait dire \u00abferm\u00e9e \u00e0 rien\u00bb sur cet article.<\/p>\n\n\n\n<p>L\u2019avenir de cet article litigieux est d\u00e9sormais plus qu\u2019incertain, m\u00eame s\u2019il ne sera pas r\u00e9\u00e9crit par une commission, tel que l\u2019avait d\u2019abord indiqu\u00e9 le Premier ministre Jean Castex, sur une proposition du ministre de l\u2019Int\u00e9rieur G\u00e9rald Darmanin, et qui a suscit\u00e9 une bronca parlementaire.<\/p>\n\n\n\n<p>Pour tenter de trouver une solution, Emmanuel Macron a r\u00e9uni lundi en fin de matin\u00e9e le Premier ministre, le ministre de l\u2019Int\u00e9rieur, celui de la Justice, Eric Dupont-Moretti, et les pr\u00e9sidents des groupes.<\/p>\n\n\n\n<p>Le chef de l\u2019Etat avait demand\u00e9 la semaine pass\u00e9e qu\u2019on lui fasse \u00abrapidement des propositions pour r\u00e9affirmer le lien de confiance\u00bb entre police et population.<\/p>\n\n\n\n<p>Rest\u00e9 en retrait pendant l\u2019examen \u00e0 l\u2019Assembl\u00e9e nationale du texte \u00abS\u00e9curit\u00e9 globale\u00bb \u00e0 l\u2019article 24 controvers\u00e9 sur la p\u00e9nalisation de la diffusion malveillante d\u2019images de policiers, M. Macron avait fustig\u00e9 vendredi le tabassage \u00e0 Paris d\u2019un producteur noir par des policiers, r\u00e9v\u00e9l\u00e9 par des images de vid\u00e9osurveillance. \u00abDes images qui nous font honte\u00bb, avait-il dit.<\/p>\n\n\n\n<p>M. Darmanin sera entendu lundi \u00e0 18H15 par la commission des Lois de l\u2019Assembl\u00e9e nationale, apr\u00e8s une visioconf\u00e9rence \u00e0 huis clos en matin\u00e9e avec les commissaires LREM aux Lois, puis mardi \u00e0 17H00 avec l\u2019ensemble du groupe.<\/p>\n\n\n\n<p><strong>12h26:&nbsp;<\/strong><strong>Emmanuel Macron r\u00e9unit lundi midi, \u00e0 l\u2019Elys\u00e9e, le Premier ministre Jean Castex, des ministres et les chefs des groupes parlementaires de la majorit\u00e9 autour des sujets r\u00e9galiens, police et s\u00e9curit\u00e9, a-t-on appris de sources parlementaires et gouvernementale.<\/strong><\/p>\n\n\n\n<p>La r\u00e9union doit notamment porter sur la demande du pr\u00e9sident, vendredi de \u00ab&nbsp;faire rapidement des propositions pour r\u00e9affirmer le lien de confiance&nbsp;\u00bb entre police et population. Selon le Parisien, le ministre de l\u2019Int\u00e9rieur, G\u00e9rald Darmanin et le Garde des Sceaux, Eric Dupond-Moretti participent \u00e0 cette r\u00e9union.<\/p>\n\n\n\n<p>Le chef de file des d\u00e9put\u00e9s LREM, Christophe Castaner, ses homologues du Modem, Patrick Mignola et du groupe Agir, Olivier Becht ont \u00e9galement \u00e9t\u00e9 convi\u00e9s \u00e0 cette r\u00e9union.<\/p>\n\n\n\n<p>R\u00e9agissant \u00e0 \u00ab&nbsp;l\u2019agression inacceptable&nbsp;\u00bb du producteur de musique noir Michel Zecler par des policiers, le chef de l\u2019Etat avait demand\u00e9 au gouvernement de lui \u00ab&nbsp;faire rapidement des propositions pour r\u00e9affirmer le lien de confiance qui doit naturellement exister entre les Fran\u00e7ais et ceux qui les prot\u00e8gent et pour lutter plus efficacement contre toutes les discriminations&nbsp;\u00bb.<\/p>\n\n\n\n<p>M. Macron doit \u00e9galement tenter de d\u00e9miner une crise politique qui s\u2019est invit\u00e9e entre le gouvernement et la majorit\u00e9 autour de la proposition de loi s\u00e9curit\u00e9 globale et son article 24 qui pr\u00e9voit de p\u00e9naliser la diffusion malveillante de l\u2019image des forces de l\u2019ordre, et qui cristallise les tensions.<\/p>\n\n\n\n<p>Vot\u00e9e en premi\u00e8re lecture \u00e0 l\u2019Assembl\u00e9e nationale, mardi, elle a \u00e9t\u00e9 percut\u00e9e par plusieurs affaires de violences polici\u00e8res pr\u00e9sum\u00e9es, pr\u00e9cis\u00e9ment r\u00e9v\u00e9l\u00e9es par des vid\u00e9os, qui ont suscit\u00e9 l\u2019\u00e9moi et ont multipli\u00e9 soudainement les rangs de ses opposants.<\/p>\n\n\n\n<p>L\u2019avenir de l\u2019article litigieux est d\u00e9sormais plus qu\u2019incertain, m\u00eame s\u2019il ne sera pas r\u00e9\u00e9crit par une commission, tel que l\u2019avait d\u2019abord indiqu\u00e9 le Premier ministre Jean Castex, sur une proposition de G\u00e9rald Darmanin, et qui a suscit\u00e9 une bronca parlementaire.<\/p>\n\n\n\n<p>130.000 personnes, selon le minist\u00e8re de l\u2019Int\u00e9rieur, 500.000 selon les organisateurs, ont d\u00e9fil\u00e9 samedi dans une centaine de villes de France contre le texte de loi \u00ab&nbsp;s\u00e9curit\u00e9 globale&nbsp;\u00bb et les violences polici\u00e8res, des affrontements parfois violents \u00e9maillant certaines manifestations notamment \u00e0 Paris.<\/p>\n\n\n\n<p><\/p>\n\n\n\n<p><\/p>\n","protected":false},"excerpt":{"rendered":"<p>Le point sur ce qu&rsquo;il faut retenir La majorit\u00e9 va proposer \u00ab\u00a0une nouvelle \u00e9criture compl\u00e8te\u00a0\u00bb du contest\u00e9 article 24 de la proposition de loi sur la \u00ab\u00a0s\u00e9curit\u00e9 globale\u00a0\u00bb, a annonc\u00e9 lundi le patron du groupe LREM Christophe Castaner. \u00ab\u00a0Ce n&rsquo;est ni un retrait ni une suspension mais une r\u00e9\u00e9criture totale du texte\u00a0\u00bb a martel\u00e9 M. [&hellip;]<\/p>\n","protected":false},"author":2,"featured_media":17204,"comment_status":"open","ping_status":"open","sticky":false,"template":"","format":"standard","meta":{"_jetpack_memberships_contains_paid_content":false,"footnotes":"","jetpack_publicize_message":"","jetpack_publicize_feature_enabled":true,"jetpack_social_post_already_shared":true,"jetpack_social_options":{"image_generator_settings":{"template":"highway","default_image_id":0,"font":"","enabled":false},"version":2},"_wpas_customize_per_network":false},"categories":[405],"tags":[],"class_list":["post-17203","post","type-post","status-publish","format-standard","has-post-thumbnail","hentry","category-actu-france-monde"],"jetpack_publicize_connections":[],"jetpack_featured_media_url":"https:\/\/i0.wp.com\/www.iceagetv.com\/radiosite\/wp-content\/uploads\/2020\/11\/Larticle-24-est-suspendu.png?fit=882%2C388&ssl=1","jetpack_sharing_enabled":true,"_links":{"self":[{"href":"https:\/\/www.iceagetv.com\/radiosite\/wp-json\/wp\/v2\/posts\/17203","targetHints":{"allow":["GET"]}}],"collection":[{"href":"https:\/\/www.iceagetv.com\/radiosite\/wp-json\/wp\/v2\/posts"}],"about":[{"href":"https:\/\/www.iceagetv.com\/radiosite\/wp-json\/wp\/v2\/types\/post"}],"author":[{"embeddable":true,"href":"https:\/\/www.iceagetv.com\/radiosite\/wp-json\/wp\/v2\/users\/2"}],"replies":[{"embeddable":true,"href":"https:\/\/www.iceagetv.com\/radiosite\/wp-json\/wp\/v2\/comments?post=17203"}],"version-history":[{"count":1,"href":"https:\/\/www.iceagetv.com\/radiosite\/wp-json\/wp\/v2\/posts\/17203\/revisions"}],"predecessor-version":[{"id":17205,"href":"https:\/\/www.iceagetv.com\/radiosite\/wp-json\/wp\/v2\/posts\/17203\/revisions\/17205"}],"wp:featuredmedia":[{"embeddable":true,"href":"https:\/\/www.iceagetv.com\/radiosite\/wp-json\/wp\/v2\/media\/17204"}],"wp:attachment":[{"href":"https:\/\/www.iceagetv.com\/radiosite\/wp-json\/wp\/v2\/media?parent=17203"}],"wp:term":[{"taxonomy":"category","embeddable":true,"href":"https:\/\/www.iceagetv.com\/radiosite\/wp-json\/wp\/v2\/categories?post=17203"},{"taxonomy":"post_tag","embeddable":true,"href":"https:\/\/www.iceagetv.com\/radiosite\/wp-json\/wp\/v2\/tags?post=17203"}],"curies":[{"name":"wp","href":"https:\/\/api.w.org\/{rel}","templated":true}]}}