{"id":17212,"date":"2020-12-01T19:23:06","date_gmt":"2020-12-01T19:23:06","guid":{"rendered":"http:\/\/www.iceagetv.com\/radiosite\/?p=17212"},"modified":"2020-12-01T19:23:06","modified_gmt":"2020-12-01T19:23:06","slug":"une-voiture-percute-des-passants-a-treves-en-allemagne-un-nouveau-bilan-fait-etat-de-4-morts-et-pres-dune-vingtaine-de-blesses","status":"publish","type":"post","link":"https:\/\/www.iceagetv.com\/radiosite\/une-voiture-percute-des-passants-a-treves-en-allemagne-un-nouveau-bilan-fait-etat-de-4-morts-et-pres-dune-vingtaine-de-blesses\/","title":{"rendered":"Une voiture percute des passants \u00e0 Tr\u00e8ves en Allemagne : Un nouveau bilan fait \u00e9tat de 4 morts et pr\u00e8s d&rsquo;une vingtaine de bless\u00e9s"},"content":{"rendered":"\n<p><strong>19h24: Nouveau bilan :<\/strong>&nbsp;Une voiture a percut\u00e9 des passants dans une zone pi\u00e9tonne, ce mardi \u00e0 Tr\u00e8ves en Rh\u00e9nanie-Palatinat (sud-ouest de l\u2019Allemagne), faisant<strong>&nbsp;quatre morts et une vingtaine de bless\u00e9s<\/strong>, a annonc\u00e9 la police locale, indiquant avoir arr\u00eat\u00e9 le conducteur et saisi le v\u00e9hicule. Certaines personnes&nbsp;ont \u00e9t\u00e9 bless\u00e9es, dont certaines \u00ab&nbsp;gri\u00e8vement&nbsp;\u00bb, selon le maire de la ville, Wolfram Leibe, \u00e9voquant un \u00ab&nbsp;chauffeur fou&nbsp;\u00bb. Le v\u00e9hicule a \u00e9t\u00e9 saisi par les enqu\u00eateurs, selon la police.<\/p>\n\n\n\n<p>La police et la municipalit\u00e9 de Tr\u00e8ves ont demand\u00e9 \u00e0 la population d\u2019\u00e9viter cette zone pi\u00e9tonne du centre de la ville o\u00f9 un important dispositif de s\u00e9curit\u00e9 a \u00e9t\u00e9 d\u00e9ploy\u00e9. Une courte vid\u00e9o de la zone pi\u00e9tonne montrait des \u00e9tals renvers\u00e9s et des d\u00e9bris sur la chauss\u00e9e.<\/p>\n\n\n\n<p>Un homme a \u00e9t\u00e9 interpell\u00e9, a ajout\u00e9 la police locale, sans plus de pr\u00e9cisions. Si l\u2019origine de ces faits n\u2019est pas encore \u00e9tablie, ils interviennent dans un contexte tendu en Allemagne.<\/p>\n\n\n\n<p>Les autorit\u00e9s allemandes sont sur le qui-vive concernant la menace islamiste pesant sur le pays, particuli\u00e8rement depuis\u00a0un attentat au camion-b\u00e9lier revendiqu\u00e9 par le groupe Etat islamique\u00a0qui avait fait 12 morts en d\u00e9cembre\u00a02016 \u00e0 Berlin. Cette attaque djihadiste est la plus meurtri\u00e8re jamais commise sur le sol allemand. La police locale annonce que la personne arr\u00eat\u00e9e est \u00e2g\u00e9e de 51 ans. \u00ab\u00a0Le v\u00e9hicule est s\u00e9curis\u00e9\u00a0\u00bb, pr\u00e9cisent les autorit\u00e9s sur Twitter. <\/p>\n\n\n\n<p><strong>Le point sur ce que l&rsquo;on sait cet apr\u00e8s-midi<br><\/strong><\/p>\n\n\n\n<p>Un conducteur a percut\u00e9 mardi en voiture des passants dans une zone pi\u00e9tonne \u00e0 Tr\u00e8ves, en Allemagne, tuant au moins deux personnes, avant d\u2019\u00eatre interpell\u00e9, dans un contexte de craintes d\u2019attentats.<\/p>\n\n\n\n<p>L\u2019homme est un Allemand de 51 ans, selon la police. Cette derni\u00e8re n\u2019\u00e9tait pas en mesure mardi apr\u00e8s-midi de dire s\u2019il s\u2019agissait d\u2019un accident, du geste d\u2019un forcen\u00e9 ou d\u2019un possible attentat \u00e0 la voiture b\u00e9lier.<\/p>\n\n\n\n<p>\u00abCe qui s\u2019est pass\u00e9 \u00e0 Tr\u00e8ves est choquant. Nos pens\u00e9es vont aux proches des victimes, aux nombreux bless\u00e9s et \u00e0 tous ceux qui sont en ce moment en service pour s\u2019occuper des personnes touch\u00e9es\u00bb, a r\u00e9agi le porte-parole d\u2019Angela Merkel, Steffen Seibert, sur Twitter.<\/p>\n\n\n\n<p>Au moins deux personnes ont \u00e9t\u00e9 tu\u00e9es et plusieurs bless\u00e9es dans cette ville de Rh\u00e9nanie-Palatinat, dans le sud-ouest de l\u2019Allemagne, non loin de la fronti\u00e8re avec le Luxembourg, a indiqu\u00e9 la police.<\/p>\n\n\n\n<p>La voiture, un SUV gris m\u00e9tallis\u00e9, a parcouru entre 600 m\u00e8tres et un kilom\u00e8tre \u00e0 vive allure dans cette zone pi\u00e9tonne, percutant tout sur son passage.<\/p>\n\n\n\n<p>Le bilan des personnes d\u00e9c\u00e9d\u00e9es pourrait encore augmenter, selon un porte-parole de la police, \u00e9voquant \u00abplusieurs morts\u00bb.<\/p>\n\n\n\n<p>Quinze personnes ont \u00e9t\u00e9 bless\u00e9es, dont certaines \u00abgri\u00e8vement\u00bb, selon le maire de la ville, Wolfram Leibe, \u00e9voquant un \u00abconducteur fou\u00bb.<\/p>\n\n\n\n<p>Tr\u00e8s \u00e9mu, l\u2019\u00e9dile a d\u00e9crit une chaussure de sport retrouv\u00e9e \u00e0 proximit\u00e9 du corps sans vie d\u2019une fillette \u00e0 laquelle elle appartenait. Plusieurs enfants feraient partie des bless\u00e9s, selon les m\u00e9dias locaux. Le v\u00e9hicule a \u00e9t\u00e9 saisi par les enqu\u00eateurs.<\/p>\n\n\n\n<p>La police et la municipalit\u00e9 de Tr\u00e8ves ont demand\u00e9 \u00e0 la population d\u2019\u00e9viter cette zone pi\u00e9tonne du centre de la ville o\u00f9 un important dispositif de s\u00e9curit\u00e9 a \u00e9t\u00e9 d\u00e9ploy\u00e9. Ils ont aussi demand\u00e9 de leur transmettre les photos ou vid\u00e9os de la sc\u00e8ne plut\u00f4t que de les poster sur les r\u00e9seaux sociaux.<\/p>\n\n\n\n<p>\u00abC\u2019est une sc\u00e8ne d\u2019horreur\u00bb, a d\u00e9plor\u00e9 un porte-parole de la police sur les cha\u00eenes d\u2019information en continu. En plus de la quinzaine de bless\u00e9s, \u00abde nombreuses personnes traumatis\u00e9es ont besoin de soins\u00bb, a-t-il pr\u00e9cis\u00e9.<\/p>\n\n\n\n<p>Une courte vid\u00e9o de la zone pi\u00e9tonne montrait des \u00e9tals renvers\u00e9s et des d\u00e9bris sur la chauss\u00e9e ainsi que des corps allong\u00e9s.<\/p>\n\n\n\n<p>Une vid\u00e9o post\u00e9e sur les r\u00e9seaux sociaux montre un v\u00e9hicule SUV, au capot enfonc\u00e9, immobilis\u00e9 par des v\u00e9hicules de police toutes sir\u00e8nes hurlantes. Un homme est menott\u00e9 sur le ventre sur le trottoir par plusieurs policiers.<\/p>\n\n\n\n<p>D\u2019autres vid\u00e9os montrent la sc\u00e8ne de d\u00e9solation apr\u00e8s le passage du v\u00e9hicule, dans une zone pi\u00e9tonne o\u00f9 a \u00e9t\u00e9 \u00e9rig\u00e9 un grand sapin de No\u00ebl.<\/p>\n\n\n\n<p>Des \u00e9tals ont \u00e9t\u00e9 renvers\u00e9s. Des secouristes pratiquent un massage cardiaque sur une victime. Le corps d\u2019une autre victime est recouvert d\u2019une couverture.<\/p>\n\n\n\n<p>Si l\u2019origine de ces faits n\u2019est pas encore \u00e9tablie, ils interviennent dans un contexte tendu en Allemagne.<\/p>\n\n\n\n<p>Les autorit\u00e9s allemandes sont sur le qui-vive concernant la menace islamiste pesant sur le pays, particuli\u00e8rement depuis un attentat au camion-b\u00e9lier revendiqu\u00e9 par le groupe Etat islamique qui avait fait 12 morts en d\u00e9cembre 2016 \u00e0 Berlin. Cette attaque jihadiste est la plus meurtri\u00e8re jamais commise sur le sol allemand.<\/p>\n\n\n\n<p><\/p>\n","protected":false},"excerpt":{"rendered":"<p>19h24: Nouveau bilan :&nbsp;Une voiture a percut\u00e9 des passants dans une zone pi\u00e9tonne, ce mardi \u00e0 Tr\u00e8ves en Rh\u00e9nanie-Palatinat (sud-ouest de l\u2019Allemagne), faisant&nbsp;quatre morts et une vingtaine de bless\u00e9s, a annonc\u00e9 la police locale, indiquant avoir arr\u00eat\u00e9 le conducteur et saisi le v\u00e9hicule. Certaines personnes&nbsp;ont \u00e9t\u00e9 bless\u00e9es, dont certaines \u00ab&nbsp;gri\u00e8vement&nbsp;\u00bb, selon le maire de la [&hellip;]<\/p>\n","protected":false},"author":2,"featured_media":17213,"comment_status":"open","ping_status":"open","sticky":false,"template":"","format":"standard","meta":{"_jetpack_memberships_contains_paid_content":false,"footnotes":"","jetpack_publicize_message":"","jetpack_publicize_feature_enabled":true,"jetpack_social_post_already_shared":true,"jetpack_social_options":{"image_generator_settings":{"template":"highway","default_image_id":0,"font":"","enabled":false},"version":2},"_wpas_customize_per_network":false},"categories":[405],"tags":[],"class_list":["post-17212","post","type-post","status-publish","format-standard","has-post-thumbnail","hentry","category-actu-france-monde"],"jetpack_publicize_connections":[],"jetpack_featured_media_url":"https:\/\/i0.wp.com\/www.iceagetv.com\/radiosite\/wp-content\/uploads\/2020\/12\/Une-voiture-percute-des-passants-%C3%A0-Tr%C3%A8ves-en-Allemagne-Un-nouveau-bilan-fait-%C3%A9tat-de-4-morts-et-pr%C3%A8s-dune-vingtaine-de-bless%C3%A9s.png?fit=629%2C276&ssl=1","jetpack_sharing_enabled":true,"_links":{"self":[{"href":"https:\/\/www.iceagetv.com\/radiosite\/wp-json\/wp\/v2\/posts\/17212","targetHints":{"allow":["GET"]}}],"collection":[{"href":"https:\/\/www.iceagetv.com\/radiosite\/wp-json\/wp\/v2\/posts"}],"about":[{"href":"https:\/\/www.iceagetv.com\/radiosite\/wp-json\/wp\/v2\/types\/post"}],"author":[{"embeddable":true,"href":"https:\/\/www.iceagetv.com\/radiosite\/wp-json\/wp\/v2\/users\/2"}],"replies":[{"embeddable":true,"href":"https:\/\/www.iceagetv.com\/radiosite\/wp-json\/wp\/v2\/comments?post=17212"}],"version-history":[{"count":1,"href":"https:\/\/www.iceagetv.com\/radiosite\/wp-json\/wp\/v2\/posts\/17212\/revisions"}],"predecessor-version":[{"id":17214,"href":"https:\/\/www.iceagetv.com\/radiosite\/wp-json\/wp\/v2\/posts\/17212\/revisions\/17214"}],"wp:featuredmedia":[{"embeddable":true,"href":"https:\/\/www.iceagetv.com\/radiosite\/wp-json\/wp\/v2\/media\/17213"}],"wp:attachment":[{"href":"https:\/\/www.iceagetv.com\/radiosite\/wp-json\/wp\/v2\/media?parent=17212"}],"wp:term":[{"taxonomy":"category","embeddable":true,"href":"https:\/\/www.iceagetv.com\/radiosite\/wp-json\/wp\/v2\/categories?post=17212"},{"taxonomy":"post_tag","embeddable":true,"href":"https:\/\/www.iceagetv.com\/radiosite\/wp-json\/wp\/v2\/tags?post=17212"}],"curies":[{"name":"wp","href":"https:\/\/api.w.org\/{rel}","templated":true}]}}