{"id":17216,"date":"2020-12-01T19:33:06","date_gmt":"2020-12-01T19:33:06","guid":{"rendered":"http:\/\/www.iceagetv.com\/radiosite\/?p=17216"},"modified":"2020-12-01T19:33:06","modified_gmt":"2020-12-01T19:33:06","slug":"facebook-et-google-deviennent-des-zones-sans-droits-de-lhomme-au-vietnam-avertit-amnesty-international-les-accusant-daider-a-censurer-lopposition-pacifique-et-la-liber","status":"publish","type":"post","link":"https:\/\/www.iceagetv.com\/radiosite\/facebook-et-google-deviennent-des-zones-sans-droits-de-lhomme-au-vietnam-avertit-amnesty-international-les-accusant-daider-a-censurer-lopposition-pacifique-et-la-liber\/","title":{"rendered":"Facebook et Google deviennent des \u00ab\u00a0zones sans droits de l\u2019homme\u00a0\u00bb au Vietnam, avertit Amnesty International, les accusant d\u2019aider \u00e0 censurer l\u2019opposition pacifique et la libert\u00e9 politique dans le pays"},"content":{"rendered":"\n<p>Facebook et Google deviennent des \u00ab&nbsp;zones sans droits de l\u2019homme&nbsp;\u00bb au Vietnam, a averti Amnesty International mardi, accusant les g\u00e9ants de la technologie d\u2019aider \u00e0 censurer l\u2019opposition pacifique et la libert\u00e9 politique dans le pays. Amnesty a averti que, bien qu\u2019elles aient \u00e9t\u00e9 \u00ab&nbsp;autrefois le grand espoir pour l\u2019essor de la libert\u00e9 d\u2019expression dans le pays, les plateformes des r\u00e9seaux sociaux sont en train de devenir rapidement des zones sans droits de l\u2019homme&nbsp;\u00bb.<\/p>\n\n\n\n<p>Le ministre de l\u2019Information Nguyen Manh Hung a indiqu\u00e9 le mois dernier que les entreprises de technologie se conformaient aux demandes de retrait \u00ab&nbsp;des mauvaises informations, de la propagande contre le Parti et l\u2019Etat&nbsp;\u00bb, \u00e0 un rythme plus \u00e9lev\u00e9 que jamais, d\u2019apr\u00e8s un m\u00e9dia d\u2019Etat. Le m\u00eame article pr\u00e9cise que cette ann\u00e9e Facebook s\u2019est conform\u00e9 \u00e0 95% des demandes du gouvernement et YouTube, 90%.<\/p>\n\n\n\n<p>Le Vietnam communiste a longtemps emprisonn\u00e9 ses dissidents, mais a \u00e9t\u00e9 critiqu\u00e9 ces derni\u00e8res ann\u00e9es pour avoir cibl\u00e9 les utilisateurs de Facebook, r\u00e9seau social populaire aupr\u00e8s des activistes du pays o\u00f9 les m\u00e9dias ind\u00e9pendants sont interdits. Le r\u00e9seau social a admis plus t\u00f4t cette ann\u00e9e qu\u2019il bloquait des contenus jug\u00e9s ill\u00e9gaux par les autorit\u00e9s, tandis que son dernier rapport de transparence r\u00e9v\u00e8le une augmentation en six mois de pr\u00e8s de 1.000% de contenus censur\u00e9s sur ordre du gouvernement.<\/p>\n\n\n\n<p>L\u2019ONG Amnesty International a indiqu\u00e9 dans un rapport publi\u00e9 mardi avoir recueilli les t\u00e9moignages de 11 activistes dont les publications ont \u00e9t\u00e9 interdites par Facebook au Vietnam cette ann\u00e9e. L\u2019organisation de d\u00e9fense des droits de l\u2019homme a aussi pr\u00e9cis\u00e9 que trois autres personnes ont subi une censure similaire de leurs contenus sur YouTube, propri\u00e9t\u00e9 de Google.<\/p>\n\n\n\n<p>L\u2019une d\u2019entre elles, Nguyen Van Trang, qui a fui un mandat d\u2019arr\u00eat au Vietnam pour son engagement dans un groupe pro-d\u00e9mocratie, a pr\u00e9cis\u00e9 que Facebook avait depuis le mois de mai restreint la visibilit\u00e9 de toutes ses publications au sujet du patron du Parti communiste Nguyen Phu Trong et d\u2019un membre haut plac\u00e9, Tran Quoc Vuong. M. Trang a aussi indiqu\u00e9 que certaines de ses publications concernant des questions controvers\u00e9es comme le conflit sur les terres, ont \u00e9t\u00e9 rendues inaccessibles par YouTube au Vietnam.<\/p>\n","protected":false},"excerpt":{"rendered":"<p>Facebook et Google deviennent des \u00ab&nbsp;zones sans droits de l\u2019homme&nbsp;\u00bb au Vietnam, a averti Amnesty International mardi, accusant les g\u00e9ants de la technologie d\u2019aider \u00e0 censurer l\u2019opposition pacifique et la libert\u00e9 politique dans le pays. Amnesty a averti que, bien qu\u2019elles aient \u00e9t\u00e9 \u00ab&nbsp;autrefois le grand espoir pour l\u2019essor de la libert\u00e9 d\u2019expression dans le [&hellip;]<\/p>\n","protected":false},"author":2,"featured_media":0,"comment_status":"open","ping_status":"open","sticky":false,"template":"","format":"standard","meta":{"_jetpack_memberships_contains_paid_content":false,"footnotes":"","jetpack_publicize_message":"","jetpack_publicize_feature_enabled":true,"jetpack_social_post_already_shared":true,"jetpack_social_options":{"image_generator_settings":{"template":"highway","default_image_id":0,"font":"","enabled":false},"version":2},"_wpas_customize_per_network":false},"categories":[405],"tags":[],"class_list":["post-17216","post","type-post","status-publish","format-standard","hentry","category-actu-france-monde"],"jetpack_publicize_connections":[],"jetpack_featured_media_url":"","jetpack_sharing_enabled":true,"_links":{"self":[{"href":"https:\/\/www.iceagetv.com\/radiosite\/wp-json\/wp\/v2\/posts\/17216","targetHints":{"allow":["GET"]}}],"collection":[{"href":"https:\/\/www.iceagetv.com\/radiosite\/wp-json\/wp\/v2\/posts"}],"about":[{"href":"https:\/\/www.iceagetv.com\/radiosite\/wp-json\/wp\/v2\/types\/post"}],"author":[{"embeddable":true,"href":"https:\/\/www.iceagetv.com\/radiosite\/wp-json\/wp\/v2\/users\/2"}],"replies":[{"embeddable":true,"href":"https:\/\/www.iceagetv.com\/radiosite\/wp-json\/wp\/v2\/comments?post=17216"}],"version-history":[{"count":1,"href":"https:\/\/www.iceagetv.com\/radiosite\/wp-json\/wp\/v2\/posts\/17216\/revisions"}],"predecessor-version":[{"id":17217,"href":"https:\/\/www.iceagetv.com\/radiosite\/wp-json\/wp\/v2\/posts\/17216\/revisions\/17217"}],"wp:attachment":[{"href":"https:\/\/www.iceagetv.com\/radiosite\/wp-json\/wp\/v2\/media?parent=17216"}],"wp:term":[{"taxonomy":"category","embeddable":true,"href":"https:\/\/www.iceagetv.com\/radiosite\/wp-json\/wp\/v2\/categories?post=17216"},{"taxonomy":"post_tag","embeddable":true,"href":"https:\/\/www.iceagetv.com\/radiosite\/wp-json\/wp\/v2\/tags?post=17216"}],"curies":[{"name":"wp","href":"https:\/\/api.w.org\/{rel}","templated":true}]}}