{"id":17224,"date":"2020-12-03T07:54:14","date_gmt":"2020-12-03T07:54:14","guid":{"rendered":"http:\/\/www.iceagetv.com\/radiosite\/?p=17224"},"modified":"2020-12-03T07:54:14","modified_gmt":"2020-12-03T07:54:14","slug":"lancien-president-de-la-republique-valery-giscard-destaing-est-mort","status":"publish","type":"post","link":"https:\/\/www.iceagetv.com\/radiosite\/lancien-president-de-la-republique-valery-giscard-destaing-est-mort\/","title":{"rendered":"L&rsquo;ancien pr\u00e9sident de la R\u00e9publique Val\u00e9ry Giscard d&rsquo;Estaing est mort"},"content":{"rendered":"\n<p> L&rsquo;ancien pr\u00e9sident de la R\u00e9publique de 1974 \u00e0 1981 avait \u00e9t\u00e9 hospitalis\u00e9 \u00e0 Tours le 17 novembre dernier pour\u00a0<em>\u00abune insuffisance cardiaque\u00bb<\/em>. Il s&rsquo;est \u00e9teint \u00e0 l&rsquo;\u00e2ge de 94 ans, entour\u00e9 des siens.  L&rsquo;ancien pr\u00e9sident de la R\u00e9publique\u00a0<a rel=\"noreferrer noopener\" href=\"https:\/\/www.lefigaro.fr\/politique\/en-direct-valery-giscard-d-estaing-mort-reactions-politique-president-20201202\" target=\"_blank\">Val\u00e9ry Giscard d&rsquo;Estaing est d\u00e9c\u00e9d\u00e9 ce mercredi soir \u00e0 l&rsquo;\u00e2ge de 94 ans<\/a>, a annonc\u00e9 son entourage. Il s&rsquo;est \u00e9teint\u00a0<em>\u00abentour\u00e9 de sa famille\u00bb<\/em>\u00a0dans sa propri\u00e9t\u00e9 d&rsquo;Authon dans le Loir-et-Cher. Il est mort\u00a0<em>\u00abdes suites du Covid\u00bb<\/em>\u00a0a ensuite pr\u00e9cis\u00e9 sa famille. <\/p>\n\n\n\n<p>L&rsquo;ancien chef de l&rsquo;\u00c9tat avait \u00e9t\u00e9 admis dans \u00ab<em>le service de cardiologie<\/em>\u00bb de&nbsp;<a href=\"https:\/\/www.lefigaro.fr\/politique\/l-ancien-president-valery-giscard-d-estaing-hospitalise-a-tours-20201117\">l&rsquo;h\u00f4pital de Tours le 17 novembre dernier pour&nbsp;<em>\u00abune insuffisance cardiaque\u00bb<\/em>&nbsp;<\/a>, avait alors indiqu\u00e9 son entourage. En septembre, l&rsquo;ancien chef de l&rsquo;\u00c9tat avait d\u00e9j\u00e0 \u00e9t\u00e9 hospitalis\u00e9 \u00e0 l&rsquo;h\u00f4pital Georges Pompidou, \u00e0 Paris, pour&nbsp;<em>\u00abune l\u00e9g\u00e8re infection aux poumons\u00bb<\/em>. Il avait d\u00e9j\u00e0 \u00e9t\u00e9 hospitalis\u00e9 \u00e0 plusieurs reprises \u00e0 l&rsquo;h\u00f4pital Georges Pompidou il y a quelques ann\u00e9es, en cardiologie pour la pose de stents.<\/p>\n\n\n\n<p>Plus jeune pr\u00e9sident de la V\u00e8me R\u00e9publique lorsqu&rsquo;il est \u00e9lu en 1974, Val\u00e9ry Giscard d&rsquo;Estaing avait fait l&rsquo;une de ses derni\u00e8res apparitions publiques le 30 septembre 2019 lors des obs\u00e8ques \u00e0 Paris&nbsp;<a href=\"https:\/\/www.lefigaro.fr\/politique\/jacques-chirac-la-mort-d-un-conquerant-20190926\">d&rsquo;un autre pr\u00e9sident de la R\u00e9publique, Jacques Chirac<\/a>, qui fut son premier ministre de 1974 \u00e0 1976.<\/p>\n\n\n\n<h2 class=\"wp-block-heading\">Incarnation de la modernit\u00e9 triomphante<\/h2>\n\n\n\n<p>Val\u00e9ry Giscard d&rsquo;Estaing n&rsquo;a que 48 ans lorsqu&rsquo;il acc\u00e8de \u00e0 l&rsquo;\u00c9lys\u00e9e en 1974, battant sur le fil Fran\u00e7ois Mitterrand, et devient ainsi, dans une France qui enterre les Trente-Glorieuses et dig\u00e8re mai-68, le premier non-gaulliste \u00e0 s&#8217;emparer de l&rsquo;\u00c9lys\u00e9e. Il se voulait alors l&rsquo;incarnation d&rsquo;une modernit\u00e9 triomphante, issue du centre-droit lib\u00e9ral et d\u00e9mocrate-chr\u00e9tien qui a b\u00e2ti l&rsquo;Europe d&rsquo;apr\u00e8s-guerre. Polytechnicien et \u00e9narque, issu d&rsquo;une grande famille bourgeoise, VGE \u00e9tait entr\u00e9 au gouvernement d\u00e8s 1959, multipliant les postes minist\u00e9riels \u00e0 l&rsquo;\u00c9conomie et aux Finances dans les ann\u00e9es 60 et 70. Cependant, le 10 mai 1981, il \u00e9choue \u00e0 se faire r\u00e9\u00e9lire face \u00e0 Fran\u00e7ois Mitterrand. Europ\u00e9en convaincu, il prend en 2001 la t\u00eate de la Convention pour l&rsquo;Europe, charg\u00e9e de r\u00e9diger une constitution europ\u00e9enne, qui sera rejet\u00e9e par r\u00e9f\u00e9rendum. \u00c9conomiste brillant, auteur de plusieurs ouvrages, il a \u00e9t\u00e9 \u00e9lu en 2003 \u00e0 l&rsquo;Acad\u00e9mie fran\u00e7aise. <\/p>\n\n\n\n<p><\/p>\n","protected":false},"excerpt":{"rendered":"<p>L&rsquo;ancien pr\u00e9sident de la R\u00e9publique de 1974 \u00e0 1981 avait \u00e9t\u00e9 hospitalis\u00e9 \u00e0 Tours le 17 novembre dernier pour\u00a0\u00abune insuffisance cardiaque\u00bb. Il s&rsquo;est \u00e9teint \u00e0 l&rsquo;\u00e2ge de 94 ans, entour\u00e9 des siens. L&rsquo;ancien pr\u00e9sident de la R\u00e9publique\u00a0Val\u00e9ry Giscard d&rsquo;Estaing est d\u00e9c\u00e9d\u00e9 ce mercredi soir \u00e0 l&rsquo;\u00e2ge de 94 ans, a annonc\u00e9 son entourage. Il s&rsquo;est [&hellip;]<\/p>\n","protected":false},"author":2,"featured_media":17225,"comment_status":"open","ping_status":"open","sticky":false,"template":"","format":"standard","meta":{"_jetpack_memberships_contains_paid_content":false,"footnotes":"","jetpack_publicize_message":"","jetpack_publicize_feature_enabled":true,"jetpack_social_post_already_shared":true,"jetpack_social_options":{"image_generator_settings":{"template":"highway","default_image_id":0,"font":"","enabled":false},"version":2},"_wpas_customize_per_network":false},"categories":[405],"tags":[],"class_list":["post-17224","post","type-post","status-publish","format-standard","has-post-thumbnail","hentry","category-actu-france-monde"],"jetpack_publicize_connections":[],"jetpack_featured_media_url":"https:\/\/i0.wp.com\/www.iceagetv.com\/radiosite\/wp-content\/uploads\/2020\/12\/Val%C3%A9ry-Giscard-dEstaing.jpg?fit=910%2C512&ssl=1","jetpack_sharing_enabled":true,"_links":{"self":[{"href":"https:\/\/www.iceagetv.com\/radiosite\/wp-json\/wp\/v2\/posts\/17224","targetHints":{"allow":["GET"]}}],"collection":[{"href":"https:\/\/www.iceagetv.com\/radiosite\/wp-json\/wp\/v2\/posts"}],"about":[{"href":"https:\/\/www.iceagetv.com\/radiosite\/wp-json\/wp\/v2\/types\/post"}],"author":[{"embeddable":true,"href":"https:\/\/www.iceagetv.com\/radiosite\/wp-json\/wp\/v2\/users\/2"}],"replies":[{"embeddable":true,"href":"https:\/\/www.iceagetv.com\/radiosite\/wp-json\/wp\/v2\/comments?post=17224"}],"version-history":[{"count":1,"href":"https:\/\/www.iceagetv.com\/radiosite\/wp-json\/wp\/v2\/posts\/17224\/revisions"}],"predecessor-version":[{"id":17226,"href":"https:\/\/www.iceagetv.com\/radiosite\/wp-json\/wp\/v2\/posts\/17224\/revisions\/17226"}],"wp:featuredmedia":[{"embeddable":true,"href":"https:\/\/www.iceagetv.com\/radiosite\/wp-json\/wp\/v2\/media\/17225"}],"wp:attachment":[{"href":"https:\/\/www.iceagetv.com\/radiosite\/wp-json\/wp\/v2\/media?parent=17224"}],"wp:term":[{"taxonomy":"category","embeddable":true,"href":"https:\/\/www.iceagetv.com\/radiosite\/wp-json\/wp\/v2\/categories?post=17224"},{"taxonomy":"post_tag","embeddable":true,"href":"https:\/\/www.iceagetv.com\/radiosite\/wp-json\/wp\/v2\/tags?post=17224"}],"curies":[{"name":"wp","href":"https:\/\/api.w.org\/{rel}","templated":true}]}}