{"id":17236,"date":"2020-12-04T09:58:33","date_gmt":"2020-12-04T09:58:33","guid":{"rendered":"http:\/\/www.iceagetv.com\/radiosite\/?p=17236"},"modified":"2020-12-04T09:58:33","modified_gmt":"2020-12-04T09:58:33","slug":"emmanuel-macron-va-annoncer-la-creation-dune-nouvelle-agence-nationale-de-recherche-sur-les-maladies-infectieuses-et-emergentes-pour-mieux-faire-face-a-lavenir-a-des-crises-comme-celle-du-covid-1","status":"publish","type":"post","link":"https:\/\/www.iceagetv.com\/radiosite\/emmanuel-macron-va-annoncer-la-creation-dune-nouvelle-agence-nationale-de-recherche-sur-les-maladies-infectieuses-et-emergentes-pour-mieux-faire-face-a-lavenir-a-des-crises-comme-celle-du-covid-1\/","title":{"rendered":"Emmanuel Macron va annoncer la cr\u00e9ation d&rsquo;une nouvelle agence nationale de recherche sur les maladies infectieuses et \u00e9mergentes, pour mieux faire face \u00e0 l&rsquo;avenir \u00e0 des crises comme celle du Covid-19"},"content":{"rendered":"\n<p>Emmanuel Macron va annoncer vendredi la cr\u00e9ation d&rsquo;une nouvelle agence nationale de recherche sur les maladies infectieuses et \u00e9mergentes, pour mieux faire face \u00e0 l&rsquo;avenir \u00e0 des crises comme celle du Covid-19, a-t-on appris aupr\u00e8s du minist\u00e8re de la Recherche.<\/p>\n\n\n\n<p>Le pr\u00e9sident pr\u00e9sentera \u00ab\u00a0sa vision de la transformation sur la recherche et l&rsquo;innovation en sant\u00e9 pour les prochaines ann\u00e9es\u00a0\u00bb, lors d&rsquo;un discours \u00e0 12H30 \u00e0 l&rsquo;institut Imagine, au sein de l&rsquo;h\u00f4pital Necker \u00e0 Paris, aux c\u00f4t\u00e9s de la ministre de la Recherche, Fr\u00e9d\u00e9rique Vidal.<\/p>\n\n\n\n<p>Il annoncera \u00e0 ce titre la mise en place d&rsquo;une nouvelle agence consacr\u00e9e aux maladies infectieuses et \u00e9mergentes afin \u00ab\u00a0d&rsquo;am\u00e9liorer les recherches, comprendre comment ces maladies \u00e9mergent, savoir les traiter, et \u00eatre l\u00e0 en cas de nouvelle crise sanitaire\u00a0\u00bb, a d\u00e9taill\u00e9 le minist\u00e8re.<\/p>\n\n\n\n<p>Cette agence, qui devrait voir le jour d\u00e8s janvier 2021, regroupera l&rsquo;Agence nationale de recherche sur le Sida et les h\u00e9patites virales (ANRS) et le consortium REACting, qui coordonne la recherche sur les crises sanitaires li\u00e9es aux maladies infectieuses \u00e9mergentes (virus chikungunya, Ebola&#8230; et Covid-19).<\/p>\n\n\n\n<p>Emmanuel Macron annoncera \u00e9galement le lancement de \u00ab\u00a0Paris Campus Sant\u00e9\u00a0\u00bb, nouveau lieu destin\u00e9 \u00e0 structurer une fili\u00e8re de sant\u00e9 num\u00e9rique, et \u00ab\u00a0faire de la France un leader mondial\u00a0\u00bb dans ce domaine.<\/p>\n\n\n\n<p>Il se situerait, \u00e0 terme, sur le site de l&rsquo;ex-h\u00f4pital militaire du Val-de-Gr\u00e2ce \u00e0 Paris, et rapprochera diverses structures publiques comme l&rsquo;Inserm, le CNRS, l&rsquo;AP-HP, l&rsquo;agence du num\u00e9rique du minist\u00e8re de la Sant\u00e9, ainsi que le Health Data Hub, plateforme fran\u00e7aise de donn\u00e9es de sant\u00e9 utilisant l&rsquo;intelligence artificielle.<\/p>\n\n\n\n<p>Avant leur installation au Val-de-Gr\u00e2ce, qui prendra plusieurs ann\u00e9es, ces structures seront regroup\u00e9es dans un premier lieu provisoire, \u00e0 Paris, d\u00e8s l&rsquo;ann\u00e9e prochaine.<\/p>\n\n\n\n<p>Budget de ce nouveau lieu: 400 millions d&rsquo;euros, issus de fonds priv\u00e9s et publics.<\/p>\n","protected":false},"excerpt":{"rendered":"<p>Emmanuel Macron va annoncer vendredi la cr\u00e9ation d&rsquo;une nouvelle agence nationale de recherche sur les maladies infectieuses et \u00e9mergentes, pour mieux faire face \u00e0 l&rsquo;avenir \u00e0 des crises comme celle du Covid-19, a-t-on appris aupr\u00e8s du minist\u00e8re de la Recherche. Le pr\u00e9sident pr\u00e9sentera \u00ab\u00a0sa vision de la transformation sur la recherche et l&rsquo;innovation en sant\u00e9 [&hellip;]<\/p>\n","protected":false},"author":2,"featured_media":17237,"comment_status":"open","ping_status":"open","sticky":false,"template":"","format":"standard","meta":{"_jetpack_memberships_contains_paid_content":false,"footnotes":"","jetpack_publicize_message":"","jetpack_publicize_feature_enabled":true,"jetpack_social_post_already_shared":true,"jetpack_social_options":{"image_generator_settings":{"template":"highway","default_image_id":0,"font":"","enabled":false},"version":2},"_wpas_customize_per_network":false},"categories":[405],"tags":[],"class_list":["post-17236","post","type-post","status-publish","format-standard","has-post-thumbnail","hentry","category-actu-france-monde"],"jetpack_publicize_connections":[],"jetpack_featured_media_url":"https:\/\/i0.wp.com\/www.iceagetv.com\/radiosite\/wp-content\/uploads\/2020\/12\/Emmanuel-Macron-va-annoncer-la-cr%C3%A9ation-dune-nouvelle-agence-nationale-de-recherche-sur-les-maladies-infectieuses.png?fit=615%2C265&ssl=1","jetpack_sharing_enabled":true,"_links":{"self":[{"href":"https:\/\/www.iceagetv.com\/radiosite\/wp-json\/wp\/v2\/posts\/17236","targetHints":{"allow":["GET"]}}],"collection":[{"href":"https:\/\/www.iceagetv.com\/radiosite\/wp-json\/wp\/v2\/posts"}],"about":[{"href":"https:\/\/www.iceagetv.com\/radiosite\/wp-json\/wp\/v2\/types\/post"}],"author":[{"embeddable":true,"href":"https:\/\/www.iceagetv.com\/radiosite\/wp-json\/wp\/v2\/users\/2"}],"replies":[{"embeddable":true,"href":"https:\/\/www.iceagetv.com\/radiosite\/wp-json\/wp\/v2\/comments?post=17236"}],"version-history":[{"count":1,"href":"https:\/\/www.iceagetv.com\/radiosite\/wp-json\/wp\/v2\/posts\/17236\/revisions"}],"predecessor-version":[{"id":17238,"href":"https:\/\/www.iceagetv.com\/radiosite\/wp-json\/wp\/v2\/posts\/17236\/revisions\/17238"}],"wp:featuredmedia":[{"embeddable":true,"href":"https:\/\/www.iceagetv.com\/radiosite\/wp-json\/wp\/v2\/media\/17237"}],"wp:attachment":[{"href":"https:\/\/www.iceagetv.com\/radiosite\/wp-json\/wp\/v2\/media?parent=17236"}],"wp:term":[{"taxonomy":"category","embeddable":true,"href":"https:\/\/www.iceagetv.com\/radiosite\/wp-json\/wp\/v2\/categories?post=17236"},{"taxonomy":"post_tag","embeddable":true,"href":"https:\/\/www.iceagetv.com\/radiosite\/wp-json\/wp\/v2\/tags?post=17236"}],"curies":[{"name":"wp","href":"https:\/\/api.w.org\/{rel}","templated":true}]}}