{"id":17241,"date":"2020-12-04T19:50:30","date_gmt":"2020-12-04T19:50:30","guid":{"rendered":"http:\/\/www.iceagetv.com\/radiosite\/?p=17241"},"modified":"2020-12-04T19:50:30","modified_gmt":"2020-12-04T19:50:30","slug":"macron-et-la-societe-de-violence-permanente-ce-quil-faut-retenir-de-son-interview-fleuve-a-brut","status":"publish","type":"post","link":"https:\/\/www.iceagetv.com\/radiosite\/macron-et-la-societe-de-violence-permanente-ce-quil-faut-retenir-de-son-interview-fleuve-a-brut\/","title":{"rendered":"Macron et la soci\u00e9t\u00e9 de \u00ab violence permanente \u00bb : ce qu\u2019il faut retenir de son interview-fleuve \u00e0 Brut"},"content":{"rendered":"\n<p> L\u2019exercice \u00e9tait in\u00e9dit. Emmanuel Macron a r\u00e9pondu ce vendredi 4\u00a0d\u00e9cembre en direct, pendant pr\u00e8s de deux heures et demie, aux questions de trois journalistes et de nombreux internautes sur le m\u00e9dia en ligne Brut, exclusivement pr\u00e9sent sur les r\u00e9seaux sociaux, et par le biais duquel le chef de l\u2019Etat souhaitait s\u2019adresser \u00e0 la \u00ab\u00a0g\u00e9n\u00e9ration Covid\u00a0\u00bb. <\/p>\n\n\n\n<p>S\u2019emportant \u00e0 plusieurs reprises au long d\u2019\u00e9changes vifs avec les journalistes R\u00e9my Buisine, Yagmur Cengiz et Thomas Snegaroff, le pr\u00e9sident de la R\u00e9publique a notamment admis pour la premi\u00e8re fois l\u2019existence de&nbsp;<em>\u00ab&nbsp;violences polici\u00e8res&nbsp;\u00bb<\/em>, tout en soulignant la politisation de cette expression et la pr\u00e9sence de militants&nbsp;<em>\u00ab&nbsp;ensauvag\u00e9s&nbsp;\u00bb&nbsp;<\/em>en manifestation. D\u00e9non\u00e7ant plusieurs fois un climat de&nbsp;<em>\u00ab&nbsp;violence permanente&nbsp;\u00bb<\/em>&nbsp;rendant les gens<em>&nbsp;\u00ab&nbsp;fous&nbsp;\u00bb<\/em>, Emmanuel Macron s\u2019est de nouveau pr\u00e9sent\u00e9 comme le champion de la la\u00efcit\u00e9 et de la libert\u00e9 d\u2019expression, \u00e9voquant avec amertume sa solitude sur le plan international lors des d\u00e9bats sur l\u2019attaque terroriste contre Samuel Paty.<\/p>\n\n\n\n<p>Amertume de nouveau au moment de reconna\u00eetre un\u00a0<em>\u00ab\u00a0\u00e9chec collectif\u00a0\u00bb\u00a0<\/em>sur le d\u00e9lai de sortie du glyphosate, pile trois ans apr\u00e8s avoir annonc\u00e9 une sortie de l\u2019herbicide canc\u00e9rig\u00e8ne\u2026 en trois ans. Sur le volet \u00e9cologique, tr\u00e8s suivi de la jeune g\u00e9n\u00e9ration, Emmanuel Macron a bomb\u00e9 le torse en arguant que sur la sc\u00e8ne mondiale,\u00a0<em>\u00ab\u00a0personne n\u2019en a autant fait, depuis dix ans\u00a0\u00bb,\u00a0<\/em>clamant n\u2019avoir aucune\u00a0<em>\u00ab\u00a0le\u00e7on \u00e0 recevoir\u00a0\u00bb<\/em>.<\/p>\n\n\n\n<h2 class=\"wp-block-heading\">Il refuse le \u00ab&nbsp;slogan&nbsp;\u00bb des \u00ab&nbsp;violences polici\u00e8res&nbsp;\u00bb<\/h2>\n\n\n\n<p>Emmanuel Macron a reconnu qu\u2019il existait&nbsp;<em>\u00ab&nbsp;des violences par des policiers&nbsp;\u00bb<\/em>, expression qu\u2019il a dit pr\u00e9f\u00e9rer \u00e0 celle de&nbsp;<em>\u00ab&nbsp;violences polici\u00e8res&nbsp;\u00bb<\/em>, qui est selon lui devenue&nbsp;<em>\u00ab&nbsp;un slogan&nbsp;\u00bb<\/em>.<\/p>\n\n\n\n<p><em>\u00ab\u00a0Je n\u2019ai pas de probl\u00e8me \u00e0 r\u00e9p\u00e9ter le terme de violences polici\u00e8res, mais je le d\u00e9construis\u00a0\u00bb<\/em>, car\u00a0<em>\u00ab\u00a0c\u2019est devenu un slogan pour des gens qui ont un projet politique. Il y a des policiers qui sont violents\u00a0\u00bb<\/em>\u00a0et\u00a0<em>\u00ab\u00a0qu\u2019il faut sanctionner\u00a0\u00bb<\/em>, a-t-il dit, faisant notamment r\u00e9f\u00e9rence \u00e0 l\u2019agression d\u2019un producteur noir par plusieurs policiers.<\/p>\n\n\n\n<h2 class=\"wp-block-heading\">Une plateforme pour signaler les discriminations<\/h2>\n\n\n\n<p>Une plateforme nationale de signalement des discriminations, g\u00e9r\u00e9e par l\u2019Etat, le d\u00e9fenseur des droits et des associations, sera lanc\u00e9e en janvier, a annonc\u00e9 Emmanuel Macron.<\/p>\n\n\n\n<p><\/p>\n\n\n\n<p><\/p>\n\n\n\n<p><\/p>\n","protected":false},"excerpt":{"rendered":"<p>L\u2019exercice \u00e9tait in\u00e9dit. Emmanuel Macron a r\u00e9pondu ce vendredi 4\u00a0d\u00e9cembre en direct, pendant pr\u00e8s de deux heures et demie, aux questions de trois journalistes et de nombreux internautes sur le m\u00e9dia en ligne Brut, exclusivement pr\u00e9sent sur les r\u00e9seaux sociaux, et par le biais duquel le chef de l\u2019Etat souhaitait s\u2019adresser \u00e0 la \u00ab\u00a0g\u00e9n\u00e9ration Covid\u00a0\u00bb. [&hellip;]<\/p>\n","protected":false},"author":2,"featured_media":17242,"comment_status":"open","ping_status":"open","sticky":false,"template":"","format":"standard","meta":{"_jetpack_memberships_contains_paid_content":false,"footnotes":"","jetpack_publicize_message":"","jetpack_publicize_feature_enabled":true,"jetpack_social_post_already_shared":true,"jetpack_social_options":{"image_generator_settings":{"template":"highway","default_image_id":0,"font":"","enabled":false},"version":2},"_wpas_customize_per_network":false},"categories":[405],"tags":[],"class_list":["post-17241","post","type-post","status-publish","format-standard","has-post-thumbnail","hentry","category-actu-france-monde"],"jetpack_publicize_connections":[],"jetpack_featured_media_url":"https:\/\/i0.wp.com\/www.iceagetv.com\/radiosite\/wp-content\/uploads\/2020\/12\/qu%E2%80%99il-faut-retenir-de-son-interview-fleuve-%C3%A0-Brut.png?fit=622%2C299&ssl=1","jetpack_sharing_enabled":true,"_links":{"self":[{"href":"https:\/\/www.iceagetv.com\/radiosite\/wp-json\/wp\/v2\/posts\/17241","targetHints":{"allow":["GET"]}}],"collection":[{"href":"https:\/\/www.iceagetv.com\/radiosite\/wp-json\/wp\/v2\/posts"}],"about":[{"href":"https:\/\/www.iceagetv.com\/radiosite\/wp-json\/wp\/v2\/types\/post"}],"author":[{"embeddable":true,"href":"https:\/\/www.iceagetv.com\/radiosite\/wp-json\/wp\/v2\/users\/2"}],"replies":[{"embeddable":true,"href":"https:\/\/www.iceagetv.com\/radiosite\/wp-json\/wp\/v2\/comments?post=17241"}],"version-history":[{"count":1,"href":"https:\/\/www.iceagetv.com\/radiosite\/wp-json\/wp\/v2\/posts\/17241\/revisions"}],"predecessor-version":[{"id":17243,"href":"https:\/\/www.iceagetv.com\/radiosite\/wp-json\/wp\/v2\/posts\/17241\/revisions\/17243"}],"wp:featuredmedia":[{"embeddable":true,"href":"https:\/\/www.iceagetv.com\/radiosite\/wp-json\/wp\/v2\/media\/17242"}],"wp:attachment":[{"href":"https:\/\/www.iceagetv.com\/radiosite\/wp-json\/wp\/v2\/media?parent=17241"}],"wp:term":[{"taxonomy":"category","embeddable":true,"href":"https:\/\/www.iceagetv.com\/radiosite\/wp-json\/wp\/v2\/categories?post=17241"},{"taxonomy":"post_tag","embeddable":true,"href":"https:\/\/www.iceagetv.com\/radiosite\/wp-json\/wp\/v2\/tags?post=17241"}],"curies":[{"name":"wp","href":"https:\/\/api.w.org\/{rel}","templated":true}]}}