{"id":17251,"date":"2020-12-05T09:36:10","date_gmt":"2020-12-05T09:36:10","guid":{"rendered":"http:\/\/www.iceagetv.com\/radiosite\/?p=17251"},"modified":"2020-12-05T09:36:10","modified_gmt":"2020-12-05T09:36:10","slug":"controle-au-facies-le-syndicat-de-police-alliance-appelle-tous-les-policiers-a-ne-plus-faire-de-controles-didentite-suite-aux-declarations-demmanuel-macron-lors-de-son-interview-sur-brut","status":"publish","type":"post","link":"https:\/\/www.iceagetv.com\/radiosite\/controle-au-facies-le-syndicat-de-police-alliance-appelle-tous-les-policiers-a-ne-plus-faire-de-controles-didentite-suite-aux-declarations-demmanuel-macron-lors-de-son-interview-sur-brut\/","title":{"rendered":"Contr\u00f4le au faci\u00e8s\u00a0\u00bb : Le syndicat de police Alliance appelle tous les policiers \u00e0 ne plus faire de contr\u00f4les d&rsquo;identit\u00e9 suite aux d\u00e9clarations d&rsquo;Emmanuel Macron lors de son interview sur Brut"},"content":{"rendered":"\n<p>Le syndicat de police Alliance appelle tous les policiers \u00e0 ne plus faire de contr\u00f4les d&rsquo;identit\u00e9 suite aux d\u00e9clarations d&rsquo;Emmanuel Macron lors de son interview sur Brut.&nbsp;A propos de l&rsquo;\u00e9vacuation brutale de la place de la R\u00e9publique o\u00f9 s&rsquo;\u00e9taient install\u00e9s des migrants, Emmanuel Macron a consid\u00e9r\u00e9 qu&rsquo;il n&rsquo;\u00e9tait \u00ab\u00a0jamais normal d&rsquo;avoir des comportements qui ne sont pas \u00e0 la hauteur des attentes\u00a0\u00bb mais a estim\u00e9 qu&rsquo;il \u00ab\u00a0fallait enlever les tentes\u00a0\u00bb.<\/p>\n\n\n\n<p>Il a affirm\u00e9 que le vrai probl\u00e8me \u00e9tait \u00ab\u00a0le droit d&rsquo;asile d\u00e9tourn\u00e9 par des r\u00e9seaux de trafiquants\u00a0\u00bb. Un autre d\u00e9fi est, selon lui, de regarder en face la question des contr\u00f4les au faci\u00e8s.&nbsp;<strong>Car, \u00ab\u00a0aujourd&rsquo;hui, quand on a une couleur de peau qui n&rsquo;est pas blanche, on est beaucoup plus contr\u00f4l\u00e9. On est identifi\u00e9 comme un facteur de probl\u00e8me et c&rsquo;est insoutenable\u00a0\u00bb<\/strong>, a-t-il regrett\u00e9. Il a promis le lancement en janvier d&rsquo;une plateforme nationale de signalement des discriminations, g\u00e9r\u00e9e par l&rsquo;Etat, le d\u00e9fenseur des droits et des associations. Les cam\u00e9ras-pi\u00e9tons pour les policiers seront parall\u00e8lement g\u00e9n\u00e9ralis\u00e9es.<\/p>\n\n\n\n<p>Emmanuel Macron a \u00e9galement tenu \u00e0 rendre hommage au travail des forces de l&rsquo;ordre, en rappelant \u00ab\u00a0les milliers de policiers et polici\u00e8res qui ont subi des violences depuis 3 ans, qui pour certains ont \u00e9t\u00e9 tu\u00e9s\u00a0\u00bb. \u00ab\u00a0Quand il y a des gens qui vous paraissent avoir un comportement violent avec un individu, c&rsquo;est aussi parce qu&rsquo;ils ont vu des coll\u00e8gues se faire br\u00fbler dans une voiture, se faire caillasser se faire tirer au mortier, se faire tirer \u00e0 balles r\u00e9elles\u00a0\u00bb, a-t-il pr\u00e9cis\u00e9.<\/p>\n","protected":false},"excerpt":{"rendered":"<p>Le syndicat de police Alliance appelle tous les policiers \u00e0 ne plus faire de contr\u00f4les d&rsquo;identit\u00e9 suite aux d\u00e9clarations d&rsquo;Emmanuel Macron lors de son interview sur Brut.&nbsp;A propos de l&rsquo;\u00e9vacuation brutale de la place de la R\u00e9publique o\u00f9 s&rsquo;\u00e9taient install\u00e9s des migrants, Emmanuel Macron a consid\u00e9r\u00e9 qu&rsquo;il n&rsquo;\u00e9tait \u00ab\u00a0jamais normal d&rsquo;avoir des comportements qui ne [&hellip;]<\/p>\n","protected":false},"author":2,"featured_media":17252,"comment_status":"open","ping_status":"open","sticky":false,"template":"","format":"standard","meta":{"_jetpack_memberships_contains_paid_content":false,"footnotes":"","jetpack_publicize_message":"","jetpack_publicize_feature_enabled":true,"jetpack_social_post_already_shared":true,"jetpack_social_options":{"image_generator_settings":{"template":"highway","default_image_id":0,"font":"","enabled":false},"version":2},"_wpas_customize_per_network":false},"categories":[405],"tags":[],"class_list":["post-17251","post","type-post","status-publish","format-standard","has-post-thumbnail","hentry","category-actu-france-monde"],"jetpack_publicize_connections":[],"jetpack_featured_media_url":"https:\/\/i0.wp.com\/www.iceagetv.com\/radiosite\/wp-content\/uploads\/2020\/12\/Contr%C3%B4le-au-faci%C3%A8s.png?fit=319%2C133&ssl=1","jetpack_sharing_enabled":true,"_links":{"self":[{"href":"https:\/\/www.iceagetv.com\/radiosite\/wp-json\/wp\/v2\/posts\/17251","targetHints":{"allow":["GET"]}}],"collection":[{"href":"https:\/\/www.iceagetv.com\/radiosite\/wp-json\/wp\/v2\/posts"}],"about":[{"href":"https:\/\/www.iceagetv.com\/radiosite\/wp-json\/wp\/v2\/types\/post"}],"author":[{"embeddable":true,"href":"https:\/\/www.iceagetv.com\/radiosite\/wp-json\/wp\/v2\/users\/2"}],"replies":[{"embeddable":true,"href":"https:\/\/www.iceagetv.com\/radiosite\/wp-json\/wp\/v2\/comments?post=17251"}],"version-history":[{"count":1,"href":"https:\/\/www.iceagetv.com\/radiosite\/wp-json\/wp\/v2\/posts\/17251\/revisions"}],"predecessor-version":[{"id":17253,"href":"https:\/\/www.iceagetv.com\/radiosite\/wp-json\/wp\/v2\/posts\/17251\/revisions\/17253"}],"wp:featuredmedia":[{"embeddable":true,"href":"https:\/\/www.iceagetv.com\/radiosite\/wp-json\/wp\/v2\/media\/17252"}],"wp:attachment":[{"href":"https:\/\/www.iceagetv.com\/radiosite\/wp-json\/wp\/v2\/media?parent=17251"}],"wp:term":[{"taxonomy":"category","embeddable":true,"href":"https:\/\/www.iceagetv.com\/radiosite\/wp-json\/wp\/v2\/categories?post=17251"},{"taxonomy":"post_tag","embeddable":true,"href":"https:\/\/www.iceagetv.com\/radiosite\/wp-json\/wp\/v2\/tags?post=17251"}],"curies":[{"name":"wp","href":"https:\/\/api.w.org\/{rel}","templated":true}]}}