{"id":17257,"date":"2020-12-05T19:56:53","date_gmt":"2020-12-05T19:56:53","guid":{"rendered":"http:\/\/www.iceagetv.com\/radiosite\/?p=17257"},"modified":"2020-12-05T19:56:53","modified_gmt":"2020-12-05T19:56:53","slug":"loi-securite-globale-plusieurs-voitures-brulees-barricades-en-feu-magasins-saccages-le-chaos-au-coeur-de-la-manifestation-parisienne-au-moins-30-personnes-ont-ete-interpellees","status":"publish","type":"post","link":"https:\/\/www.iceagetv.com\/radiosite\/loi-securite-globale-plusieurs-voitures-brulees-barricades-en-feu-magasins-saccages-le-chaos-au-coeur-de-la-manifestation-parisienne-au-moins-30-personnes-ont-ete-interpellees\/","title":{"rendered":"Loi S\u00e9curit\u00e9 Globale &#8211; Plusieurs voitures br\u00fbl\u00e9es, barricades en feu, magasins saccag\u00e9s&#8230; Le chaos au coeur de la manifestation parisienne &#8211; Au moins 30 personnes ont \u00e9t\u00e9 interpell\u00e9es"},"content":{"rendered":"\n<p>Le minist\u00e8re de l&rsquo;Int\u00e9rieur indique que 52 350 personnes ont manifest\u00e9 contre la proposition de loi \u00ab\u00a0s\u00e9curit\u00e9 globale\u00a0\u00bb aujourd&rsquo;hui en France, dont 5 000 personnes \u00e0 Paris.<\/p>\n\n\n\n<p><strong>La situation \u00e9tait tendue \u00e0 19h30 place de la R\u00e9publique \u00e0 Paris o\u00f9 les forces de l&rsquo;ordre tentent de disperser les derniers participants \u00e0 la manifestation contre la loi s\u00e9curit\u00e9 globale \u00e9maill\u00e9e d&rsquo;incidents<\/strong>, ont constat\u00e9 des journalistes de l&rsquo;AFP. Des scooters et du mobilier urbain ont \u00e9t\u00e9 incendi\u00e9s sur la place, point final de la marche partie de la porte de Lilas, dans l&rsquo;est de la capitale, en d\u00e9but d&rsquo;apr\u00e8s-midi. Un peu plus t\u00f4t, la pr\u00e9fecture de police de Paris avait lanc\u00e9 sur son compte Twitter un appel \u00e0 la dispersion, pr\u00e9cisant que les forces de l&rsquo;ordre \u00ab\u00a0effectuaient les sommations\u00a0\u00bb.<\/p>\n\n\n\n<p>Une journaliste de l&rsquo;AFP pr\u00e9sente sur place a vu des manifestants se ruer dans les bouches de m\u00e9tro. Plusieurs avenues et boulevards menant \u00e0 la place \u00e9taient bloqu\u00e9es par la police, a constat\u00e9 un autre journaliste de l&rsquo;AFP. Selon la pr\u00e9fecture de police, trente personnes ont \u00e9t\u00e9 interpell\u00e9es tout au long du parcours par les forces de l&rsquo;ordre et 19 d&rsquo;entre elles ont, selon le parquet de Paris, \u00e9t\u00e9 plac\u00e9es en garde \u00e0 vue.<\/p>\n\n\n\n<p><strong>Le point sur la situation<\/strong>&nbsp;&#8211; Trente personnes avaient \u00e9t\u00e9 interpell\u00e9es samedi \u00e0 18H00 en marge de la manifestation \u00e0 Paris contre la loi \u00ab\u00a0s\u00e9curit\u00e9 globale\u00a0\u00bb \u00e9maill\u00e9e de nombreux actes de vandalisme et heurts entre des centaines de casseurs et les forces de l&rsquo;ordre, a annonc\u00e9 la pr\u00e9fecture de police sur Twitter.<\/p>\n\n\n\n<p>Au total, entre \u00ab\u00a0400 et 500 \u00e9l\u00e9ments radicaux\u00a0\u00bb, selon une source polici\u00e8re, ont commis de nombreuses d\u00e9gradations, avec des commerces vandalis\u00e9s et plusieurs voitures incendi\u00e9es, d\u00e8s les premiers hectom\u00e8tres du parcours emprunt\u00e9 par le cort\u00e8ge, parti peu apr\u00e8s 14H00 de la porte des Lilas, \u00e0 l&rsquo;est de la capitale.<\/p>\n\n\n\n<p>Peu avant 18H, seule une petite partie des participants, environ 2.000, \u00e9tait arriv\u00e9e place de la R\u00e9publique, terme pr\u00e9vu de la manifestations, a constat\u00e9 un journaliste de l&rsquo;AFP. Plus de 90 rassemblements \u00e9taient pr\u00e9vus ce samedi en France pour protester notamment contre la loi sur la \u00ab\u00a0s\u00e9curit\u00e9 globale\u00a0\u00bb. Quelques milliers de personnes ont manifest\u00e9 dans les principales villes du pays. <strong>\u00a0Deux CRS ont \u00e9t\u00e9 bless\u00e9s cet apr\u00e8s-midi \u00e0 Nantes lors de la manifestation contre la loi s\u00e9curit\u00e9 globale, dont l&rsquo;un a \u00e9t\u00e9 touch\u00e9 par un cocktail molotov<\/strong>, a-t-on appris aupr\u00e8s de la pr\u00e9fecture de Loire-Atlantique. D&rsquo;apr\u00e8s un photographe de l&rsquo;AFP pr\u00e9sent sur les lieux, les deux policiers ont \u00e9t\u00e9 \u00e9vacu\u00e9s par le Samu, non loin du palais de justice. La manifestation, partie vers 15H00, a attir\u00e9 environ 3.000 personnes, selon la pr\u00e9fecture de Loire-Atlantique. D&rsquo;apr\u00e8s le compte twitter de la police du d\u00e9partement, il y a eu cinq interpellations. Vers 18H00, la situation \u00e9tait toujours tr\u00e8s tendue dans le centre de Nantes, selon un photographe de l&rsquo;AFP. <\/p>\n\n\n\n<p><\/p>\n\n\n\n<p><\/p>\n","protected":false},"excerpt":{"rendered":"<p>Le minist\u00e8re de l&rsquo;Int\u00e9rieur indique que 52 350 personnes ont manifest\u00e9 contre la proposition de loi \u00ab\u00a0s\u00e9curit\u00e9 globale\u00a0\u00bb aujourd&rsquo;hui en France, dont 5 000 personnes \u00e0 Paris. La situation \u00e9tait tendue \u00e0 19h30 place de la R\u00e9publique \u00e0 Paris o\u00f9 les forces de l&rsquo;ordre tentent de disperser les derniers participants \u00e0 la manifestation contre la [&hellip;]<\/p>\n","protected":false},"author":2,"featured_media":17258,"comment_status":"open","ping_status":"open","sticky":false,"template":"","format":"standard","meta":{"_jetpack_memberships_contains_paid_content":false,"footnotes":"","jetpack_publicize_message":"","jetpack_publicize_feature_enabled":true,"jetpack_social_post_already_shared":true,"jetpack_social_options":{"image_generator_settings":{"template":"highway","default_image_id":0,"font":"","enabled":false},"version":2},"_wpas_customize_per_network":false},"categories":[405],"tags":[],"class_list":["post-17257","post","type-post","status-publish","format-standard","has-post-thumbnail","hentry","category-actu-france-monde"],"jetpack_publicize_connections":[],"jetpack_featured_media_url":"https:\/\/i0.wp.com\/www.iceagetv.com\/radiosite\/wp-content\/uploads\/2020\/12\/Loi-S%C3%A9curit%C3%A9-Globale.png?fit=862%2C370&ssl=1","jetpack_sharing_enabled":true,"_links":{"self":[{"href":"https:\/\/www.iceagetv.com\/radiosite\/wp-json\/wp\/v2\/posts\/17257","targetHints":{"allow":["GET"]}}],"collection":[{"href":"https:\/\/www.iceagetv.com\/radiosite\/wp-json\/wp\/v2\/posts"}],"about":[{"href":"https:\/\/www.iceagetv.com\/radiosite\/wp-json\/wp\/v2\/types\/post"}],"author":[{"embeddable":true,"href":"https:\/\/www.iceagetv.com\/radiosite\/wp-json\/wp\/v2\/users\/2"}],"replies":[{"embeddable":true,"href":"https:\/\/www.iceagetv.com\/radiosite\/wp-json\/wp\/v2\/comments?post=17257"}],"version-history":[{"count":1,"href":"https:\/\/www.iceagetv.com\/radiosite\/wp-json\/wp\/v2\/posts\/17257\/revisions"}],"predecessor-version":[{"id":17259,"href":"https:\/\/www.iceagetv.com\/radiosite\/wp-json\/wp\/v2\/posts\/17257\/revisions\/17259"}],"wp:featuredmedia":[{"embeddable":true,"href":"https:\/\/www.iceagetv.com\/radiosite\/wp-json\/wp\/v2\/media\/17258"}],"wp:attachment":[{"href":"https:\/\/www.iceagetv.com\/radiosite\/wp-json\/wp\/v2\/media?parent=17257"}],"wp:term":[{"taxonomy":"category","embeddable":true,"href":"https:\/\/www.iceagetv.com\/radiosite\/wp-json\/wp\/v2\/categories?post=17257"},{"taxonomy":"post_tag","embeddable":true,"href":"https:\/\/www.iceagetv.com\/radiosite\/wp-json\/wp\/v2\/tags?post=17257"}],"curies":[{"name":"wp","href":"https:\/\/api.w.org\/{rel}","templated":true}]}}