{"id":17272,"date":"2020-12-07T19:59:19","date_gmt":"2020-12-07T19:59:19","guid":{"rendered":"http:\/\/www.iceagetv.com\/radiosite\/?p=17272"},"modified":"2020-12-07T19:59:19","modified_gmt":"2020-12-07T19:59:19","slug":"les-syndicats-de-police-seront-recus-par-gerald-darmanin-le-18-decembre","status":"publish","type":"post","link":"https:\/\/www.iceagetv.com\/radiosite\/les-syndicats-de-police-seront-recus-par-gerald-darmanin-le-18-decembre\/","title":{"rendered":"LES SYNDICATS DE POLICE SERONT RE\u00c7US PAR G\u00c9RALD DARMANIN LE 18 D\u00c9CEMBRE"},"content":{"rendered":"\n<p>\n\nLe ministre de l&rsquo;Int\u00e9rieur recevra les syndicats de police qui ont exprim\u00e9 leur \u00ab\u00a0ras-le-bol\u00a0\u00bb, \u00e0 la suite des propos d&rsquo;Emmanuel Macron sur les contr\u00f4les au faci\u00e8s et apr\u00e8s les r\u00e9centes manifestations \u00e9maill\u00e9es de violences.<\/p>\n\n\n\n<p>Le ministre de l&rsquo;Int\u00e9rieur G\u00e9rald Darmanin recevra le 18 d\u00e9cembre les syndicats de police qui ont exprim\u00e9 leur \u00ab\u00a0ras-le-bol\u00a0\u00bb apr\u00e8s les violences&nbsp;<a href=\"https:\/\/www.bfmtv.com\/societe\/ce-policier-explique-pourquoi-il-est-difficile-d-interpeller-des-casseurs-dans-les-manifestations_VN-202012070174.html\">lors des r\u00e9centes manifestations<\/a>&nbsp;et les propos d&rsquo;Emmanuel Macron sur les contr\u00f4les au faci\u00e8s.<\/p>\n\n\n\n<h2 class=\"wp-block-heading\">\u00ab\u00a0Clarifier les orientations pr\u00e9sidentielles\u00a0\u00bb<\/h2>\n\n\n\n<p>Les r\u00e9unions se d\u00e9rouleront place Beauvau \u00ab\u00a0en bilat\u00e9ral\u00a0\u00bb et porteront sur \u00ab\u00a0les difficult\u00e9s structurelles que connaissent nos forces de l&rsquo;ordre\u00a0\u00bb, a pr\u00e9cis\u00e9 le minist\u00e8re dans un communiqu\u00e9.<\/p>\n\n\n\n<p>Ces difficult\u00e9s r\u00e9sident notamment dans \u00ab\u00a0la formation\u00a0\u00bb et \u00ab\u00a0l&rsquo;encadrement\u00a0\u00bb des forces de l&rsquo;ordre mais aussi dans leur \u00ab\u00a0contr\u00f4le interne\u00a0\u00bb et le \u00ab\u00a0lien police\/population\u00a0\u00bb, a rappel\u00e9 le minist\u00e8re.<\/p>\n\n\n\n<p>Les \u00e9changes avec les syndicats \u00ab\u00a0viendront nourrir les propositions\u00a0\u00bb qui doivent \u00eatre faites \u00ab\u00a0tr\u00e8s rapidement\u00a0\u00bb au chef de l&rsquo;Etat. Cette annonce intervient apr\u00e8s que deux syndicats de cadres de la police ont demand\u00e9 lundi \u00e0 \u00eatre re\u00e7us par le ministre de l&rsquo;Int\u00e9rieur.<\/p>\n\n\n\n<blockquote class=\"wp-block-quote is-layout-flow wp-block-quote-is-layout-flow\"><p>\u00ab\u00a0Nous avons demand\u00e9 d\u00e8s ce week-end une r\u00e9union des organisations syndicales repr\u00e9sentatives (&#8230;) afin de clarifier les orientations pr\u00e9sidentielles et de trouver des solutions urgentes aux violences qui se r\u00e9pandent sur nos policiers\u00a0\u00bb, a \u00e9crit le Syndicat des commissaires de la police nationale (SCPN).<\/p><\/blockquote>\n","protected":false},"excerpt":{"rendered":"<p>Le ministre de l&rsquo;Int\u00e9rieur recevra les syndicats de police qui ont exprim\u00e9 leur \u00ab\u00a0ras-le-bol\u00a0\u00bb, \u00e0 la suite des propos d&rsquo;Emmanuel Macron sur les contr\u00f4les au faci\u00e8s et apr\u00e8s les r\u00e9centes manifestations \u00e9maill\u00e9es de violences. Le ministre de l&rsquo;Int\u00e9rieur G\u00e9rald Darmanin recevra le 18 d\u00e9cembre les syndicats de police qui ont exprim\u00e9 leur \u00ab\u00a0ras-le-bol\u00a0\u00bb apr\u00e8s les [&hellip;]<\/p>\n","protected":false},"author":2,"featured_media":17273,"comment_status":"open","ping_status":"open","sticky":false,"template":"","format":"standard","meta":{"_jetpack_memberships_contains_paid_content":false,"footnotes":"","jetpack_publicize_message":"","jetpack_publicize_feature_enabled":true,"jetpack_social_post_already_shared":true,"jetpack_social_options":{"image_generator_settings":{"template":"highway","default_image_id":0,"font":"","enabled":false},"version":2},"_wpas_customize_per_network":false},"categories":[405],"tags":[],"class_list":["post-17272","post","type-post","status-publish","format-standard","has-post-thumbnail","hentry","category-actu-france-monde"],"jetpack_publicize_connections":[],"jetpack_featured_media_url":"https:\/\/i0.wp.com\/www.iceagetv.com\/radiosite\/wp-content\/uploads\/2020\/12\/LES-SYNDICATS-DE-POLICE-SERONT-RE%C3%87US-PAR-G%C3%89RALD-DARMANIN-LE-18-D%C3%89CEMBRE.jpg?fit=768%2C432&ssl=1","jetpack_sharing_enabled":true,"_links":{"self":[{"href":"https:\/\/www.iceagetv.com\/radiosite\/wp-json\/wp\/v2\/posts\/17272","targetHints":{"allow":["GET"]}}],"collection":[{"href":"https:\/\/www.iceagetv.com\/radiosite\/wp-json\/wp\/v2\/posts"}],"about":[{"href":"https:\/\/www.iceagetv.com\/radiosite\/wp-json\/wp\/v2\/types\/post"}],"author":[{"embeddable":true,"href":"https:\/\/www.iceagetv.com\/radiosite\/wp-json\/wp\/v2\/users\/2"}],"replies":[{"embeddable":true,"href":"https:\/\/www.iceagetv.com\/radiosite\/wp-json\/wp\/v2\/comments?post=17272"}],"version-history":[{"count":1,"href":"https:\/\/www.iceagetv.com\/radiosite\/wp-json\/wp\/v2\/posts\/17272\/revisions"}],"predecessor-version":[{"id":17274,"href":"https:\/\/www.iceagetv.com\/radiosite\/wp-json\/wp\/v2\/posts\/17272\/revisions\/17274"}],"wp:featuredmedia":[{"embeddable":true,"href":"https:\/\/www.iceagetv.com\/radiosite\/wp-json\/wp\/v2\/media\/17273"}],"wp:attachment":[{"href":"https:\/\/www.iceagetv.com\/radiosite\/wp-json\/wp\/v2\/media?parent=17272"}],"wp:term":[{"taxonomy":"category","embeddable":true,"href":"https:\/\/www.iceagetv.com\/radiosite\/wp-json\/wp\/v2\/categories?post=17272"},{"taxonomy":"post_tag","embeddable":true,"href":"https:\/\/www.iceagetv.com\/radiosite\/wp-json\/wp\/v2\/tags?post=17272"}],"curies":[{"name":"wp","href":"https:\/\/api.w.org\/{rel}","templated":true}]}}