{"id":17298,"date":"2020-12-10T19:42:00","date_gmt":"2020-12-10T19:42:00","guid":{"rendered":"http:\/\/www.iceagetv.com\/radiosite\/?p=17298"},"modified":"2020-12-10T19:42:00","modified_gmt":"2020-12-10T19:42:00","slug":"deconfinement-couvre-feu-a-20h-noel-sauve-nouvel-an-sacrifie-lieux-culturels-fermes-ce-qua-annonce-castex","status":"publish","type":"post","link":"https:\/\/www.iceagetv.com\/radiosite\/deconfinement-couvre-feu-a-20h-noel-sauve-nouvel-an-sacrifie-lieux-culturels-fermes-ce-qua-annonce-castex\/","title":{"rendered":"D\u00e9confinement: couvre-feu \u00e0 20H, No\u00ebl sauv\u00e9, Nouvel An sacrifi\u00e9, lieux culturels ferm\u00e9s&#8230; Ce qu&rsquo;a annonc\u00e9 Castex"},"content":{"rendered":"\n<p> face \u00e0 la r\u00e9cente d\u00e9gradation des indicateurs \u00e9pid\u00e9miques, le premier ministre a de nouveau tir\u00e9 la sonnette d&rsquo;alarme sur la circulation du Covid-19. Il a invit\u00e9 les Fran\u00e7ais \u00e0 rester vigilants durant les f\u00eates de fin d&rsquo;ann\u00e9e pour esp\u00e9rer vaincre le virus.  Le virus ne prend pas de vacances. \u00c0 une semaine du d\u00e9confinement progressif pr\u00e9vu le 15 d\u00e9cembre, et \u00e0 l&rsquo;approche des f\u00eates de fin d&rsquo;ann\u00e9e,\u00a0<a href=\"https:\/\/www.lefigaro.fr\/politique\/covid-19-l-executif-reste-prudent-face-au-risque-de-troisieme-vague-20201209\">l&rsquo;ex\u00e9cutif s&rsquo;inqui\u00e8te de la r\u00e9cente d\u00e9gradation des indicateurs \u00e9pid\u00e9miques<\/a>. Face \u00e0 la reprise des contaminations, qui se rapprochent chaque jour un peu plus des 15.000 cas, Jean Castex, Olivier V\u00e9ran et G\u00e9rald Darmanin ont \u00e9t\u00e9 contraints de reconna\u00eetre que l&#8217;embellie de la situation sanitaire avait \u00ab<em>marqu\u00e9 le pas<\/em>\u00bb.  <em>La partie est loin d&rsquo;\u00eatre gagn\u00e9e<\/em>\u00bb, ont-ils d\u00e9plor\u00e9, estimant que \u00ab<em>du plateau au pic, les choses peuvent parfois aller tr\u00e8s vite<\/em>\u00bb. Pour tenter de contenir la progression du Covid-19 sur le territoire, le chef du gouvernement et les ministres de la Sant\u00e9 et de l&rsquo;Int\u00e9rieur ont donc d\u00e9cid\u00e9 de \u00ab<em>n\u00e9gocier les prochaines semaines avec beaucoup de vigilance<\/em>\u00bb. Ils ont \u00e9dict\u00e9 des \u00ab<em>r\u00e8gles plus strictes<\/em>\u00bb lors d&rsquo;une conf\u00e9rence de presse ce jeudi en fin d&rsquo;apr\u00e8s-midi. <\/p>\n\n\n\n<h2 class=\"wp-block-heading\"><strong>L<\/strong>&lsquo;objectif de 5000 nouveaux cas ne sera pas atteint le 15 d\u00e9cembre<\/h2>\n\n\n\n<p>\u00ab<em>Nous ne sommes pas encore sortis de la deuxi\u00e8me vague<\/em>\u00bb, a indiqu\u00e9 le ministre de la Sant\u00e9, affirmant que l&rsquo;objectif de 5000 nouveaux cas par jour, fix\u00e9 par Emmanuel Macron, ne sera pas atteint le 15 d\u00e9cembre. \u00ab<em>Si nous ne changeons rien<\/em>\u00bb, le \u00ab<em>risque<\/em>\u00bb est donc \u00ab<em>que la deuxi\u00e8me vague reparte dans les prochaines semaines, que les cas graves se remettent \u00e0 augmenter<\/em>\u00bb, met en garde le ministre.<\/p>\n\n\n\n<h2 class=\"wp-block-heading\"><strong>Couvre-feu de 20 heures \u00e0 6 heures d\u00e8s le 15 d\u00e9cembre<\/strong><\/h2>\n\n\n\n<p>La mesure a \u00e9t\u00e9 \u00ab<em>durcie<\/em>\u00bb.&nbsp;<a href=\"https:\/\/www.lefigaro.fr\/flash-actu\/un-couvre-feu-a-partir-de-20-heures-le-15-decembre-les-lieux-culturels-restent-fermes-20201210\">D\u00e8s le 15 d\u00e9cembre, un couvre-feu sera instaur\u00e9 de 20 heures \u00e0 6 heures<\/a>, et non pas de 21 heures \u00e0 7 heures, comme cela avait initialement \u00e9t\u00e9 envisag\u00e9. Ce confinement nocturne sera \u00ab<em>strictement contr\u00f4l\u00e9<\/em>\u00bb, et la pratique du sport ne sera pas autoris\u00e9e. Tout contrevenant s&rsquo;exposera \u00e0 une amende de 135 euros, et il faudra se munir d&rsquo;une attestation justifiant de l&rsquo;une des d\u00e9rogations suivantes&nbsp;:<\/p>\n\n\n\n<p>&#8211; motifs professionnels ;<\/p>\n\n\n\n<p>&#8211; motifs familiaux imp\u00e9rieux ;<\/p>\n\n\n\n<p>&#8211; missions d&rsquo;int\u00e9r\u00eat g\u00e9n\u00e9ral ;<\/p>\n\n\n\n<p>&#8211; raisons m\u00e9dicales ;<\/p>\n\n\n\n<p>&#8211; personne en situation de handicap et accompagnant ;<\/p>\n\n\n\n<p>&#8211; besoins des animaux de compagnie.<\/p>\n\n\n\n<h2 class=\"wp-block-heading\"><strong>D\u00e9placements interr\u00e9gionaux et \u00e0 l&rsquo;\u00e9tranger autoris\u00e9s le 15 d\u00e9cembre<\/strong><\/h2>\n\n\n\n<p>La fin de la limite des 20 kilom\u00e8tres. Les d\u00e9placements seront de nouveau autoris\u00e9s \u00ab<em>partout en France<\/em>\u00bb et \u00e0 l&rsquo;\u00e9tranger \u00e0 partir du 15 d\u00e9cembre. Il sera donc possible se rendre d&rsquo;une r\u00e9gion \u00e0 l&rsquo;autre sans attestation dans la journ\u00e9e, avant le couvre-feu.<\/p>\n\n\n\n<h2 class=\"wp-block-heading\"><strong>Exception au couvre-feu le 24 d\u00e9cembre, pour le r\u00e9veillon de No\u00ebl<\/strong><\/h2>\n\n\n\n<p>No\u00ebl \u00ab<em>occupe une place \u00e0 part dans nos vies et dans nos traditions<\/em>\u00bb. C&rsquo;est pourquoi\u00a0<a href=\"https:\/\/www.lefigaro.fr\/sciences\/covid-19-comment-limiter-les-risques-pendant-les-fetes-20201207\">l&rsquo;ex\u00e9cutif a d\u00e9cid\u00e9 de maintenir l&rsquo;exception au couvre-feu<\/a>\u00a0pr\u00e9vue le 24 d\u00e9cembre au soir. \u00c0 condition, toutefois, de respecter la \u00ab<em>recommandation<\/em>\u00bb qui consiste \u00e0 ne pas r\u00e9unir \u00ab<em>plus de 6 adultes \u00e0 la fois<\/em>\u00bb.<\/p>\n\n\n\n<h2 class=\"wp-block-heading\"><strong>Pas forc\u00e9ment une bonne id\u00e9e de se faire tester avant de rejoindre sa famille \u00e0 No\u00ebl<\/strong><\/h2>\n\n\n\n<p>Faut-il se faire tester avant d&rsquo;aller f\u00eater No\u00ebl en famille&nbsp;? Pas forc\u00e9ment, a r\u00e9pondu le ministre de la Sant\u00e9 Olivier V\u00e9ran. Car si des millions de Fran\u00e7ais vont se faire tester, des faux n\u00e9gatifs risquent de se multiplier, accentuant les risques de contamination en famille, d&rsquo;abord ; et des millions de tests risquent d&rsquo;engorger les laboratoires, perturbant leur bon fonctionnement. Le test n&rsquo;est \u00ab<em>pas un totem d&rsquo;immunit\u00e9<\/em>\u00bb, a mis en garde le ministre.<\/p>\n\n\n\n<h2 class=\"wp-block-heading\"><strong>Il faudra finalement rester chez soi le 31 d\u00e9cembre, pour le Nouvel An<\/strong><\/h2>\n\n\n\n<p>Certes, c&rsquo;est un \u00ab<em>moment traditionnellement festif<\/em>\u00bb. Mais il \u00ab<em>concentre tous les ingr\u00e9dients d&rsquo;un rebond \u00e9pid\u00e9mique<\/em>\u00bb. C&rsquo;est pourquoi le Nouvel An ne b\u00e9n\u00e9ficiera finalement pas d&rsquo;une exception au couvre-feu, contrairement \u00e0 ce qui avait \u00e9t\u00e9 initialement envisag\u00e9. Il faudra donc rester chez soi pour la Saint-Sylvestre, le 31 d\u00e9cembre au soir.<\/p>\n\n\n\n<h2 class=\"wp-block-heading\"><strong>Mus\u00e9es, th\u00e9\u00e2tres et cin\u00e9mas ferm\u00e9s jusqu&rsquo;au 7 janvier au mieux<\/strong><\/h2>\n\n\n\n<p>Encore un peu de patience pour les \u00e9tablissements culturels. Leur r\u00e9ouverture, pr\u00e9vue le 15 d\u00e9cembre, n&rsquo;aura finalement pas lieu avant le 7 janvier au mieux. Cin\u00e9mas ; th\u00e9\u00e2tres ; mus\u00e9es ; cirques ; enceintes sportives &#8211; comme les stades &#8211; ; casinos ; salles de jeu ; et zoos devront garder le rideau baiss\u00e9 \u00ab<em>trois semaines de plus<\/em>\u00bb, a annonc\u00e9 le premier ministre. Leur cas sera r\u00e9examin\u00e9 d\u00e9but janvier par l&rsquo;ex\u00e9cutif, qui prendra sa d\u00e9cision en fonction de l&rsquo;\u00e9volution de l&rsquo;\u00e9pid\u00e9mie.<\/p>\n\n\n\n<h2 class=\"wp-block-heading\"><strong>Les caf\u00e9s, bars, restaurants et salles de sport gardent espoir d&rsquo;ouvrir le 20 janvier<\/strong><\/h2>\n\n\n\n<p>Malgr\u00e9 le d\u00e9lai suppl\u00e9mentaire impos\u00e9 aux \u00e9tablissements accueillant du public qui devaient rouvrir le 15 d\u00e9cembre, l&rsquo;horizon de r\u00e9ouverture pour les caf\u00e9s, bars, restaurants et salles de sport demeure pour l&rsquo;instant fix\u00e9e au \u00ab<em>20 janvier<\/em>\u00bb, a pr\u00e9cis\u00e9 Jean Castex.<\/p>\n\n\n\n<h2 class=\"wp-block-heading\"><strong>L&rsquo;isolement obligatoire des malades abandonn\u00e9 car il&nbsp;<\/strong>\u00abne fait pas consensus\u00bb<\/h2>\n\n\n\n<p><a href=\"https:\/\/www.lefigaro.fr\/politique\/isolement-obligatoire-des-malades-jean-castex-annonce-un-projet-de-loi-20201126\">\u00c9voqu\u00e9 par le chef de l&rsquo;\u00c9tat, l&rsquo;isolement obligatoire des malades<\/a>&nbsp;ne sera pas instaur\u00e9. Il \u00abne fait pas consensus\u00bb, a indiqu\u00e9 Jean Castex, en soulignant des questions \u00ab<em>\u00e9thiques<\/em>\u00bb et \u00ab<em>sanitaires<\/em>\u00bb, avec \u00ab<em>la crainte que certains h\u00e9sitent \u00e0 se faire d\u00e9pister de peur d&rsquo;\u00eatre soumis \u00e0 une telle contrainte<\/em>\u00bb. Le premier ministre pr\u00e9f\u00e8re \u00e0 la place \u00ab<em>renforcer<\/em>\u00bb l&rsquo;accompagnement des malades.<\/p>\n\n\n\n<p><\/p>\n\n\n\n<p><\/p>\n\n\n\n<p><\/p>\n\n\n\n<p><\/p>\n\n\n\n<p><\/p>\n","protected":false},"excerpt":{"rendered":"<p>face \u00e0 la r\u00e9cente d\u00e9gradation des indicateurs \u00e9pid\u00e9miques, le premier ministre a de nouveau tir\u00e9 la sonnette d&rsquo;alarme sur la circulation du Covid-19. Il a invit\u00e9 les Fran\u00e7ais \u00e0 rester vigilants durant les f\u00eates de fin d&rsquo;ann\u00e9e pour esp\u00e9rer vaincre le virus. Le virus ne prend pas de vacances. \u00c0 une semaine du d\u00e9confinement progressif [&hellip;]<\/p>\n","protected":false},"author":2,"featured_media":17299,"comment_status":"open","ping_status":"open","sticky":false,"template":"","format":"standard","meta":{"_jetpack_memberships_contains_paid_content":false,"footnotes":"","jetpack_publicize_message":"","jetpack_publicize_feature_enabled":true,"jetpack_social_post_already_shared":true,"jetpack_social_options":{"image_generator_settings":{"template":"highway","default_image_id":0,"font":"","enabled":false},"version":2},"_wpas_customize_per_network":false},"categories":[405],"tags":[],"class_list":["post-17298","post","type-post","status-publish","format-standard","has-post-thumbnail","hentry","category-actu-france-monde"],"jetpack_publicize_connections":[],"jetpack_featured_media_url":"https:\/\/i0.wp.com\/www.iceagetv.com\/radiosite\/wp-content\/uploads\/2020\/12\/couvre-feu-%C3%A0-20H.png?fit=606%2C348&ssl=1","jetpack_sharing_enabled":true,"_links":{"self":[{"href":"https:\/\/www.iceagetv.com\/radiosite\/wp-json\/wp\/v2\/posts\/17298","targetHints":{"allow":["GET"]}}],"collection":[{"href":"https:\/\/www.iceagetv.com\/radiosite\/wp-json\/wp\/v2\/posts"}],"about":[{"href":"https:\/\/www.iceagetv.com\/radiosite\/wp-json\/wp\/v2\/types\/post"}],"author":[{"embeddable":true,"href":"https:\/\/www.iceagetv.com\/radiosite\/wp-json\/wp\/v2\/users\/2"}],"replies":[{"embeddable":true,"href":"https:\/\/www.iceagetv.com\/radiosite\/wp-json\/wp\/v2\/comments?post=17298"}],"version-history":[{"count":1,"href":"https:\/\/www.iceagetv.com\/radiosite\/wp-json\/wp\/v2\/posts\/17298\/revisions"}],"predecessor-version":[{"id":17300,"href":"https:\/\/www.iceagetv.com\/radiosite\/wp-json\/wp\/v2\/posts\/17298\/revisions\/17300"}],"wp:featuredmedia":[{"embeddable":true,"href":"https:\/\/www.iceagetv.com\/radiosite\/wp-json\/wp\/v2\/media\/17299"}],"wp:attachment":[{"href":"https:\/\/www.iceagetv.com\/radiosite\/wp-json\/wp\/v2\/media?parent=17298"}],"wp:term":[{"taxonomy":"category","embeddable":true,"href":"https:\/\/www.iceagetv.com\/radiosite\/wp-json\/wp\/v2\/categories?post=17298"},{"taxonomy":"post_tag","embeddable":true,"href":"https:\/\/www.iceagetv.com\/radiosite\/wp-json\/wp\/v2\/tags?post=17298"}],"curies":[{"name":"wp","href":"https:\/\/api.w.org\/{rel}","templated":true}]}}