{"id":17307,"date":"2020-12-11T10:22:28","date_gmt":"2020-12-11T10:22:28","guid":{"rendered":"http:\/\/www.iceagetv.com\/radiosite\/?p=17307"},"modified":"2020-12-11T10:22:28","modified_gmt":"2020-12-11T10:22:28","slug":"mediapro-annonce-larret-de-telefoot-a-ses-salaries","status":"publish","type":"post","link":"https:\/\/www.iceagetv.com\/radiosite\/mediapro-annonce-larret-de-telefoot-a-ses-salaries\/","title":{"rendered":"Mediapro annonce l&rsquo;arr\u00eat de T\u00e9l\u00e9foot \u00e0 ses salari\u00e9s"},"content":{"rendered":"\n<p>\u00a0Le feuilleton Mediapro-LFP concernant les droits TV touche \u00e0 sa fin. Les deux parties ont trouv\u00e9 un accord et la cha\u00eene T\u00e9l\u00e9foot va s&rsquo;arr\u00eater. Une r\u00e9union se tient ce vendredi matin dans les locaux de la cha\u00eene T\u00e9l\u00e9foot depuis 10h15. Elle a \u00e9t\u00e9 convoqu\u00e9e \u00e0 la h\u00e2te. Selon nos informations, Julien Bergeaud, le directeur g\u00e9n\u00e9ral, a annonc\u00e9 qu&rsquo;un accord avait \u00e9t\u00e9 trouv\u00e9 avec la Ligue de football professionnel (LFP) et que la cha\u00eene allait s&rsquo;arr\u00eater, sans donner encore de dates pr\u00e9cises. On se dirige donc vers l&rsquo;\u00e9pilogue d&rsquo;un dossier d\u00e9but\u00e9 en septembre, quand Mediapro avait refus\u00e9 de payer l&rsquo;\u00e9ch\u00e9ance du mois d&rsquo;octobre (172,3 M\u20ac) &#8211;\u00a0<a rel=\"noreferrer noopener\" href=\"https:\/\/www.lequipe.fr\/Medias\/Actualites\/Mediapro-ne-devrait-pas-payer-la-prochaine-echeance-des-droits-tele-a-la-lfp\/1186055\" target=\"_blank\">elle n&rsquo;a pas non plus vers\u00e9 celle de d\u00e9cembre (152,5 M\u20ac)<\/a>. <\/p>\n\n\n\n<p>Marc S\u00e9n\u00e9chal, le conciliateur nomm\u00e9 par le Tribunal de commerce de Nanterre afin de d\u00e9nouer ce conflit, est donc parvenu \u00e0 rapprocher la Ligue et le diffuseur sino-espagnol qui avait acquis les principaux matches de L1 et de L2 (pour la p\u00e9riode 2020-2024) contre 830 M\u20ac annuels. La date du 18 d\u00e9cembre, soit dans une semaine, avait \u00e9t\u00e9 avanc\u00e9e comme deadline \u00e0 cette proc\u00e9dure.<\/p>\n\n\n\n<p>En parall\u00e8le, se tient au m\u00eame moment un conseil d&rsquo;administration de la LFP. Des n\u00e9gociations se sont d\u00e9roul\u00e9es jusque tard la nuit derni\u00e8re. Reste \u00e0 conna\u00eetre le calendrier d\u00e9finitif de cette sortie de crise.<\/p>\n\n\n\n<p><\/p>\n","protected":false},"excerpt":{"rendered":"<p>\u00a0Le feuilleton Mediapro-LFP concernant les droits TV touche \u00e0 sa fin. Les deux parties ont trouv\u00e9 un accord et la cha\u00eene T\u00e9l\u00e9foot va s&rsquo;arr\u00eater. Une r\u00e9union se tient ce vendredi matin dans les locaux de la cha\u00eene T\u00e9l\u00e9foot depuis 10h15. Elle a \u00e9t\u00e9 convoqu\u00e9e \u00e0 la h\u00e2te. Selon nos informations, Julien Bergeaud, le directeur g\u00e9n\u00e9ral, [&hellip;]<\/p>\n","protected":false},"author":2,"featured_media":17308,"comment_status":"open","ping_status":"open","sticky":false,"template":"","format":"standard","meta":{"_jetpack_memberships_contains_paid_content":false,"footnotes":"","jetpack_publicize_message":"","jetpack_publicize_feature_enabled":true,"jetpack_social_post_already_shared":true,"jetpack_social_options":{"image_generator_settings":{"template":"highway","default_image_id":0,"font":"","enabled":false},"version":2},"_wpas_customize_per_network":false},"categories":[68],"tags":[],"class_list":["post-17307","post","type-post","status-publish","format-standard","has-post-thumbnail","hentry","category-actu-culturelle"],"jetpack_publicize_connections":[],"jetpack_featured_media_url":"https:\/\/i0.wp.com\/www.iceagetv.com\/radiosite\/wp-content\/uploads\/2020\/12\/Mediapro-annonce-larr%C3%AAt-de-T%C3%A9l%C3%A9foot-%C3%A0-ses-salari%C3%A9s.png?fit=682%2C458&ssl=1","jetpack_sharing_enabled":true,"_links":{"self":[{"href":"https:\/\/www.iceagetv.com\/radiosite\/wp-json\/wp\/v2\/posts\/17307","targetHints":{"allow":["GET"]}}],"collection":[{"href":"https:\/\/www.iceagetv.com\/radiosite\/wp-json\/wp\/v2\/posts"}],"about":[{"href":"https:\/\/www.iceagetv.com\/radiosite\/wp-json\/wp\/v2\/types\/post"}],"author":[{"embeddable":true,"href":"https:\/\/www.iceagetv.com\/radiosite\/wp-json\/wp\/v2\/users\/2"}],"replies":[{"embeddable":true,"href":"https:\/\/www.iceagetv.com\/radiosite\/wp-json\/wp\/v2\/comments?post=17307"}],"version-history":[{"count":1,"href":"https:\/\/www.iceagetv.com\/radiosite\/wp-json\/wp\/v2\/posts\/17307\/revisions"}],"predecessor-version":[{"id":17309,"href":"https:\/\/www.iceagetv.com\/radiosite\/wp-json\/wp\/v2\/posts\/17307\/revisions\/17309"}],"wp:featuredmedia":[{"embeddable":true,"href":"https:\/\/www.iceagetv.com\/radiosite\/wp-json\/wp\/v2\/media\/17308"}],"wp:attachment":[{"href":"https:\/\/www.iceagetv.com\/radiosite\/wp-json\/wp\/v2\/media?parent=17307"}],"wp:term":[{"taxonomy":"category","embeddable":true,"href":"https:\/\/www.iceagetv.com\/radiosite\/wp-json\/wp\/v2\/categories?post=17307"},{"taxonomy":"post_tag","embeddable":true,"href":"https:\/\/www.iceagetv.com\/radiosite\/wp-json\/wp\/v2\/tags?post=17307"}],"curies":[{"name":"wp","href":"https:\/\/api.w.org\/{rel}","templated":true}]}}