{"id":17313,"date":"2020-12-11T19:54:27","date_gmt":"2020-12-11T19:54:27","guid":{"rendered":"http:\/\/www.iceagetv.com\/radiosite\/?p=17313"},"modified":"2020-12-11T19:54:27","modified_gmt":"2020-12-11T19:54:27","slug":"climat-paris-prend-de-nouvelles-mesures-contre-le-rechauffement","status":"publish","type":"post","link":"https:\/\/www.iceagetv.com\/radiosite\/climat-paris-prend-de-nouvelles-mesures-contre-le-rechauffement\/","title":{"rendered":"Climat : Paris prend de nouvelles mesures contre le r\u00e9chauffement"},"content":{"rendered":"\n<p>Pour c\u00e9l\u00e9brer les cinq ans de l&rsquo;accord de Paris apr\u00e8s la COP 21 au Bourget en 2015, la Ville organisait jeudi et vendredi un&nbsp;<a target=\"_blank\" href=\"https:\/\/0carbone.fr\/forum-zero-carbone\/#1605783373814-8979a1e4-fa68\" rel=\"noreferrer noopener\">forum z\u00e9ro carbone<\/a>. En marge de cet \u00e9v\u00e8nement l&rsquo;adjoint en charge du Plan Climat a pr\u00e9sent\u00e9 plusieurs mesures pour limiter les \u00e9missions de gaz \u00e0 effet de serre.<\/p>\n\n\n\n<h2 class=\"wp-block-heading\">Toujours plus de vert<\/h2>\n\n\n\n<p>Parmi les mesures de lutte directe contre les \u00e9missions de gaz \u00e0 effet de serre, il y a la&nbsp;<strong>v\u00e9g\u00e9talisation<\/strong>. Et notamment avec la cr\u00e9ation de promenades plant\u00e9es et ombrag\u00e9es. Cela passera aussi par la r\u00e9alisation d&rsquo;une promesse de campagne&nbsp;: d\u00e9couvrir la Bi\u00e8vre, la rivi\u00e8re qui prend sa source dans les Yvelines et se jetait dans la Seine au niveau du pont d&rsquo;Austerlitz, totalement recouverte intra-muros au d\u00e9but du 20\u00e8me si\u00e8cle.<\/p>\n\n\n\n<p>Autre id\u00e9e,&nbsp;<strong>poser des volets aux fen\u00eatres<\/strong>&nbsp;des habitations pour \u00e9viter les d\u00e9perditions d&rsquo;\u00e9nergie. De son c\u00f4t\u00e9, le plan solaire, d\u00e9j\u00e0 engag\u00e9 dans plusieurs quartiers de la capitale, sera poursuivi pour installer un plus grand nombre de panneaux photovolta\u00efques sur les b\u00e2timents publics.<\/p>\n\n\n\n<h2 class=\"wp-block-heading\">Un \u00ab\u00a0GIEC de Paris\u00a0\u00bb<\/h2>\n\n\n\n<p>Paris annonce qu&rsquo;elle va cr\u00e9er son propre&nbsp;<strong>Groupe d&rsquo;experts sur l&rsquo;\u00e9volution du climat<\/strong>, sur le mod\u00e8le du GIEC des Nations-Unies. Il devra analyser les impacts du changement climatique et aider \u00e0 la prise de d\u00e9cision politique.<\/p>\n\n\n\n<p>La Ville va \u00e9galement proposer un \u00ab\u00a0<strong>op\u00e9rateur de compensation carbone<\/strong>\u00ab\u00a0. Cela vous permettra si vous prenez l&rsquo;avion de compenser vos \u00e9missions en finan\u00e7ant des projets bas carbone. Mais cela fait reposer l&rsquo;action sur le citoyen, et son portefeuille.<\/p>\n","protected":false},"excerpt":{"rendered":"<p>Pour c\u00e9l\u00e9brer les cinq ans de l&rsquo;accord de Paris apr\u00e8s la COP 21 au Bourget en 2015, la Ville organisait jeudi et vendredi un&nbsp;forum z\u00e9ro carbone. En marge de cet \u00e9v\u00e8nement l&rsquo;adjoint en charge du Plan Climat a pr\u00e9sent\u00e9 plusieurs mesures pour limiter les \u00e9missions de gaz \u00e0 effet de serre. Toujours plus de vert [&hellip;]<\/p>\n","protected":false},"author":2,"featured_media":17314,"comment_status":"open","ping_status":"open","sticky":false,"template":"","format":"standard","meta":{"_jetpack_memberships_contains_paid_content":false,"footnotes":"","jetpack_publicize_message":"","jetpack_publicize_feature_enabled":true,"jetpack_social_post_already_shared":true,"jetpack_social_options":{"image_generator_settings":{"template":"highway","default_image_id":0,"font":"","enabled":false},"version":2},"_wpas_customize_per_network":false},"categories":[405],"tags":[],"class_list":["post-17313","post","type-post","status-publish","format-standard","has-post-thumbnail","hentry","category-actu-france-monde"],"jetpack_publicize_connections":[],"jetpack_featured_media_url":"https:\/\/i0.wp.com\/www.iceagetv.com\/radiosite\/wp-content\/uploads\/2020\/12\/Climat-Paris-prend-de-nouvelles-mesures-contre-le-r%C3%A9chauffement.png?fit=742%2C417&ssl=1","jetpack_sharing_enabled":true,"_links":{"self":[{"href":"https:\/\/www.iceagetv.com\/radiosite\/wp-json\/wp\/v2\/posts\/17313","targetHints":{"allow":["GET"]}}],"collection":[{"href":"https:\/\/www.iceagetv.com\/radiosite\/wp-json\/wp\/v2\/posts"}],"about":[{"href":"https:\/\/www.iceagetv.com\/radiosite\/wp-json\/wp\/v2\/types\/post"}],"author":[{"embeddable":true,"href":"https:\/\/www.iceagetv.com\/radiosite\/wp-json\/wp\/v2\/users\/2"}],"replies":[{"embeddable":true,"href":"https:\/\/www.iceagetv.com\/radiosite\/wp-json\/wp\/v2\/comments?post=17313"}],"version-history":[{"count":1,"href":"https:\/\/www.iceagetv.com\/radiosite\/wp-json\/wp\/v2\/posts\/17313\/revisions"}],"predecessor-version":[{"id":17315,"href":"https:\/\/www.iceagetv.com\/radiosite\/wp-json\/wp\/v2\/posts\/17313\/revisions\/17315"}],"wp:featuredmedia":[{"embeddable":true,"href":"https:\/\/www.iceagetv.com\/radiosite\/wp-json\/wp\/v2\/media\/17314"}],"wp:attachment":[{"href":"https:\/\/www.iceagetv.com\/radiosite\/wp-json\/wp\/v2\/media?parent=17313"}],"wp:term":[{"taxonomy":"category","embeddable":true,"href":"https:\/\/www.iceagetv.com\/radiosite\/wp-json\/wp\/v2\/categories?post=17313"},{"taxonomy":"post_tag","embeddable":true,"href":"https:\/\/www.iceagetv.com\/radiosite\/wp-json\/wp\/v2\/tags?post=17313"}],"curies":[{"name":"wp","href":"https:\/\/api.w.org\/{rel}","templated":true}]}}