{"id":17329,"date":"2020-12-13T07:58:52","date_gmt":"2020-12-13T07:58:52","guid":{"rendered":"http:\/\/www.iceagetv.com\/radiosite\/?p=17329"},"modified":"2020-12-13T07:58:52","modified_gmt":"2020-12-13T07:58:52","slug":"rachida-dati-ce-gouvernement-cest-de-lamateurisme-la-politique-de-gerald-darmanin-se-resume-a-faire-des-tweets-en-disant-que-les-casseurs-sont-des-mechants","status":"publish","type":"post","link":"https:\/\/www.iceagetv.com\/radiosite\/rachida-dati-ce-gouvernement-cest-de-lamateurisme-la-politique-de-gerald-darmanin-se-resume-a-faire-des-tweets-en-disant-que-les-casseurs-sont-des-mechants\/","title":{"rendered":"Rachida Dati : \u00ab\u00a0Ce gouvernement, c&rsquo;est de l&rsquo;amateurisme. La politique de G\u00e9rald Darmanin se r\u00e9sume \u00e0 faire des tweets en disant que les casseurs sont des \u00abm\u00e9chants"},"content":{"rendered":"\n<p>Rachida Dati accorde une interview ce matin dans&nbsp;<a href=\"https:\/\/www.leparisien.fr\/politique\/rachida-dati-ce-gouvernement-c-est-l-amateurisme-juridique-et-politique-12-12-2020-8413940.php\" target=\"_blank\" rel=\"noreferrer noopener\">le Parisien<\/a>&nbsp;dans laquelle elle revient sur les propos d&rsquo;Emmanuel Macron \u00e0 propos du contr\u00f4le au faci\u00e8s. Pour l&rsquo;ancienne Garde des Sceaux, \u00ab\u00a0le pr\u00e9sident de la R\u00e9publique ne doit pas dire cela. En disant cela, Emmanuel Macron affaiblit l&rsquo;autorit\u00e9 de la police. Il oublie aussi que les forces de s\u00e9curit\u00e9 sont \u00e9puis\u00e9es et sont devenues le dernier rempart dans un pays o\u00f9 tous les rep\u00e8res d&rsquo;autorit\u00e9 sont remis en cause.\u00a0\u00bb<\/p>\n\n\n\n<p>La Maire est \u00e9galement interrog\u00e9e sur la politique du gouvernement qui selon certains, \u00ab\u00a0mettrait \u00e0 mal les libert\u00e9s publiques en France\u00a0\u00bb. Pour Rachida Dati, \u00ab\u00a0la mesure la plus adapt\u00e9e&nbsp; pour contr\u00f4ler les Black Bloc serait d&rsquo;interdire de manifester ou de para\u00eetre \u00e0 tout individu qui a fait l&rsquo;objet d&rsquo;une sanction p\u00e9nale, d&rsquo;une mesure de garde \u00e0 vue r\u00e9p\u00e9t\u00e9e ou pour lequel il existe des indices concordants quant \u00e0 sa participation \u00e0 des manifestations violentes lors des deux \u00e0 trois derni\u00e8res ann\u00e9es. Mais ce gouvernement, c&rsquo;est l&rsquo;amateurisme juridique et politique. La politique de G\u00e9rald Darmanin se r\u00e9sume \u00e0 faire des tweets en disant que les casseurs sont des \u00ab m\u00e9chants \u00bb!<\/p>\n","protected":false},"excerpt":{"rendered":"<p>Rachida Dati accorde une interview ce matin dans&nbsp;le Parisien&nbsp;dans laquelle elle revient sur les propos d&rsquo;Emmanuel Macron \u00e0 propos du contr\u00f4le au faci\u00e8s. Pour l&rsquo;ancienne Garde des Sceaux, \u00ab\u00a0le pr\u00e9sident de la R\u00e9publique ne doit pas dire cela. En disant cela, Emmanuel Macron affaiblit l&rsquo;autorit\u00e9 de la police. Il oublie aussi que les forces de [&hellip;]<\/p>\n","protected":false},"author":2,"featured_media":17330,"comment_status":"open","ping_status":"open","sticky":false,"template":"","format":"standard","meta":{"_jetpack_memberships_contains_paid_content":false,"footnotes":"","jetpack_publicize_message":"","jetpack_publicize_feature_enabled":true,"jetpack_social_post_already_shared":true,"jetpack_social_options":{"image_generator_settings":{"template":"highway","default_image_id":0,"font":"","enabled":false},"version":2},"_wpas_customize_per_network":false},"categories":[405],"tags":[],"class_list":["post-17329","post","type-post","status-publish","format-standard","has-post-thumbnail","hentry","category-actu-france-monde"],"jetpack_publicize_connections":[],"jetpack_featured_media_url":"https:\/\/i0.wp.com\/www.iceagetv.com\/radiosite\/wp-content\/uploads\/2020\/12\/Ce-gouvernement.png?fit=513%2C264&ssl=1","jetpack_sharing_enabled":true,"_links":{"self":[{"href":"https:\/\/www.iceagetv.com\/radiosite\/wp-json\/wp\/v2\/posts\/17329","targetHints":{"allow":["GET"]}}],"collection":[{"href":"https:\/\/www.iceagetv.com\/radiosite\/wp-json\/wp\/v2\/posts"}],"about":[{"href":"https:\/\/www.iceagetv.com\/radiosite\/wp-json\/wp\/v2\/types\/post"}],"author":[{"embeddable":true,"href":"https:\/\/www.iceagetv.com\/radiosite\/wp-json\/wp\/v2\/users\/2"}],"replies":[{"embeddable":true,"href":"https:\/\/www.iceagetv.com\/radiosite\/wp-json\/wp\/v2\/comments?post=17329"}],"version-history":[{"count":1,"href":"https:\/\/www.iceagetv.com\/radiosite\/wp-json\/wp\/v2\/posts\/17329\/revisions"}],"predecessor-version":[{"id":17331,"href":"https:\/\/www.iceagetv.com\/radiosite\/wp-json\/wp\/v2\/posts\/17329\/revisions\/17331"}],"wp:featuredmedia":[{"embeddable":true,"href":"https:\/\/www.iceagetv.com\/radiosite\/wp-json\/wp\/v2\/media\/17330"}],"wp:attachment":[{"href":"https:\/\/www.iceagetv.com\/radiosite\/wp-json\/wp\/v2\/media?parent=17329"}],"wp:term":[{"taxonomy":"category","embeddable":true,"href":"https:\/\/www.iceagetv.com\/radiosite\/wp-json\/wp\/v2\/categories?post=17329"},{"taxonomy":"post_tag","embeddable":true,"href":"https:\/\/www.iceagetv.com\/radiosite\/wp-json\/wp\/v2\/tags?post=17329"}],"curies":[{"name":"wp","href":"https:\/\/api.w.org\/{rel}","templated":true}]}}