{"id":17344,"date":"2020-12-14T17:24:04","date_gmt":"2020-12-14T17:24:04","guid":{"rendered":"http:\/\/www.iceagetv.com\/radiosite\/?p=17344"},"modified":"2020-12-14T17:24:04","modified_gmt":"2020-12-14T17:24:04","slug":"football-gerard-houllier-est-mort-a-lage-de-73-ans","status":"publish","type":"post","link":"https:\/\/www.iceagetv.com\/radiosite\/football-gerard-houllier-est-mort-a-lage-de-73-ans\/","title":{"rendered":"Football : G\u00e9rard Houllier est mort \u00e0 l&rsquo;\u00e2ge de 73 ans"},"content":{"rendered":"\n<p>G\u00e9rard Houllier, ancien s\u00e9lectionneur de l&rsquo;\u00e9quipe de France de football et entra\u00eeneur de Liverpool et de l&rsquo;<a href=\"https:\/\/sport.francetvinfo.fr\/football\/gerard-houllier-dans-le-staff-de-lyon-335867\">OL<\/a>, est mort \u00e0 l&rsquo;\u00e2ge de 73&nbsp;ans, a appris franceinfo aupr\u00e8s du minist\u00e8re des Sports lundi 14 d\u00e9cembre.<\/p>\n\n\n\n<h2 class=\"wp-block-heading\">\u00ab\u00a0Le football fran\u00e7ais lui doit beaucoup\u00a0\u00bb<\/h2>\n\n\n\n<p><em>\u00ab\u00a0Avec la disparition de G\u00e9rard Houllier, la France perd un grand entra\u00eeneur et le football, un technicien reconnu partout dans le monde,<\/em>&nbsp;a \u00e9crit dans un tweet de condol\u00e9ances la ministre des Sports,&nbsp;Roxana Maracineanu.<em>&nbsp;Il \u00e9tait passionn\u00e9 par la transmission. Il va consid\u00e9rablement nous manquer.\u00a0\u00bb&nbsp;<\/em><\/p>\n\n\n\n<p><em>\u00ab\u00a0Le football fran\u00e7ais lui doit beaucoup\u00a0\u00bb,<\/em>&nbsp;a r\u00e9agi de son c\u00f4t\u00e9 No\u00ebl Le Gra\u00ebt, pr\u00e9sident de la F\u00e9d\u00e9ration fran\u00e7aise de football.<em>&nbsp;\u00ab\u00a0Le football fran\u00e7ais perd l\u2019un de ses plus grands techniciens, et la F\u00e9d\u00e9ration fran\u00e7aise l\u2019un de ses plus fid\u00e8les serviteurs. G\u00e9rard Houllier s\u2019est distingu\u00e9 \u00e0 tous les \u00e9chelons du football\u00a0\u00bb,<\/em>&nbsp;a-t-il soulign\u00e9, en faisant part de sa&nbsp;<em>\u00ab\u00a0grande \u00e9motion\u00a0\u00bb<\/em>&nbsp;et de sa&nbsp;<em>\u00ab\u00a0profonde tristesse\u00a0\u00bb.&nbsp;<\/em><\/p>\n\n\n\n<blockquote class=\"wp-block-quote is-layout-flow wp-block-quote-is-layout-flow\"><p>Au-del\u00e0 de ses qualit\u00e9s techniques unanimement reconnues, G\u00e9rard Houllier \u00e9tait un formidable p\u00e9dagogue, ouvert d\u2019esprit, chaleureux, accessible, profond\u00e9ment humain.\u00a0<\/p><\/blockquote>\n\n\n\n<p>N\u00e9 dans le Pas-de-Calais, il a commenc\u00e9 sa carri\u00e8re en tant que joueur amateur, notamment au Touquet, avant d&#8217;embrasser la carri\u00e8re d&rsquo;entra\u00eeneur professionnel. Apr\u00e8s un passage au RC Lens au d\u00e9but des ann\u00e9es 1980, G\u00e9rard Houllier s&rsquo;engage avec le&nbsp;<a href=\"https:\/\/www.francetvinfo.fr\/sports\/foot\/psg\/\">Paris Saint-Germain<\/a>&nbsp;pour la saison 1985-1986 et d\u00e9croche dans la foul\u00e9e le premier titre de champion de France du club.<\/p>\n\n\n\n<p>Il<em>\u00ab\u00a0fait partie de l&rsquo;histoire du PSG\u00a0\u00bb<\/em>, a r\u00e9agi Luis Fernandez, ancien joueur et antra\u00eeneur du club parisien, lundi 14 d\u00e9cembre sur franceinfo.<em>\u00ab\u00a0C&rsquo;est le premier entra\u00eeneur avec lequel j&rsquo;ai \u00e9t\u00e9 capitaine et champion de France<\/em>[en 1986],\u00a0<em>le premier titre qu&rsquo;on a eu l&rsquo;occasion de gagner avec ce club et G\u00e9rard en \u00e9tait l&rsquo;entra\u00eeneur. J&rsquo;en garde un bon souvenir. Il m&rsquo;avait donn\u00e9 la responsabilit\u00e9 d&rsquo;en \u00eatre le capitaine\u00a0\u00bb<\/em>,\u00a0se souvient Luis Fernandez.<em>\u00ab\u00a0C&rsquo;\u00e9tait quelqu&rsquo;un de tr\u00e8s humain, de tr\u00e8s proche\u00a0\u00bb<\/em>\u00a0de ses joueurs.<\/p>\n\n\n\n<p>En 1992, G\u00e9rard Houllier succ\u00e8de \u00e0 Michel Platini en tant que s\u00e9lectionneur national de l&rsquo;\u00e9quipe de France, mais \u00e9choue \u00e0 qualifier les Bleus pour la Coupe du monde 1994. Il d\u00e9missionne alors de ses fonctions mais reste directeur technique national.&nbsp;<em>\u00ab\u00a0Tous les entra\u00eeneurs sont critiqu\u00e9s<\/em>&nbsp;(\u2026)&nbsp;<em>Il n&rsquo;a peut-\u00eatre pas eu la bonne g\u00e9n\u00e9ration<\/em>&nbsp;[de joueurs]&nbsp;<em>pour r\u00e9ussir\u00a0\u00bb<\/em>,&nbsp;le d\u00e9fend Luis Fernandez.<\/p>\n\n\n\n<p>En 1998,&nbsp;G\u00e9rard Houllier quitte la DTN et part entra\u00eener le club mythique de Liverpool, en Angleterre, avec qui il remporte notamment la Coupe UEFA et la Supercoupe d&rsquo;Europe en 2001, avant de revenir en France en 2005 en tant qu&rsquo;entra\u00eeneur de l&rsquo;Olympique lyonnais jusqu&rsquo;en 2007 (deux titres de champion de France). En septembre 2016,&nbsp;le nordiste est de retour \u00e0 l&rsquo;OL,&nbsp;<a href=\"https:\/\/sport.francetvinfo.fr\/football\/gerard-houllier-dans-le-staff-de-lyon-335867\">en tant que \u00ab\u00a0conseiller ext\u00e9rieur\u00a0\u00bb.<\/a><\/p>\n\n\n\n<p><\/p>\n\n\n\n<blockquote class=\"wp-block-quote is-layout-flow wp-block-quote-is-layout-flow\"><p><\/p><\/blockquote>\n","protected":false},"excerpt":{"rendered":"<p>G\u00e9rard Houllier, ancien s\u00e9lectionneur de l&rsquo;\u00e9quipe de France de football et entra\u00eeneur de Liverpool et de l&rsquo;OL, est mort \u00e0 l&rsquo;\u00e2ge de 73&nbsp;ans, a appris franceinfo aupr\u00e8s du minist\u00e8re des Sports lundi 14 d\u00e9cembre. \u00ab\u00a0Le football fran\u00e7ais lui doit beaucoup\u00a0\u00bb \u00ab\u00a0Avec la disparition de G\u00e9rard Houllier, la France perd un grand entra\u00eeneur et le football, [&hellip;]<\/p>\n","protected":false},"author":2,"featured_media":17345,"comment_status":"open","ping_status":"open","sticky":false,"template":"","format":"standard","meta":{"_jetpack_memberships_contains_paid_content":false,"footnotes":"","jetpack_publicize_message":"","jetpack_publicize_feature_enabled":true,"jetpack_social_post_already_shared":true,"jetpack_social_options":{"image_generator_settings":{"template":"highway","default_image_id":0,"font":"","enabled":false},"version":2},"_wpas_customize_per_network":false},"categories":[18],"tags":[],"class_list":["post-17344","post","type-post","status-publish","format-standard","has-post-thumbnail","hentry","category-actu-sport"],"jetpack_publicize_connections":[],"jetpack_featured_media_url":"https:\/\/i0.wp.com\/www.iceagetv.com\/radiosite\/wp-content\/uploads\/2020\/12\/G%C3%A9rard-Houllier-est-mort-%C3%A0-l%C3%A2ge-de-73-ans.png?fit=936%2C513&ssl=1","jetpack_sharing_enabled":true,"_links":{"self":[{"href":"https:\/\/www.iceagetv.com\/radiosite\/wp-json\/wp\/v2\/posts\/17344","targetHints":{"allow":["GET"]}}],"collection":[{"href":"https:\/\/www.iceagetv.com\/radiosite\/wp-json\/wp\/v2\/posts"}],"about":[{"href":"https:\/\/www.iceagetv.com\/radiosite\/wp-json\/wp\/v2\/types\/post"}],"author":[{"embeddable":true,"href":"https:\/\/www.iceagetv.com\/radiosite\/wp-json\/wp\/v2\/users\/2"}],"replies":[{"embeddable":true,"href":"https:\/\/www.iceagetv.com\/radiosite\/wp-json\/wp\/v2\/comments?post=17344"}],"version-history":[{"count":1,"href":"https:\/\/www.iceagetv.com\/radiosite\/wp-json\/wp\/v2\/posts\/17344\/revisions"}],"predecessor-version":[{"id":17346,"href":"https:\/\/www.iceagetv.com\/radiosite\/wp-json\/wp\/v2\/posts\/17344\/revisions\/17346"}],"wp:featuredmedia":[{"embeddable":true,"href":"https:\/\/www.iceagetv.com\/radiosite\/wp-json\/wp\/v2\/media\/17345"}],"wp:attachment":[{"href":"https:\/\/www.iceagetv.com\/radiosite\/wp-json\/wp\/v2\/media?parent=17344"}],"wp:term":[{"taxonomy":"category","embeddable":true,"href":"https:\/\/www.iceagetv.com\/radiosite\/wp-json\/wp\/v2\/categories?post=17344"},{"taxonomy":"post_tag","embeddable":true,"href":"https:\/\/www.iceagetv.com\/radiosite\/wp-json\/wp\/v2\/tags?post=17344"}],"curies":[{"name":"wp","href":"https:\/\/api.w.org\/{rel}","templated":true}]}}