{"id":17347,"date":"2020-12-15T19:37:06","date_gmt":"2020-12-15T19:37:06","guid":{"rendered":"http:\/\/www.iceagetv.com\/radiosite\/?p=17347"},"modified":"2020-12-15T19:37:06","modified_gmt":"2020-12-15T19:37:06","slug":"qui-peut-desormais-circuler-apres-20h-le-mode-demploi-du-couvre-feu","status":"publish","type":"post","link":"https:\/\/www.iceagetv.com\/radiosite\/qui-peut-desormais-circuler-apres-20h-le-mode-demploi-du-couvre-feu\/","title":{"rendered":"Qui peut d\u00e9sormais circuler apr\u00e8s 20h ? Le mode d&#8217;emploi du couvre-feu"},"content":{"rendered":"\n<p>D\u00c9CONFINEMENT &#8211; Un couvre-feu \u00ab\u00a0strict\u00a0\u00bb sera mis en place \u00e0 compter de ce mardi 15 d\u00e9cembre dans toute la France. Pour se d\u00e9placer apr\u00e8s 20h, il faudra disposer d&rsquo;une attestation et d&rsquo;un motif bien pr\u00e9cis. Voici les d\u00e9tails. Apr\u00e8s le tour de vis, les nouvelles mesures entrent en application. \u00c0 partir de ce mardi 15 d\u00e9cembre, tout le monde devra \u00eatre chez soi \u00e0 partir de 20h. Lors de son discours prononc\u00e9 le 10 d\u00e9cembre, le Premier ministre Jean Castex a annonc\u00e9 un couvre-feu plus strict que celui annonc\u00e9 au d\u00e9part par le Pr\u00e9sident. \u00ab\u00a0<em>Il d\u00e9butera d\u00e8s 20 heures et non \u00e0 21 heures. Il sera strictement contr\u00f4l\u00e9 avec des possibilit\u00e9s de d\u00e9rogations limit\u00e9es\u00a0\u00bb<\/em>, a-t-il d\u00e9clar\u00e9.\u00a0 <\/p>\n\n\n\n<p>Le ministre de l&rsquo;Int\u00e9rieur, G\u00e9rald Darmanin, a pr\u00e9cis\u00e9 les nouvelles modalit\u00e9s de ce couvre-feu. Tout d&rsquo;abord, les attestations ne seront plus obligatoires &#8211; \u00e0 partir de ce mardi &#8211; pour se d\u00e9placer pendant la journ\u00e9e et il sera possible de se rendre librement dans les diff\u00e9rentes r\u00e9gions.&nbsp;En revanche, il faudra disposer d&rsquo;une attestation \u00e0 partir de 20h pour circuler.&nbsp;<\/p>\n\n\n\n<p>Le couvre-feu concernera toute la France &#8211; sauf les territoires ultramarins. Les d\u00e9placements seront donc interdits de 20 h \u00e0 6 h du matin. Le ministre de l&rsquo;Int\u00e9rieur a pr\u00e9cis\u00e9 que m\u00eame si un individu se trouve dans un magasin ouvert jusqu&rsquo;\u00e0 20&nbsp;h, il devra s&rsquo;organiser pour \u00eatre chez lui \u00e0 20 h. En revanche, l&#8217;employ\u00e9 de ce m\u00eame magasin qui ferme \u00e0 20h sera autoris\u00e9 \u00e0 rentrer chez lui m\u00eame apr\u00e8s cette heure d\u00e8s lors qu&rsquo;il poss\u00e8de une attestation.<\/p>\n\n\n\n<p>Seul \u00ab\u00a0<em>un nombre limit\u00e9 de d\u00e9rogations\u00a0\u00bb<\/em>&nbsp;sont ainsi pr\u00e9vues. Sans surprise, G\u00e9rald Darmanin a affirm\u00e9 que les d\u00e9placements entre le domicile et le lieu de travail seront autoris\u00e9s&nbsp;&#8211; notamment pour ceux qui travaillent de nuit<em>.&nbsp;<\/em><\/p>\n\n\n\n<h3 class=\"wp-block-heading\">Raisons m\u00e9dicales, motifs familiaux imp\u00e9rieux&#8230;<\/h3>\n\n\n\n<p>Parmi les autres motifs d&rsquo;autorisation\u202f? Les d\u00e9placements pour<strong>&nbsp;raison de sant\u00e9<\/strong>&nbsp;seront autoris\u00e9s.&nbsp;<em>\u00ab\u00a0Par exemple aller \u00e0 l&rsquo;h\u00f4pital ou se rendre dans une pharmacie de garde\u00a0\u00bb<\/em>.&nbsp;Il sera aussi possible de se d\u00e9placer pour&nbsp;<strong>des motifs familiaux imp\u00e9rieux, la garde d&rsquo;enfant ou porter assistance \u00e0 personne vuln\u00e9rable. Les missions d&rsquo;int\u00e9r\u00eat g\u00e9n\u00e9ral ou la promenade des animaux de compagnies restent aussi autoris\u00e9s entre 20 h et 6 h.<\/strong><\/p>\n\n\n\n<p>La pratique sportive et la balade en plein air ne seront pas autoris\u00e9s entre 20 h et 6 h<em>, \u00ab\u00a0dans la mesure o\u00f9 elle pourra se d\u00e9rouler en pleine journ\u00e9e\u00a0\u00bb<\/em>, a ajout\u00e9 G\u00e9rald Darmanin.&nbsp;<\/p>\n\n\n\n<p>Enfin, il n&rsquo;y aura pas de couvre-feu, le soir du 24 d\u00e9cembre, ce qui laissera la possibilit\u00e9 aux fid\u00e8les chr\u00e9tiens de participer aux traditionnelles \u00ab\u00a0messes de minuit\u00a0\u00bb.\u00a0<\/p>\n\n\n\n<p>\n\nRenforcer davantage le dispositif de contr\u00f4le<strong>&#8211; Gerald Darmanin, ministre de l&rsquo;Int\u00e9rieur<\/strong><\/p>\n\n\n\n<p>Pour circuler, vous devrez donc vous munir d&rsquo;une nouvelle attestation de d\u00e9placement. Le ministre de l&rsquo;Int\u00e9rieur a pr\u00e9cis\u00e9 qu&rsquo;il faudra pr\u00e9senter celle-ci aux forces de l&rsquo;ordre et justifier ses d\u00e9placements par des documents si n\u00e9cessaire. Le montant de l&rsquo;amende, en cas de non-respect du couvre-feu, reste \u00e0 135 euros.&nbsp;<\/p>\n\n\n\n<h3 class=\"wp-block-heading\">Et si vous avez un train arrivant apr\u00e8s 20h ?<\/h3>\n\n\n\n<p>Et en cas de d\u00e9placements ? &nbsp;Si vous avez r\u00e9serv\u00e9 un billet de train arrivant en gare apr\u00e8s 20h, la pr\u00e9sentation de votre billet servira de justificatif<a href=\"https:\/\/www.lci.fr\/societe\/couvre-feu-sncf-les-trains-circuleront-normalement-a-partir-du-15-decembre-meme-apres-20h-2172534.html\">. La SNCF a en effet maintenu ses trajets \u00e0 partir du 15 d\u00e9cembre.&nbsp;<\/a>M\u00eame chose avec les billets d&rsquo;avion. En revanche, les d\u00e9parts en vacance en voiture \u00e0 des horaires tardifs sont \u00e0 proscrire.&nbsp;<\/p>\n\n\n\n<p>Le couvre-feu sera-t-il plus strict\u202f? G\u00e9rald Darmanin a demand\u00e9 aux forces de l&rsquo;ordre de<em>\u00a0\u00ab\u00a0renforcer davantage le dispositif de contr\u00f4le\u00a0\u00bb.\u00a0<\/em>Au total, 2,9 millions de contr\u00f4les ont \u00e9t\u00e9 diligent\u00e9s et plus de 285 000 verbalisations ont \u00e9t\u00e9 \u00e9tablies depuis le 30 octobre, selon les chiffres du minist\u00e8re de l&rsquo;Int\u00e9rieur.<em>\u00a0\u00ab\u00a0Il est fondamental que ces r\u00e8gles soient respect\u00e9s par tous pour contenir l&rsquo;\u00e9pid\u00e9mie\u00a0\u00bb<\/em>, a-t-il martel\u00e9.\u00a0<\/p>\n\n\n\n<p>G\u00e9rald Darmanin a aussi affirm\u00e9 qu&rsquo;il fallait \u00eatre&nbsp;<em>\u00ab\u00a0particuli\u00e8rement vigilant dans les lieux de rencontre, les grands magasins et les centres commerciaux&rsquo;.&nbsp;<\/em>Il a donc demand\u00e9 aupr\u00e9fet de renforcer les contr\u00f4les afin que ces \u00e9tablissements respectent bien les r\u00e8gles sanitaires. Le ministre a pr\u00e9venu qu&rsquo;il serait<em>&nbsp;\u00ab\u00a0intransigeant\u00a0\u00bb&nbsp;<\/em>sur l&rsquo;organisation des rassemblements non autoris\u00e9s et les f\u00eates sauvages.&nbsp;<\/p>\n\n\n\n<p>Enfin, il a rappel\u00e9 que les forces de s\u00e9curit\u00e9 assureront les contr\u00f4les avec&nbsp;<em>\u00ab\u00a0tact\u00a0\u00bb<\/em>&nbsp;et<em>&nbsp;\u00ab\u00a0mesure\u00a0\u00bb<\/em>, tout en ajoutant qu&rsquo;il&nbsp;<em>\u00ab\u00a0n&rsquo;y aura pas de consignes d&rsquo;indulgence\u00a0\u00bb.<\/em><\/p>\n\n\n\n<p><\/p>\n\n\n\n<p><\/p>\n\n\n\n<p><\/p>\n","protected":false},"excerpt":{"rendered":"<p>D\u00c9CONFINEMENT &#8211; Un couvre-feu \u00ab\u00a0strict\u00a0\u00bb sera mis en place \u00e0 compter de ce mardi 15 d\u00e9cembre dans toute la France. Pour se d\u00e9placer apr\u00e8s 20h, il faudra disposer d&rsquo;une attestation et d&rsquo;un motif bien pr\u00e9cis. Voici les d\u00e9tails. Apr\u00e8s le tour de vis, les nouvelles mesures entrent en application. \u00c0 partir de ce mardi 15 [&hellip;]<\/p>\n","protected":false},"author":2,"featured_media":0,"comment_status":"open","ping_status":"open","sticky":false,"template":"","format":"standard","meta":{"_jetpack_memberships_contains_paid_content":false,"footnotes":"","jetpack_publicize_message":"","jetpack_publicize_feature_enabled":true,"jetpack_social_post_already_shared":true,"jetpack_social_options":{"image_generator_settings":{"template":"highway","default_image_id":0,"font":"","enabled":false},"version":2},"_wpas_customize_per_network":false},"categories":[405],"tags":[],"class_list":["post-17347","post","type-post","status-publish","format-standard","hentry","category-actu-france-monde"],"jetpack_publicize_connections":[],"jetpack_featured_media_url":"","jetpack_sharing_enabled":true,"_links":{"self":[{"href":"https:\/\/www.iceagetv.com\/radiosite\/wp-json\/wp\/v2\/posts\/17347","targetHints":{"allow":["GET"]}}],"collection":[{"href":"https:\/\/www.iceagetv.com\/radiosite\/wp-json\/wp\/v2\/posts"}],"about":[{"href":"https:\/\/www.iceagetv.com\/radiosite\/wp-json\/wp\/v2\/types\/post"}],"author":[{"embeddable":true,"href":"https:\/\/www.iceagetv.com\/radiosite\/wp-json\/wp\/v2\/users\/2"}],"replies":[{"embeddable":true,"href":"https:\/\/www.iceagetv.com\/radiosite\/wp-json\/wp\/v2\/comments?post=17347"}],"version-history":[{"count":1,"href":"https:\/\/www.iceagetv.com\/radiosite\/wp-json\/wp\/v2\/posts\/17347\/revisions"}],"predecessor-version":[{"id":17348,"href":"https:\/\/www.iceagetv.com\/radiosite\/wp-json\/wp\/v2\/posts\/17347\/revisions\/17348"}],"wp:attachment":[{"href":"https:\/\/www.iceagetv.com\/radiosite\/wp-json\/wp\/v2\/media?parent=17347"}],"wp:term":[{"taxonomy":"category","embeddable":true,"href":"https:\/\/www.iceagetv.com\/radiosite\/wp-json\/wp\/v2\/categories?post=17347"},{"taxonomy":"post_tag","embeddable":true,"href":"https:\/\/www.iceagetv.com\/radiosite\/wp-json\/wp\/v2\/tags?post=17347"}],"curies":[{"name":"wp","href":"https:\/\/api.w.org\/{rel}","templated":true}]}}