{"id":17350,"date":"2020-12-16T12:54:21","date_gmt":"2020-12-16T12:54:21","guid":{"rendered":"http:\/\/www.iceagetv.com\/radiosite\/?p=17350"},"modified":"2020-12-16T12:54:21","modified_gmt":"2020-12-16T12:54:21","slug":"droits-tv-du-foot-francais-les-syndicats-de-mediapro-france-producteur-de-la-l1-appellent-a-une-greve-reconductible-des-demain","status":"publish","type":"post","link":"https:\/\/www.iceagetv.com\/radiosite\/droits-tv-du-foot-francais-les-syndicats-de-mediapro-france-producteur-de-la-l1-appellent-a-une-greve-reconductible-des-demain\/","title":{"rendered":"Droits TV du foot fran\u00e7ais: Les syndicats de Mediapro France, producteur de la L1, appellent \u00e0 une gr\u00e8ve \u00ab\u00a0reconductible\u00a0\u00bb d\u00e8s demain"},"content":{"rendered":"\n<p>Les syndicats de Mediapro France, prestataire technique qui produit des matches de Ligue 1, ont appel\u00e9 mercredi \u00e0 une gr\u00e8ve \u00ab\u00a0reconductible\u00a0\u00bb d\u00e8s jeudi afin d&rsquo;obtenir des \u00ab\u00a0explications\u00a0\u00bb de Jaume Roures, patron de Mediapro, en passe de se retirer du march\u00e9 fran\u00e7ais des droits TV.<\/p>\n\n\n\n<p>\u00ab\u00a0On a fait un appel \u00e0 la gr\u00e8ve suite \u00e0 nos demandes qui sont rest\u00e9es sans suite pour rencontrer M. Roures\u00a0\u00bb, a d\u00e9clar\u00e9 \u00e0 l&rsquo;AFP une source syndicale, confirmant une information du quotidien sportif L&rsquo;Equipe. \u00ab\u00a0Ce qu&rsquo;on souhaite, c&rsquo;est que l&rsquo;ensemble des salari\u00e9s se mobilise pour obtenir la venue de Roures, des explications claires et surtout le respect des engagements de l&#8217;employeur vis \u00e0 vis de ses salari\u00e9s\u00a0\u00bb, a pr\u00e9cis\u00e9 cette source.<\/p>\n\n\n\n<p>L&rsquo;intersyndicale Unsa-CFDT a appel\u00e9 \u00e0 la gr\u00e8ve les quelque 100 salari\u00e9s de Mediapro France, cens\u00e9s assurer la production et la retransmission de matches de la 16e journ\u00e9e de L2 vendredi et samedi, ainsi que de la 16e journ\u00e9e de L1 samedi et dimanche. La couverture \u00e9ditoriale et r\u00e9dactionnelle est assur\u00e9e par une autre structure, Mediapro Sport France, qui regroupe plus de cinquante salari\u00e9s.<\/p>\n\n\n\n<p>Cet appel \u00e0 la gr\u00e8ve menace directement la bonne diffusion de ces rencontres alors que la cha\u00eene T\u00e9l\u00e9foot, diffuseur majeur de la Ligue 1 et la Ligue 2 depuis ao\u00fbt, s&rsquo;appr\u00eate \u00e0 dispara\u00eetre dans les prochaines semaines apr\u00e8s un accord pour une rupture de contrat entre la Ligue de football professionnel (LFP) et Mediapro, qui n&rsquo;a pas vers\u00e9 ses \u00e9ch\u00e9ances de droits TV en octobre et d\u00e9cembre. Face \u00e0 la possibilit\u00e9 que le groupe sino-espagnol fasse appel \u00e0 d&rsquo;autres techniciens, bas\u00e9s par exemple en Espagne, pour assurer la production de ces matches, la source syndicale contact\u00e9e par l&rsquo;AFP a assur\u00e9 n&rsquo;avoir \u00ab\u00a0pas de crainte par rapport \u00e0 \u00e7a\u00a0\u00bb.<\/p>\n\n\n\n<p>\u00ab\u00a0Je ne pense pas qu&rsquo;ils puissent ramener des \u00e9quipes pour faire toutes les productions \u00e0 la place des salari\u00e9s locaux\u00a0\u00bb, a-t-on indiqu\u00e9. \u00ab\u00a0\u00c7a en fait des \u00e9quipes, il y a la notion du cahier des charges de la LFP \u00e0 respecter au niveau de la production, je ne suis pas s\u00fbr qu&rsquo;ils aient le temps de tout ma\u00eetriser.\u00a0\u00bb Interrog\u00e9es par l&rsquo;AFP, les directions de Mediapro France et de T\u00e9l\u00e9foot n&rsquo;avaient pas r\u00e9agi \u00e0 la mi-journ\u00e9e.<\/p>\n","protected":false},"excerpt":{"rendered":"<p>Les syndicats de Mediapro France, prestataire technique qui produit des matches de Ligue 1, ont appel\u00e9 mercredi \u00e0 une gr\u00e8ve \u00ab\u00a0reconductible\u00a0\u00bb d\u00e8s jeudi afin d&rsquo;obtenir des \u00ab\u00a0explications\u00a0\u00bb de Jaume Roures, patron de Mediapro, en passe de se retirer du march\u00e9 fran\u00e7ais des droits TV. \u00ab\u00a0On a fait un appel \u00e0 la gr\u00e8ve suite \u00e0 nos [&hellip;]<\/p>\n","protected":false},"author":2,"featured_media":17351,"comment_status":"open","ping_status":"open","sticky":false,"template":"","format":"standard","meta":{"_jetpack_memberships_contains_paid_content":false,"footnotes":"","jetpack_publicize_message":"","jetpack_publicize_feature_enabled":true,"jetpack_social_post_already_shared":true,"jetpack_social_options":{"image_generator_settings":{"template":"highway","default_image_id":0,"font":"","enabled":false},"version":2},"_wpas_customize_per_network":false},"categories":[68],"tags":[],"class_list":["post-17350","post","type-post","status-publish","format-standard","has-post-thumbnail","hentry","category-actu-culturelle"],"jetpack_publicize_connections":[],"jetpack_featured_media_url":"https:\/\/i0.wp.com\/www.iceagetv.com\/radiosite\/wp-content\/uploads\/2020\/12\/Droits-TV-du-foot-fran%C3%A7ais-Les-syndicats-de-Mediapro-France.png?fit=600%2C271&ssl=1","jetpack_sharing_enabled":true,"_links":{"self":[{"href":"https:\/\/www.iceagetv.com\/radiosite\/wp-json\/wp\/v2\/posts\/17350","targetHints":{"allow":["GET"]}}],"collection":[{"href":"https:\/\/www.iceagetv.com\/radiosite\/wp-json\/wp\/v2\/posts"}],"about":[{"href":"https:\/\/www.iceagetv.com\/radiosite\/wp-json\/wp\/v2\/types\/post"}],"author":[{"embeddable":true,"href":"https:\/\/www.iceagetv.com\/radiosite\/wp-json\/wp\/v2\/users\/2"}],"replies":[{"embeddable":true,"href":"https:\/\/www.iceagetv.com\/radiosite\/wp-json\/wp\/v2\/comments?post=17350"}],"version-history":[{"count":1,"href":"https:\/\/www.iceagetv.com\/radiosite\/wp-json\/wp\/v2\/posts\/17350\/revisions"}],"predecessor-version":[{"id":17352,"href":"https:\/\/www.iceagetv.com\/radiosite\/wp-json\/wp\/v2\/posts\/17350\/revisions\/17352"}],"wp:featuredmedia":[{"embeddable":true,"href":"https:\/\/www.iceagetv.com\/radiosite\/wp-json\/wp\/v2\/media\/17351"}],"wp:attachment":[{"href":"https:\/\/www.iceagetv.com\/radiosite\/wp-json\/wp\/v2\/media?parent=17350"}],"wp:term":[{"taxonomy":"category","embeddable":true,"href":"https:\/\/www.iceagetv.com\/radiosite\/wp-json\/wp\/v2\/categories?post=17350"},{"taxonomy":"post_tag","embeddable":true,"href":"https:\/\/www.iceagetv.com\/radiosite\/wp-json\/wp\/v2\/tags?post=17350"}],"curies":[{"name":"wp","href":"https:\/\/api.w.org\/{rel}","templated":true}]}}