{"id":17357,"date":"2020-12-16T17:34:58","date_gmt":"2020-12-16T17:34:58","guid":{"rendered":"http:\/\/www.iceagetv.com\/radiosite\/?p=17357"},"modified":"2020-12-16T17:34:58","modified_gmt":"2020-12-16T17:34:58","slug":"proces-charlie-hebdo-et-lhyper-cacher-les-14-accuses-condamnes-a-des-peines-allant-de-4-ans-de-prison-a-la-reclusion-a-perpetuite","status":"publish","type":"post","link":"https:\/\/www.iceagetv.com\/radiosite\/proces-charlie-hebdo-et-lhyper-cacher-les-14-accuses-condamnes-a-des-peines-allant-de-4-ans-de-prison-a-la-reclusion-a-perpetuite\/","title":{"rendered":"Proc\u00e8s Charlie Hebdo et l&rsquo;Hyper Cacher: Les 14 accus\u00e9s condamn\u00e9s \u00e0 des peines allant de 4 ans de prison \u00e0 la r\u00e9clusion \u00e0 perp\u00e9tuit\u00e9"},"content":{"rendered":"\n<p>La cour d&rsquo;assises sp\u00e9ciale de Paris a condamn\u00e9 mercredi \u00e0 des peines allant de quatre ans d&#8217;emprisonnement \u00e0 la r\u00e9clusion criminelle \u00e0 perp\u00e9tuit\u00e9 les accus\u00e9s jug\u00e9s pour leur r\u00f4le dans la pr\u00e9paration des attentats de janvier 2015 contre Charlie Hebdo et l&rsquo;Hyper Cacher. Ces peines sont globalement inf\u00e9rieures aux r\u00e9quisitions du parquet national antiterroriste, qui avait r\u00e9clam\u00e9 la perp\u00e9tuit\u00e9 pour deux accus\u00e9s et de cinq \u00e0 trente ans de prison pour les 12 autres, estimant qu&rsquo;ils avaient servi de \u00ab\u00a0cheville ouvri\u00e8re\u00a0\u00bb aux attaques jihadistes.<\/p>\n\n\n\n<p>La peine la plus lourde, soit la perp\u00e9tuit\u00e9, a \u00e9t\u00e9 prononc\u00e9e contre Mohamed Belhoucine, pr\u00e9sum\u00e9 mort en Syrie et jug\u00e9 par d\u00e9faut.<\/p>\n\n\n\n<p>Le mentor pr\u00e9sum\u00e9 du tueur de l&rsquo;Hyper Cacher Am\u00e9dy Coulibaly a \u00e9t\u00e9 reconnu coupable de \u00ab\u00a0complicit\u00e9\u00a0\u00bb de crimes terroristes. Hayat Boumeddiene, ex-compagne d&rsquo;Am\u00e9dy Coulibaly, introuvable depuis sa fuite en Syrie quelques jours avant les attentats, a \u00e9t\u00e9 condamn\u00e9e pour sa part \u00e0 trente ans de r\u00e9clusion assortie d&rsquo;une p\u00e9riode de s\u00fbret\u00e9 des deux tiers.<\/p>\n\n\n\n<p>Une peine identique a \u00e9t\u00e9 prononc\u00e9e \u00e0 l&rsquo;encontre d&rsquo;Ali Riza Polat, pr\u00e9sent\u00e9 comme le \u00ab\u00a0bras droit\u00a0\u00bb du tueur de l&rsquo;Hyper Cacher. Ce Franco-turc de 35 ans, coupable de \u00ab\u00a0complicit\u00e9\u00a0\u00bb, \u00ab\u00a0a eu un r\u00f4le essentiel\u00a0\u00bb dans la pr\u00e9paration des attentats, a estim\u00e9 la cour. Son avocate Isabelle Coutant-Peyre a tout de suite apr\u00e8s l&rsquo;\u00e9nonc\u00e9 du d\u00e9lib\u00e9r\u00e9 annonc\u00e9 son intention de faire appel. Trois autres accus\u00e9s, tous proches d&rsquo;Am\u00e9dy Coulibaly, ont \u00e9t\u00e9 reconnus coupables d&rsquo;association de malfaiteurs terroristes, la cour ayant estim\u00e9 qu&rsquo;ils ne pouvaient ignorer la nature du projet du tueur de l&rsquo;Hyper Cacher, dont ils connaissaient les convictions. P<\/p>\n\n\n\n<p>armi eux, Amar Ramdani a \u00e9cop\u00e9 de la peine la plus lourde: 20 ans de r\u00e9clusion, assortie d&rsquo;une p\u00e9riode de s\u00fbret\u00e9 des deux tiers. Nezar Mickael Pastor Alwatik, ex-cod\u00e9tenu d&rsquo;Am\u00e9dy Coulibaly, a \u00e9t\u00e9 condamn\u00e9 \u00e0 18 ans de r\u00e9clusion, et Willy Prevost \u00e0 13 ans de r\u00e9clusion.<\/p>\n\n\n\n<p>Les cinq magistrats professionnels ont en revanche abandonn\u00e9 la qualification terroriste pour six accus\u00e9s, qui ne connaissaient que peu Am\u00e9dy Coulibaly et pour lesquels \u00ab\u00a0aucune conviction ou id\u00e9ologie religieuse de type radicale\u00a0\u00bb n&rsquo;a \u00e9t\u00e9 \u00e9tablie.<\/p>\n\n\n\n<p>Des peines allant de cinq \u00e0 dix ans de prison ont ainsi \u00e9t\u00e9 prononc\u00e9es contre quatre accus\u00e9s impliqu\u00e9s dans le volet \u00ab\u00a0belgo-ardennais\u00a0\u00bb, reconnu coupables d&rsquo;un simple d\u00e9lit \u00ab\u00a0d&rsquo;association de malfaiteurs\u00a0\u00bb: Metin Karasular, Michel Catino, Abdelaziz Abbad et Miguel Martinez. Dans le volet \u00ab\u00a0lillois\u00a0\u00bb, huit ans de prison ont \u00e9t\u00e9 prononc\u00e9s contre Sa\u00efd Makhlouf et Mohamed Fares, reconnus coupables des m\u00eames faits.<\/p>\n\n\n\n<p>Le seul accus\u00e9 qui comparaissait libre, Christophe Raumel, a \u00e9t\u00e9 condamn\u00e9 \u00e0 quatre ans de prison. La cour d&rsquo;assises sp\u00e9ciale a enfin constat\u00e9 l&rsquo;extinction de l&rsquo;action publique \u00e0 l&rsquo;encontre du 14e accus\u00e9, Mehdi Belhoucine, fr\u00e8re de Mohamed Belhoucine: le jeune homme, pr\u00e9sum\u00e9 mort et lui aussi jug\u00e9 par d\u00e9faut, avait d\u00e9j\u00e0 condamn\u00e9 en janvier pour association de malfaiteurs terroriste dans le proc\u00e8s dit des \u00ab\u00a0fant\u00f4mes du jihad\u00a0\u00bb.<\/p>\n","protected":false},"excerpt":{"rendered":"<p>La cour d&rsquo;assises sp\u00e9ciale de Paris a condamn\u00e9 mercredi \u00e0 des peines allant de quatre ans d&#8217;emprisonnement \u00e0 la r\u00e9clusion criminelle \u00e0 perp\u00e9tuit\u00e9 les accus\u00e9s jug\u00e9s pour leur r\u00f4le dans la pr\u00e9paration des attentats de janvier 2015 contre Charlie Hebdo et l&rsquo;Hyper Cacher. Ces peines sont globalement inf\u00e9rieures aux r\u00e9quisitions du parquet national antiterroriste, qui [&hellip;]<\/p>\n","protected":false},"author":2,"featured_media":17358,"comment_status":"open","ping_status":"open","sticky":false,"template":"","format":"standard","meta":{"_jetpack_memberships_contains_paid_content":false,"footnotes":"","jetpack_publicize_message":"","jetpack_publicize_feature_enabled":true,"jetpack_social_post_already_shared":true,"jetpack_social_options":{"image_generator_settings":{"template":"highway","default_image_id":0,"font":"","enabled":false},"version":2},"_wpas_customize_per_network":false},"categories":[405],"tags":[],"class_list":["post-17357","post","type-post","status-publish","format-standard","has-post-thumbnail","hentry","category-actu-france-monde"],"jetpack_publicize_connections":[],"jetpack_featured_media_url":"https:\/\/i0.wp.com\/www.iceagetv.com\/radiosite\/wp-content\/uploads\/2020\/12\/Proc%C3%A8s-Charlie-Hebdo-et-lHyper-Cacher.png?fit=621%2C273&ssl=1","jetpack_sharing_enabled":true,"_links":{"self":[{"href":"https:\/\/www.iceagetv.com\/radiosite\/wp-json\/wp\/v2\/posts\/17357","targetHints":{"allow":["GET"]}}],"collection":[{"href":"https:\/\/www.iceagetv.com\/radiosite\/wp-json\/wp\/v2\/posts"}],"about":[{"href":"https:\/\/www.iceagetv.com\/radiosite\/wp-json\/wp\/v2\/types\/post"}],"author":[{"embeddable":true,"href":"https:\/\/www.iceagetv.com\/radiosite\/wp-json\/wp\/v2\/users\/2"}],"replies":[{"embeddable":true,"href":"https:\/\/www.iceagetv.com\/radiosite\/wp-json\/wp\/v2\/comments?post=17357"}],"version-history":[{"count":1,"href":"https:\/\/www.iceagetv.com\/radiosite\/wp-json\/wp\/v2\/posts\/17357\/revisions"}],"predecessor-version":[{"id":17359,"href":"https:\/\/www.iceagetv.com\/radiosite\/wp-json\/wp\/v2\/posts\/17357\/revisions\/17359"}],"wp:featuredmedia":[{"embeddable":true,"href":"https:\/\/www.iceagetv.com\/radiosite\/wp-json\/wp\/v2\/media\/17358"}],"wp:attachment":[{"href":"https:\/\/www.iceagetv.com\/radiosite\/wp-json\/wp\/v2\/media?parent=17357"}],"wp:term":[{"taxonomy":"category","embeddable":true,"href":"https:\/\/www.iceagetv.com\/radiosite\/wp-json\/wp\/v2\/categories?post=17357"},{"taxonomy":"post_tag","embeddable":true,"href":"https:\/\/www.iceagetv.com\/radiosite\/wp-json\/wp\/v2\/tags?post=17357"}],"curies":[{"name":"wp","href":"https:\/\/api.w.org\/{rel}","templated":true}]}}