{"id":17363,"date":"2020-12-17T10:14:07","date_gmt":"2020-12-17T10:14:07","guid":{"rendered":"http:\/\/www.iceagetv.com\/radiosite\/?p=17363"},"modified":"2020-12-17T10:14:07","modified_gmt":"2020-12-17T10:14:07","slug":"emmanuel-macron-teste-positif-au-covid-19-ce-jour-jean-castex-etant-susceptible-detre-cas-contact-il-a-decide-de-sisoler","status":"publish","type":"post","link":"https:\/\/www.iceagetv.com\/radiosite\/emmanuel-macron-teste-positif-au-covid-19-ce-jour-jean-castex-etant-susceptible-detre-cas-contact-il-a-decide-de-sisoler\/","title":{"rendered":"Emmanuel Macron test\u00e9 positif au Covid-19 ce jour &#8211; Jean Castex \u00e9tant susceptible d&rsquo;\u00eatre cas contact, il a d\u00e9cid\u00e9 de s&rsquo;isoler"},"content":{"rendered":"\n<p>Les circonstances dans lesquelles le Pr\u00e9sident Emmanuel Macron a contract\u00e9 le coronavirus sont pour l&rsquo;heure inconnues. Conform\u00e9ment aux protocoles, les cas contacts du pr\u00e9sident sont en train d&rsquo;\u00eatre trac\u00e9s<strong>Le d\u00e9placement du Pr\u00e9sident pr\u00e9vu au Liban les 22 et 23 d\u00e9cembre est annul\u00e9, annonce l&rsquo;Elys\u00e9e<\/strong><\/p>\n","protected":false},"excerpt":{"rendered":"<p>Les circonstances dans lesquelles le Pr\u00e9sident Emmanuel Macron a contract\u00e9 le coronavirus sont pour l&rsquo;heure inconnues. Conform\u00e9ment aux protocoles, les cas contacts du pr\u00e9sident sont en train d&rsquo;\u00eatre trac\u00e9sLe d\u00e9placement du Pr\u00e9sident pr\u00e9vu au Liban les 22 et 23 d\u00e9cembre est annul\u00e9, annonce l&rsquo;Elys\u00e9e<\/p>\n","protected":false},"author":2,"featured_media":17364,"comment_status":"open","ping_status":"open","sticky":false,"template":"","format":"standard","meta":{"_jetpack_memberships_contains_paid_content":false,"footnotes":"","jetpack_publicize_message":"","jetpack_publicize_feature_enabled":true,"jetpack_social_post_already_shared":true,"jetpack_social_options":{"image_generator_settings":{"template":"highway","default_image_id":0,"font":"","enabled":false},"version":2},"_wpas_customize_per_network":false},"categories":[405],"tags":[],"class_list":["post-17363","post","type-post","status-publish","format-standard","has-post-thumbnail","hentry","category-actu-france-monde"],"jetpack_publicize_connections":[],"jetpack_featured_media_url":"https:\/\/i0.wp.com\/www.iceagetv.com\/radiosite\/wp-content\/uploads\/2020\/12\/Screenshot_20201217_111115.jpg?fit=1020%2C453&ssl=1","jetpack_sharing_enabled":true,"_links":{"self":[{"href":"https:\/\/www.iceagetv.com\/radiosite\/wp-json\/wp\/v2\/posts\/17363","targetHints":{"allow":["GET"]}}],"collection":[{"href":"https:\/\/www.iceagetv.com\/radiosite\/wp-json\/wp\/v2\/posts"}],"about":[{"href":"https:\/\/www.iceagetv.com\/radiosite\/wp-json\/wp\/v2\/types\/post"}],"author":[{"embeddable":true,"href":"https:\/\/www.iceagetv.com\/radiosite\/wp-json\/wp\/v2\/users\/2"}],"replies":[{"embeddable":true,"href":"https:\/\/www.iceagetv.com\/radiosite\/wp-json\/wp\/v2\/comments?post=17363"}],"version-history":[{"count":1,"href":"https:\/\/www.iceagetv.com\/radiosite\/wp-json\/wp\/v2\/posts\/17363\/revisions"}],"predecessor-version":[{"id":17365,"href":"https:\/\/www.iceagetv.com\/radiosite\/wp-json\/wp\/v2\/posts\/17363\/revisions\/17365"}],"wp:featuredmedia":[{"embeddable":true,"href":"https:\/\/www.iceagetv.com\/radiosite\/wp-json\/wp\/v2\/media\/17364"}],"wp:attachment":[{"href":"https:\/\/www.iceagetv.com\/radiosite\/wp-json\/wp\/v2\/media?parent=17363"}],"wp:term":[{"taxonomy":"category","embeddable":true,"href":"https:\/\/www.iceagetv.com\/radiosite\/wp-json\/wp\/v2\/categories?post=17363"},{"taxonomy":"post_tag","embeddable":true,"href":"https:\/\/www.iceagetv.com\/radiosite\/wp-json\/wp\/v2\/tags?post=17363"}],"curies":[{"name":"wp","href":"https:\/\/api.w.org\/{rel}","templated":true}]}}