{"id":17373,"date":"2020-12-19T09:10:07","date_gmt":"2020-12-19T09:10:07","guid":{"rendered":"http:\/\/www.iceagetv.com\/radiosite\/?p=17373"},"modified":"2020-12-19T09:10:07","modified_gmt":"2020-12-19T09:10:07","slug":"affaire-epstein-le-francais-jean-luc-brunel-fondateur-de-deux-agences-de-mannequins-a-ete-mis-en-examen-pour-viols-sur-mineur-de-plus-de-15-ans-et-place-en-detention-provisoire-il-est-egalem","status":"publish","type":"post","link":"https:\/\/www.iceagetv.com\/radiosite\/affaire-epstein-le-francais-jean-luc-brunel-fondateur-de-deux-agences-de-mannequins-a-ete-mis-en-examen-pour-viols-sur-mineur-de-plus-de-15-ans-et-place-en-detention-provisoire-il-est-egalem\/","title":{"rendered":"Affaire Epstein : Le Fran\u00e7ais Jean-Luc Brunel, fondateur de deux agences de mannequins, a \u00e9t\u00e9 mis en examen pour \u00ab\u00a0viols sur mineur de plus de 15 ans\u00a0\u00bb et plac\u00e9 en d\u00e9tention provisoire &#8211; Il est \u00e9galement soup\u00e7onn\u00e9 de \u00ab\u00a0traite des \u00eatres humains\u00a0\u00bb"},"content":{"rendered":"\n<p>Le Fran\u00e7ais Jean-Luc Brunel, fondateur de deux agences de mannequins, a \u00e9t\u00e9 mis en examen pour \u00ab\u00a0viols sur mineur de plus de 15 ans\u00a0\u00bb et \u00ab\u00a0harc\u00e8lement sexuel\u00a0\u00bb, et plac\u00e9 en d\u00e9tention provisoire, a annonc\u00e9 ce matin le parquet de Paris. Il avait \u00e9t\u00e9 interpell\u00e9 et plac\u00e9 en garde \u00e0 vue mercredi.<\/p>\n\n\n\n<p>L&rsquo;ancien agent de mannequins a \u00e9galement \u00e9t\u00e9 plac\u00e9 sous le statut de t\u00e9moin assist\u00e9 \u00ab\u00a0du chef de traite des \u00eatres humains aggrav\u00e9e au pr\u00e9judice de victimes mineures aux fins d&rsquo;exploitation sexuelle\u00a0\u00bb, a ajout\u00e9 le parquet.<\/p>\n\n\n\n<p>Il est soup\u00e7onn\u00e9 \u00ab\u00a0d&rsquo;avoir notamment organis\u00e9 le transport et l&rsquo;h\u00e9bergement de jeunes filles ou jeunes femmes pour le compte de Jeffrey Epstein\u00a0\u00bb.<\/p>\n\n\n\n<p>Pour la justice fran\u00e7aise il s&rsquo;agit de savoir quel r\u00f4le a pu jouer l&rsquo;ex-agent dans l&rsquo;affaire Jeffrey Epstein. Ce milliardaire avait \u00e9t\u00e9 inculp\u00e9 en juillet 2019 aux \u00c9tats-Unis pour avoir chapot\u00e9 un r\u00e9seau de jeunes filles avec lesquelles il aurait eu des relations sexuelles contraintes entre 2002 et 2005. Il s&rsquo;est suicid\u00e9 dans sa prison new-yorkaise au mois d&rsquo;ao\u00fbt 2019<\/p>\n","protected":false},"excerpt":{"rendered":"<p>Le Fran\u00e7ais Jean-Luc Brunel, fondateur de deux agences de mannequins, a \u00e9t\u00e9 mis en examen pour \u00ab\u00a0viols sur mineur de plus de 15 ans\u00a0\u00bb et \u00ab\u00a0harc\u00e8lement sexuel\u00a0\u00bb, et plac\u00e9 en d\u00e9tention provisoire, a annonc\u00e9 ce matin le parquet de Paris. Il avait \u00e9t\u00e9 interpell\u00e9 et plac\u00e9 en garde \u00e0 vue mercredi. L&rsquo;ancien agent de mannequins [&hellip;]<\/p>\n","protected":false},"author":2,"featured_media":17374,"comment_status":"open","ping_status":"open","sticky":false,"template":"","format":"standard","meta":{"_jetpack_memberships_contains_paid_content":false,"footnotes":"","jetpack_publicize_message":"","jetpack_publicize_feature_enabled":true,"jetpack_social_post_already_shared":true,"jetpack_social_options":{"image_generator_settings":{"template":"highway","default_image_id":0,"font":"","enabled":false},"version":2},"_wpas_customize_per_network":false},"categories":[405],"tags":[],"class_list":["post-17373","post","type-post","status-publish","format-standard","has-post-thumbnail","hentry","category-actu-france-monde"],"jetpack_publicize_connections":[],"jetpack_featured_media_url":"https:\/\/i0.wp.com\/www.iceagetv.com\/radiosite\/wp-content\/uploads\/2020\/12\/Affaire-Epstein.png?fit=763%2C362&ssl=1","jetpack_sharing_enabled":true,"_links":{"self":[{"href":"https:\/\/www.iceagetv.com\/radiosite\/wp-json\/wp\/v2\/posts\/17373","targetHints":{"allow":["GET"]}}],"collection":[{"href":"https:\/\/www.iceagetv.com\/radiosite\/wp-json\/wp\/v2\/posts"}],"about":[{"href":"https:\/\/www.iceagetv.com\/radiosite\/wp-json\/wp\/v2\/types\/post"}],"author":[{"embeddable":true,"href":"https:\/\/www.iceagetv.com\/radiosite\/wp-json\/wp\/v2\/users\/2"}],"replies":[{"embeddable":true,"href":"https:\/\/www.iceagetv.com\/radiosite\/wp-json\/wp\/v2\/comments?post=17373"}],"version-history":[{"count":1,"href":"https:\/\/www.iceagetv.com\/radiosite\/wp-json\/wp\/v2\/posts\/17373\/revisions"}],"predecessor-version":[{"id":17375,"href":"https:\/\/www.iceagetv.com\/radiosite\/wp-json\/wp\/v2\/posts\/17373\/revisions\/17375"}],"wp:featuredmedia":[{"embeddable":true,"href":"https:\/\/www.iceagetv.com\/radiosite\/wp-json\/wp\/v2\/media\/17374"}],"wp:attachment":[{"href":"https:\/\/www.iceagetv.com\/radiosite\/wp-json\/wp\/v2\/media?parent=17373"}],"wp:term":[{"taxonomy":"category","embeddable":true,"href":"https:\/\/www.iceagetv.com\/radiosite\/wp-json\/wp\/v2\/categories?post=17373"},{"taxonomy":"post_tag","embeddable":true,"href":"https:\/\/www.iceagetv.com\/radiosite\/wp-json\/wp\/v2\/tags?post=17373"}],"curies":[{"name":"wp","href":"https:\/\/api.w.org\/{rel}","templated":true}]}}