{"id":17376,"date":"2020-12-19T12:38:27","date_gmt":"2020-12-19T12:38:27","guid":{"rendered":"http:\/\/www.iceagetv.com\/radiosite\/?p=17376"},"modified":"2020-12-19T12:38:27","modified_gmt":"2020-12-19T12:38:27","slug":"le-medecin-chef-de-lelysee-affirme-que-letat-de-sante-demmanuel-macron-est-stable-avec-toujours-les-memes-symptomes-de-fatigue-toux-courbatures-mais-les-examens-cliniques-realises-reguli","status":"publish","type":"post","link":"https:\/\/www.iceagetv.com\/radiosite\/le-medecin-chef-de-lelysee-affirme-que-letat-de-sante-demmanuel-macron-est-stable-avec-toujours-les-memes-symptomes-de-fatigue-toux-courbatures-mais-les-examens-cliniques-realises-reguli\/","title":{"rendered":"Le m\u00e9decin chef de l&rsquo;Elys\u00e9e affirme que l&rsquo;\u00e9tat de sant\u00e9 d&rsquo;Emmanuel Macron est \u00ab\u00a0stable\u00a0\u00bb avec toujours les m\u00eames sympt\u00f4mes de fatigue, toux, courbatures mais \u00ab\u00a0les examens cliniques r\u00e9alis\u00e9s r\u00e9guli\u00e8rement sont rassurants\u00a0\u00bb"},"content":{"rendered":"\n<p><strong>Le m\u00e9decin chef de la pr\u00e9sidence de la R\u00e9publique communique sur l&rsquo;\u00e9tat de sant\u00e9 d&rsquo;Emmanuel Macron. Celui-ci est \u00ab\u00a0stable par rapport \u00e0 la journ\u00e9e de vendredi\u00a0\u00bb, affirme-t-il dans un communiqu\u00e9. \u00ab\u00a0Il pr\u00e9sente toujours les m\u00eames sympt\u00f4mes de la maladie Covid -19 (fatigue, toux, courbatures) qui ne l\u2019emp\u00eachent en rien de remplir ses fonctions\u00a0\u00bb, poursuit-il.<\/strong><\/p>\n\n\n\n<p><strong>\u00ab\u00a0Des examens cliniques et paracliniques sont r\u00e9alis\u00e9s r\u00e9guli\u00e8rement par le service m\u00e9dical de la Pr\u00e9sidence. Leurs r\u00e9sultats se sont r\u00e9v\u00e9l\u00e9s rassurants.\u00a0\u00bb<\/strong><\/p>\n\n\n\n<p>Dans une vid\u00e9o publi\u00e9e hier sur les r\u00e9seaux sociaux, Emmanuel Macron a fait savoir qu&rsquo;il allait \u00ab\u00a0bien\u00a0\u00bb, et assur\u00e9 qu&rsquo;il continuait \u00ab\u00a0\u00e0 g\u00e9rer les affaires courantes\u00a0\u00bb mais avec \u00ab\u00a0une activit\u00e9 un peu ralentie\u00a0\u00bb.<\/p>\n\n\n\n<p>Dans cette vid\u00e9o de trois minutes film\u00e9e avec son smartphone, il d\u00e9clare, les traits un peu tir\u00e9s, avoir les m\u00eame sympt\u00f4mes que la veille, \u00ab\u00a0fatigue, maux de t\u00eate, toux s\u00e8che\u00a0\u00bb et promet de \u00ab\u00a0rendre compte chaque jour de l&rsquo;\u00e9volution de la maladie\u00a0\u00bb.<\/p>\n\n\n\n<p>Le pr\u00e9sident de la R\u00e9publique appelle les Fran\u00e7ais \u00e0 \u00ab\u00a0continuer \u00e0 faire attention\u00a0\u00bb.<\/p>\n\n\n\n<p>\u00ab\u00a0Hier, j&rsquo;ai \u00e9t\u00e9 test\u00e9 positif, ce qui montre que le virus peut vraiment toucher tout le monde, parce que je suis tr\u00e8s prot\u00e9g\u00e9, je fais tr\u00e8s attention, je respecte les gestes barri\u00e8res et les distances (&#8230;) Et malgr\u00e9 tout, j&rsquo;ai attrap\u00e9 ce virus, sans doute [\u00e0 cause d&rsquo;un] moment de n\u00e9gligence, un moment de &lsquo;pas de chance&rsquo; aussi\u00a0\u00bb , dit-il.<\/p>\n","protected":false},"excerpt":{"rendered":"<p>Le m\u00e9decin chef de la pr\u00e9sidence de la R\u00e9publique communique sur l&rsquo;\u00e9tat de sant\u00e9 d&rsquo;Emmanuel Macron. Celui-ci est \u00ab\u00a0stable par rapport \u00e0 la journ\u00e9e de vendredi\u00a0\u00bb, affirme-t-il dans un communiqu\u00e9. \u00ab\u00a0Il pr\u00e9sente toujours les m\u00eames sympt\u00f4mes de la maladie Covid -19 (fatigue, toux, courbatures) qui ne l\u2019emp\u00eachent en rien de remplir ses fonctions\u00a0\u00bb, poursuit-il. \u00ab\u00a0Des [&hellip;]<\/p>\n","protected":false},"author":2,"featured_media":17377,"comment_status":"open","ping_status":"open","sticky":false,"template":"","format":"standard","meta":{"_jetpack_memberships_contains_paid_content":false,"footnotes":"","jetpack_publicize_message":"","jetpack_publicize_feature_enabled":true,"jetpack_social_post_already_shared":true,"jetpack_social_options":{"image_generator_settings":{"template":"highway","default_image_id":0,"font":"","enabled":false},"version":2},"_wpas_customize_per_network":false},"categories":[405],"tags":[],"class_list":["post-17376","post","type-post","status-publish","format-standard","has-post-thumbnail","hentry","category-actu-france-monde"],"jetpack_publicize_connections":[],"jetpack_featured_media_url":"https:\/\/i0.wp.com\/www.iceagetv.com\/radiosite\/wp-content\/uploads\/2020\/12\/Le-m%C3%A9decin-chef-de-lElys%C3%A9e-affirme-que-l%C3%A9tat-de-sant%C3%A9-dEmmanuel-Macron.png?fit=869%2C374&ssl=1","jetpack_sharing_enabled":true,"_links":{"self":[{"href":"https:\/\/www.iceagetv.com\/radiosite\/wp-json\/wp\/v2\/posts\/17376","targetHints":{"allow":["GET"]}}],"collection":[{"href":"https:\/\/www.iceagetv.com\/radiosite\/wp-json\/wp\/v2\/posts"}],"about":[{"href":"https:\/\/www.iceagetv.com\/radiosite\/wp-json\/wp\/v2\/types\/post"}],"author":[{"embeddable":true,"href":"https:\/\/www.iceagetv.com\/radiosite\/wp-json\/wp\/v2\/users\/2"}],"replies":[{"embeddable":true,"href":"https:\/\/www.iceagetv.com\/radiosite\/wp-json\/wp\/v2\/comments?post=17376"}],"version-history":[{"count":1,"href":"https:\/\/www.iceagetv.com\/radiosite\/wp-json\/wp\/v2\/posts\/17376\/revisions"}],"predecessor-version":[{"id":17378,"href":"https:\/\/www.iceagetv.com\/radiosite\/wp-json\/wp\/v2\/posts\/17376\/revisions\/17378"}],"wp:featuredmedia":[{"embeddable":true,"href":"https:\/\/www.iceagetv.com\/radiosite\/wp-json\/wp\/v2\/media\/17377"}],"wp:attachment":[{"href":"https:\/\/www.iceagetv.com\/radiosite\/wp-json\/wp\/v2\/media?parent=17376"}],"wp:term":[{"taxonomy":"category","embeddable":true,"href":"https:\/\/www.iceagetv.com\/radiosite\/wp-json\/wp\/v2\/categories?post=17376"},{"taxonomy":"post_tag","embeddable":true,"href":"https:\/\/www.iceagetv.com\/radiosite\/wp-json\/wp\/v2\/tags?post=17376"}],"curies":[{"name":"wp","href":"https:\/\/api.w.org\/{rel}","templated":true}]}}