{"id":17382,"date":"2020-12-20T07:52:18","date_gmt":"2020-12-20T07:52:18","guid":{"rendered":"http:\/\/www.iceagetv.com\/radiosite\/?p=17382"},"modified":"2020-12-20T07:52:18","modified_gmt":"2020-12-20T07:52:18","slug":"miss-france-mais-qui-est-amandine-petit-miss-normandie-elue-hier-soir-au-puy-du-fou-en-vendee-lors-dune-emission-qui-marquait-le-centenaire-des-concours","status":"publish","type":"post","link":"https:\/\/www.iceagetv.com\/radiosite\/miss-france-mais-qui-est-amandine-petit-miss-normandie-elue-hier-soir-au-puy-du-fou-en-vendee-lors-dune-emission-qui-marquait-le-centenaire-des-concours\/","title":{"rendered":"Miss France : Mais qui est Amandine Petit, Miss Normandie, \u00e9lue hier soir au Puy-du-Fou en Vend\u00e9e lors d&rsquo;une \u00e9mission qui marquait le centenaire des concours ?"},"content":{"rendered":"\n<p>Amandine Petit, Miss Normandie, a \u00e9t\u00e9 \u00e9lue Miss France 2021 dimanche au Puy-du-Fou en Vend\u00e9e lors d&rsquo;une \u00e9mission qui marquait le centenaire des concours de beaut\u00e9 en France mais sans public dans la salle en raison du contexte sanitaire. Blonde aux yeux bleus \u00e2g\u00e9e de 23 ans, la nouvelle Miss France est \u00e9tudiante en Master 2 \u00e0 Caen avec l&rsquo;objectif de devenir \u00ab\u00a0directrice d&rsquo;\u00e9tablissement de sant\u00e9\u00a0\u00bb et a \u00e9t\u00e9 choisie parmi 29 candidates de 18 \u00e0 24 ans pour succ\u00e9der \u00e0 Cl\u00e9mence Botino (Miss Guadeloupe 2019), Miss France 2020.<\/p>\n\n\n\n<p>Amandine Petit a expliqu\u00e9 en conf\u00e9rence de presse qu&rsquo;elle entendait \u00ab\u00a0montrer que la femme actuelle, c&rsquo;est une femme forte, une femme qui peut faire ce qu&rsquo;elle a envie de faire\u00a0\u00bb. \u00ab\u00a0Si je me suis pr\u00e9sent\u00e9e ce soir \u00e0 Miss France, c&rsquo;\u00e9tait pour aller au bout de mes id\u00e9es\u00a0\u00bb, a poursuivi la jeune femme, qui a expliqu\u00e9 avoir \u00e9t\u00e9 rep\u00e9r\u00e9e \u00ab\u00a0dans le centre-ville de Caen\u00a0\u00bb par la Normande Malika M\u00e9nard, Miss France 2010.<\/p>\n\n\n\n<p>La premi\u00e8re dauphine d&rsquo;Amandine Petit est Miss Provence, April Benayoum et sa deuxi\u00e8me dauphine est Miss C\u00f4te-d&rsquo;Azur, Lara Gautier. La c\u00e9r\u00e9monie s&rsquo;est d\u00e9roul\u00e9e au parc du Puy-du-Fou dans un contexte in\u00e9dit et sans public en raison des mesures sanitaires li\u00e9es \u00e0 l&rsquo;\u00e9pid\u00e9mie de Covid-19. Dans le Grand Carrousel du Puy-du-Fou (Vend\u00e9e) les Miss ont ainsi d\u00e9fil\u00e9 en costume traditionnel puis en maillot de bain devant des gradins enti\u00e8rement vides.<\/p>\n\n\n\n<p>Cette 91e c\u00e9r\u00e9monie a \u00e9t\u00e9 l&rsquo;occasion de c\u00e9l\u00e9brer \u00ab\u00a0un si\u00e8cle de couronnement, d&rsquo;\u00e9l\u00e9gance, d&rsquo;engagement et de partage avec les Fran\u00e7ais\u00a0\u00bb, selon TF1 et Endemol, soci\u00e9t\u00e9 de production qui a rachet\u00e9 le concours Miss France \u00e0 la famille de Fontenay en 2002. Parmi les plus anciens au monde, le premier concours de beaut\u00e9 fran\u00e7ais a \u00e9t\u00e9 cr\u00e9\u00e9 en 1920 par le journaliste Maurice de Waleffe.<\/p>\n\n\n\n<p>La com\u00e9dienne et danseuse Agn\u00e8s Souret, originaire de Bayonne, a \u00e9t\u00e9 la premi\u00e8re \u00e0 remporter le titre de \u00ab\u00a0plus belle femme de France\u00a0\u00bb. Ce n&rsquo;est qu&rsquo;en 1928 que le concours a \u00e9t\u00e9 baptis\u00e9 \u00ab\u00a0Miss France\u00a0\u00bb. Tradition oblige, l&rsquo;animateur vedette, Jean-Pierre Foucault, 73 ans, animait la c\u00e9r\u00e9monie pour la 26e fois.<\/p>\n\n\n\n<p>Le jury 2021 \u00e9tait compos\u00e9 uniquement d&rsquo;ex-Miss, comme Muguette Fabris, 80 ans, professeur de math\u00e9matiques \u00e0 la retraite et Miss France 1963. S\u00e9par\u00e9es les unes des autres par des plaques de plexiglas, Sonia Rolland, Elodie Gossuin ou encore Iris Mittenaere, Miss Univers 2016, figuraient dans ce jury qui a rendu hommage \u00e0 Genevi\u00e8ve de Fontenay.<\/p>\n\n\n\n<p>La dame au chapeau a boycott\u00e9 la c\u00e9r\u00e9monie alors que TF1 et Endemol souhaitaient l&rsquo;y associer apr\u00e8s un long conflit judiciaire r\u00e9gl\u00e9 en 2013. \u00ab\u00a0C&rsquo;est un faux centenaire ! Je suis choqu\u00e9e. C&rsquo;est en 1927 qu&rsquo;a eu lieu le premier concours Miss France \u00e0 la demande \u00e0 l&rsquo;\u00e9poque de Miss Univers. Un centenaire, c&rsquo;est cent ans !\u00a0\u00bb, avait expliqu\u00e9 \u00e0 l&rsquo;AFP Genevi\u00e8ve de Fontenay, 88 ans.<\/p>\n\n\n\n<p>\u00ab\u00a0A l&rsquo;\u00e9vidence, je regrette que les costumes folkloriques n&rsquo;aient rien de folkloriques, que les musiques am\u00e9ricaines priment sur les chansons fran\u00e7aises, comme Dalida.<\/p>\n\n\n\n<p>N\u00e9anmoins, et c&rsquo;est un progr\u00e8s sensible, les Miss \u00e9taient tr\u00e8s \u00e9l\u00e9gantes dans leur maillot de bain avec la cape\u00a0\u00bb, a comment\u00e9 l&rsquo;ancienne pr\u00e9sidente du comit\u00e9 Miss France dans un communiqu\u00e9 f\u00e9licitant Amandine Petit \u00e0 l&rsquo;issue de l&rsquo;\u00e9lection. Centenaire ou pas, ce concours reste un anachronisme pour beaucoup de f\u00e9ministes. \u00ab\u00a0100 ans de sexisme, \u00e7a suffit\u00a0\u00bb, a ainsi lanc\u00e9 Fabienne El-Khouri, l&rsquo;une des porte-parole d&rsquo;Osez le f\u00e9minisme.<\/p>\n\n\n\n<p>L&rsquo;association voit dans cette \u00e9lection \u00ab\u00a0un concours sexiste et ringard\u00a0\u00bb, r\u00e9duisant les femmes \u00e0 un r\u00f4le de \u00ab\u00a0potiche\u00a0\u00bb. Il y a un an, l&rsquo;\u00e9lection de Miss France 2020 avait r\u00e9uni 7 millions de t\u00e9l\u00e9spectateurs avec un pic \u00e0 8,3 millions, au moment du sacre, selon R\u00e9mi Faure, directeur des programmes de flux de TF1.<\/p>\n","protected":false},"excerpt":{"rendered":"<p>Amandine Petit, Miss Normandie, a \u00e9t\u00e9 \u00e9lue Miss France 2021 dimanche au Puy-du-Fou en Vend\u00e9e lors d&rsquo;une \u00e9mission qui marquait le centenaire des concours de beaut\u00e9 en France mais sans public dans la salle en raison du contexte sanitaire. Blonde aux yeux bleus \u00e2g\u00e9e de 23 ans, la nouvelle Miss France est \u00e9tudiante en Master [&hellip;]<\/p>\n","protected":false},"author":2,"featured_media":17383,"comment_status":"open","ping_status":"open","sticky":false,"template":"","format":"standard","meta":{"_jetpack_memberships_contains_paid_content":false,"footnotes":"","jetpack_publicize_message":"","jetpack_publicize_feature_enabled":true,"jetpack_social_post_already_shared":true,"jetpack_social_options":{"image_generator_settings":{"template":"highway","default_image_id":0,"font":"","enabled":false},"version":2},"_wpas_customize_per_network":false},"categories":[68],"tags":[],"class_list":["post-17382","post","type-post","status-publish","format-standard","has-post-thumbnail","hentry","category-actu-culturelle"],"jetpack_publicize_connections":[],"jetpack_featured_media_url":"https:\/\/i0.wp.com\/www.iceagetv.com\/radiosite\/wp-content\/uploads\/2020\/12\/Mais-qui-est-Amandine-Petit.png?fit=747%2C355&ssl=1","jetpack_sharing_enabled":true,"_links":{"self":[{"href":"https:\/\/www.iceagetv.com\/radiosite\/wp-json\/wp\/v2\/posts\/17382","targetHints":{"allow":["GET"]}}],"collection":[{"href":"https:\/\/www.iceagetv.com\/radiosite\/wp-json\/wp\/v2\/posts"}],"about":[{"href":"https:\/\/www.iceagetv.com\/radiosite\/wp-json\/wp\/v2\/types\/post"}],"author":[{"embeddable":true,"href":"https:\/\/www.iceagetv.com\/radiosite\/wp-json\/wp\/v2\/users\/2"}],"replies":[{"embeddable":true,"href":"https:\/\/www.iceagetv.com\/radiosite\/wp-json\/wp\/v2\/comments?post=17382"}],"version-history":[{"count":1,"href":"https:\/\/www.iceagetv.com\/radiosite\/wp-json\/wp\/v2\/posts\/17382\/revisions"}],"predecessor-version":[{"id":17384,"href":"https:\/\/www.iceagetv.com\/radiosite\/wp-json\/wp\/v2\/posts\/17382\/revisions\/17384"}],"wp:featuredmedia":[{"embeddable":true,"href":"https:\/\/www.iceagetv.com\/radiosite\/wp-json\/wp\/v2\/media\/17383"}],"wp:attachment":[{"href":"https:\/\/www.iceagetv.com\/radiosite\/wp-json\/wp\/v2\/media?parent=17382"}],"wp:term":[{"taxonomy":"category","embeddable":true,"href":"https:\/\/www.iceagetv.com\/radiosite\/wp-json\/wp\/v2\/categories?post=17382"},{"taxonomy":"post_tag","embeddable":true,"href":"https:\/\/www.iceagetv.com\/radiosite\/wp-json\/wp\/v2\/tags?post=17382"}],"curies":[{"name":"wp","href":"https:\/\/api.w.org\/{rel}","templated":true}]}}