{"id":17407,"date":"2020-12-23T15:44:34","date_gmt":"2020-12-23T15:44:34","guid":{"rendered":"http:\/\/www.iceagetv.com\/radiosite\/?p=17407"},"modified":"2020-12-23T15:44:34","modified_gmt":"2020-12-23T15:44:34","slug":"la-chanteuse-israelienne-rika-zarai-connue-pour-des-titres-comme-sans-chemise-sans-pantalon-ou-alors-je-chante-est-decedee-cette-nuit-a-lage-de-82-ans","status":"publish","type":"post","link":"https:\/\/www.iceagetv.com\/radiosite\/la-chanteuse-israelienne-rika-zarai-connue-pour-des-titres-comme-sans-chemise-sans-pantalon-ou-alors-je-chante-est-decedee-cette-nuit-a-lage-de-82-ans\/","title":{"rendered":"La chanteuse isra\u00e9lienne Rika Zara\u00ef, connue pour des titres comme \u00ab\u00a0Sans chemise, sans pantalon\u00a0\u00bb ou \u00ab\u00a0Alors je chante\u00a0\u00bb est d\u00e9c\u00e9d\u00e9e cette nuit \u00e0 l&rsquo;\u00e2ge de 82 ans"},"content":{"rendered":"\n<p><strong>La chanteuse Rika Zarai est d\u00e9c\u00e9d\u00e9e cette nuit \u00e0 3h du matin, \u00e0 l&rsquo;\u00e2ge de 82 ans annonce l&rsquo;Ambassade d&rsquo;Isra\u00ebl en France.&nbsp;<\/strong>\u00ab\u00a0Profond\u00e9ment attrist\u00e9s de la disparition de Rika Zara\u00ef qui a conquis le coeur des Fran\u00e7ais avec son bel accent de sabra. Elle a chant\u00e9 Isra\u00ebl et J\u00e9rusalem avec passion et d\u00e9vouement. C&rsquo;est une des plus belles voix d&rsquo;Isra\u00ebl en fran\u00e7ais qui s&rsquo;est \u00e9teinte. Nos condol\u00e9ances \u00e0 son \u00e9poux JP Magnier,\u00a0\u00bb a not\u00e9 l&rsquo;ambassade. C&rsquo;est en 1961 qu&rsquo;elle avait commenc\u00e9 sa carri\u00e8re, gr\u00e2ce \u00e0 Bruno Coquatrix qui lui avait fait faire la premi\u00e8re partie de Jacques Brel \u00e0 l&rsquo;Olympia. Tr\u00e8s rapidement, elle a conquis le coeur des Fran\u00e7ais avec des tubes comme Balapapa, Ma poup\u00e9e de France ou Sans chemise sans pantalon.<\/p>\n\n\n\n<p>Rika Zara\u00ef n&rsquo;avait pas sorti d&rsquo;album depuis 2007 avec Quand les hommes. Un an apr\u00e8s la parution de cet opus, elle avait \u00e9t\u00e9 victime d&rsquo;un AVC et c&rsquo;\u00e9tait confi\u00e9 juste apr\u00e8s \u00e0 Jean-Marc Morandini.&nbsp;<strong><a href=\"https:\/\/www.jeanmarcmorandini.com\/article-446402-disparition-de-rika-zarai-apres-son-avc-elle-avait-accorde-sa-premiere-interview-a-jean-marc-morandini-en-2015-sur-europe-1-regardez-ses-confidences-bouleversantes.html\" target=\"_blank\" rel=\"noreferrer noopener\">(Son interview est \u00e0 revoir ICI)<\/a>&nbsp;<\/strong><\/p>\n\n\n\n<p>Apr\u00e8s 11 ans d&rsquo;absence en raison d&rsquo;un AVC en 2008, qui l&rsquo;avait en partie paralys\u00e9e,&nbsp;Rika Zara\u00ef s&rsquo;\u00e9tait produite en concert aux Folies Berg\u00e8res, \u00e0 Paris, en f\u00e9vrier dernier.&nbsp;Elle \u00e9tait apparue sur sc\u00e8ne en fauteuil roulant, et avait interpr\u00e9t\u00e9 sa chanson&nbsp;Prague, avant de fondre en larmes devant l&rsquo;accueil du public<\/p>\n","protected":false},"excerpt":{"rendered":"<p>La chanteuse Rika Zarai est d\u00e9c\u00e9d\u00e9e cette nuit \u00e0 3h du matin, \u00e0 l&rsquo;\u00e2ge de 82 ans annonce l&rsquo;Ambassade d&rsquo;Isra\u00ebl en France.&nbsp;\u00ab\u00a0Profond\u00e9ment attrist\u00e9s de la disparition de Rika Zara\u00ef qui a conquis le coeur des Fran\u00e7ais avec son bel accent de sabra. Elle a chant\u00e9 Isra\u00ebl et J\u00e9rusalem avec passion et d\u00e9vouement. C&rsquo;est une des [&hellip;]<\/p>\n","protected":false},"author":2,"featured_media":17408,"comment_status":"open","ping_status":"open","sticky":false,"template":"","format":"standard","meta":{"_jetpack_memberships_contains_paid_content":false,"footnotes":"","jetpack_publicize_message":"","jetpack_publicize_feature_enabled":true,"jetpack_social_post_already_shared":true,"jetpack_social_options":{"image_generator_settings":{"template":"highway","default_image_id":0,"font":"","enabled":false},"version":2},"_wpas_customize_per_network":false},"categories":[68],"tags":[],"class_list":["post-17407","post","type-post","status-publish","format-standard","has-post-thumbnail","hentry","category-actu-culturelle"],"jetpack_publicize_connections":[],"jetpack_featured_media_url":"https:\/\/i0.wp.com\/www.iceagetv.com\/radiosite\/wp-content\/uploads\/2020\/12\/Rika-Zara%C3%AF.jpg?fit=510%2C680&ssl=1","jetpack_sharing_enabled":true,"_links":{"self":[{"href":"https:\/\/www.iceagetv.com\/radiosite\/wp-json\/wp\/v2\/posts\/17407","targetHints":{"allow":["GET"]}}],"collection":[{"href":"https:\/\/www.iceagetv.com\/radiosite\/wp-json\/wp\/v2\/posts"}],"about":[{"href":"https:\/\/www.iceagetv.com\/radiosite\/wp-json\/wp\/v2\/types\/post"}],"author":[{"embeddable":true,"href":"https:\/\/www.iceagetv.com\/radiosite\/wp-json\/wp\/v2\/users\/2"}],"replies":[{"embeddable":true,"href":"https:\/\/www.iceagetv.com\/radiosite\/wp-json\/wp\/v2\/comments?post=17407"}],"version-history":[{"count":1,"href":"https:\/\/www.iceagetv.com\/radiosite\/wp-json\/wp\/v2\/posts\/17407\/revisions"}],"predecessor-version":[{"id":17409,"href":"https:\/\/www.iceagetv.com\/radiosite\/wp-json\/wp\/v2\/posts\/17407\/revisions\/17409"}],"wp:featuredmedia":[{"embeddable":true,"href":"https:\/\/www.iceagetv.com\/radiosite\/wp-json\/wp\/v2\/media\/17408"}],"wp:attachment":[{"href":"https:\/\/www.iceagetv.com\/radiosite\/wp-json\/wp\/v2\/media?parent=17407"}],"wp:term":[{"taxonomy":"category","embeddable":true,"href":"https:\/\/www.iceagetv.com\/radiosite\/wp-json\/wp\/v2\/categories?post=17407"},{"taxonomy":"post_tag","embeddable":true,"href":"https:\/\/www.iceagetv.com\/radiosite\/wp-json\/wp\/v2\/tags?post=17407"}],"curies":[{"name":"wp","href":"https:\/\/api.w.org\/{rel}","templated":true}]}}