{"id":17441,"date":"2020-12-26T13:41:09","date_gmt":"2020-12-26T13:41:09","guid":{"rendered":"http:\/\/www.iceagetv.com\/radiosite\/?p=17441"},"modified":"2020-12-26T13:41:09","modified_gmt":"2020-12-26T13:41:09","slug":"coronavirus-des-gerants-de-magasins-de-sport-en-montagne-jugent-leur-saison-terminee","status":"publish","type":"post","link":"https:\/\/www.iceagetv.com\/radiosite\/coronavirus-des-gerants-de-magasins-de-sport-en-montagne-jugent-leur-saison-terminee\/","title":{"rendered":"Coronavirus : Des g\u00e9rants de magasins de sport en montagne jugent leur saison termin\u00e9e"},"content":{"rendered":"\n<p>La montagne se meurt&nbsp;\u00bb. Dans une lettre diffus\u00e9e aux m\u00e9dias, cinq propri\u00e9taires de 200&nbsp;<a href=\"https:\/\/www.20minutes.fr\/dossier\/magasins\">magasins<\/a>&nbsp;de sport implant\u00e9s dans les&nbsp;stations&nbsp;de&nbsp;&nbsp;<a href=\"https:\/\/www.20minutes.fr\/sport\/ski\/\">ski<\/a>&nbsp;fran\u00e7aises jugent qu\u2019avec la fermeture des remont\u00e9es m\u00e9caniques jusqu\u2019en janvier au moins, \u00ab&nbsp;leur saison, \u00e0 peine commenc\u00e9e, est d\u2019ores et d\u00e9j\u00e0 termin\u00e9e&nbsp;\u00bb.<\/p>\n\n\n\n<p>Dans ce texte, intitul\u00e9 \u00ab&nbsp;La montagne en d\u00e9p\u00f4t de bilan&nbsp;\u00bb, les cinq cosignataires s\u2019estiment impuissants face \u00e0 \u00ab&nbsp;l\u2019agonie&nbsp;\u00bb de la montagne, bien qu\u2019ayant \u00ab&nbsp;tout mis en \u0153uvre&nbsp;\u00bb pour ouvrir leurs commerces \u00ab&nbsp;dans le respect des protocoles sanitaires&nbsp;\u00bb. Garants d\u2019environ un millier d\u2019emplois \u00e0 travers la r\u00e9gion&nbsp;<a href=\"https:\/\/www.20minutes.fr\/lyon\/auvergne-rhone-alpes\/\">Auvergne-Rh\u00f4ne-Alpes<\/a>, ils affirment ne pas croire \u00e0 une \u00ab&nbsp;r\u00e9ouverture providentielle&nbsp;\u00bb des remont\u00e9es m\u00e9caniques le 7&nbsp;janvier, cette date leur semblant \u00ab&nbsp;irr\u00e9m\u00e9diablement compromise au regard de l\u2019\u00e9volution du contexte sanitaire&nbsp;\u00bb.<\/p>\n\n\n\n<h2 class=\"wp-block-heading\">&#8211; 95&nbsp;% de chiffre d\u2019affaires sur le dernier week-end<\/h2>\n\n\n\n<p>\u00ab\u00a0Force est aujourd\u2019hui de constater que, malgr\u00e9 les efforts de communication, les\u00a0stations\u00a0sont vides\u00a0\u00bb, soulignent ces chefs d\u2019entreprise qui expliquent \u00eatre sortis \u00ab\u00a0exsangues de l\u2019hiver 2020, amput\u00e9s d\u2019un tiers de leur activit\u00e9\u00a0\u00bb<\/p>\n\n\n\n<p>La saison d\u2019hiver se d\u00e9robe et les pertes s\u2019accumulent au fil des jours qui passent [\u2026]. S\u2019il ne devait \u00eatre retenu qu\u2019un seul chiffre, c\u2019est celui de -95&nbsp;% de chiffre d\u2019affaires sur le dernier week-end&nbsp;\u00bb, celui du 19&nbsp;d\u00e9cembre, pr\u00e9cisent-ils.<\/p>\n\n\n\n<h2 class=\"wp-block-heading\">Un leader mondial en berne<\/h2>\n\n\n\n<p>Les cosignataires du texte rappellent \u00e9galement qu\u2019outre des \u00ab&nbsp;territoires entiers&nbsp;\u00bb, ce sont aussi des \u00ab&nbsp;familles de saisonniers&nbsp;\u00bb qui se retrouveront, \u00ab&nbsp;tr\u00e8s prochainement d\u00e9vast\u00e9s&nbsp;\u00bb et \u00ab&nbsp;sur le carreau&nbsp;\u00bb.<\/p>\n\n\n\n<p>\u00ab&nbsp;Sauf si les pouvoirs publics d\u00e9cident de sauver ce fleuron de l\u2019\u00e9conomie fran\u00e7aise, leader mondial de ce secteur, par des mesures idoines s\u2019inscrivant dans la dur\u00e9e\u2026 Demain, il sera trop tard, car la montagne se meurt aujourd\u2019hui&nbsp;\u00bb, concluent-ils.<\/p>\n\n\n\n<p>\u00ab&nbsp;On ne remet pas en question les d\u00e9cisions sanitaires. Mais on ne peut pas fermer et laisser mourir nos entreprises car des emplois sont en danger&nbsp;\u00bb, indique Francis Charbonnel, le propri\u00e9taire de dix magasins \u00e0 l\u2019initiative de la d\u00e9marche. \u00ab&nbsp;Pour les magasins de sport, tout se joue entre le 15&nbsp;d\u00e9cembre et le 30&nbsp;avril. On va red\u00e9marrer en f\u00e9vrier apr\u00e8s le traditionnel creux de janvier avec une deuxi\u00e8me ann\u00e9e de suite amput\u00e9e de quasiment la moiti\u00e9&nbsp;\u00bb, d\u00e9plore-t-il.<\/p>\n\n\n\n<p><\/p>\n","protected":false},"excerpt":{"rendered":"<p>La montagne se meurt&nbsp;\u00bb. Dans une lettre diffus\u00e9e aux m\u00e9dias, cinq propri\u00e9taires de 200&nbsp;magasins&nbsp;de sport implant\u00e9s dans les&nbsp;stations&nbsp;de&nbsp;&nbsp;ski&nbsp;fran\u00e7aises jugent qu\u2019avec la fermeture des remont\u00e9es m\u00e9caniques jusqu\u2019en janvier au moins, \u00ab&nbsp;leur saison, \u00e0 peine commenc\u00e9e, est d\u2019ores et d\u00e9j\u00e0 termin\u00e9e&nbsp;\u00bb. Dans ce texte, intitul\u00e9 \u00ab&nbsp;La montagne en d\u00e9p\u00f4t de bilan&nbsp;\u00bb, les cinq cosignataires s\u2019estiment impuissants face [&hellip;]<\/p>\n","protected":false},"author":2,"featured_media":17442,"comment_status":"open","ping_status":"open","sticky":false,"template":"","format":"standard","meta":{"_jetpack_memberships_contains_paid_content":false,"footnotes":"","jetpack_publicize_message":"","jetpack_publicize_feature_enabled":true,"jetpack_social_post_already_shared":true,"jetpack_social_options":{"image_generator_settings":{"template":"highway","default_image_id":0,"font":"","enabled":false},"version":2},"_wpas_customize_per_network":false},"categories":[405],"tags":[],"class_list":["post-17441","post","type-post","status-publish","format-standard","has-post-thumbnail","hentry","category-actu-france-monde"],"jetpack_publicize_connections":[],"jetpack_featured_media_url":"https:\/\/i0.wp.com\/www.iceagetv.com\/radiosite\/wp-content\/uploads\/2020\/12\/Des-g%C3%A9rants-de-magasins-de-sport-en-montagne-jugent-leur-saison-termin%C3%A9e.jpg?fit=640%2C410&ssl=1","jetpack_sharing_enabled":true,"_links":{"self":[{"href":"https:\/\/www.iceagetv.com\/radiosite\/wp-json\/wp\/v2\/posts\/17441","targetHints":{"allow":["GET"]}}],"collection":[{"href":"https:\/\/www.iceagetv.com\/radiosite\/wp-json\/wp\/v2\/posts"}],"about":[{"href":"https:\/\/www.iceagetv.com\/radiosite\/wp-json\/wp\/v2\/types\/post"}],"author":[{"embeddable":true,"href":"https:\/\/www.iceagetv.com\/radiosite\/wp-json\/wp\/v2\/users\/2"}],"replies":[{"embeddable":true,"href":"https:\/\/www.iceagetv.com\/radiosite\/wp-json\/wp\/v2\/comments?post=17441"}],"version-history":[{"count":1,"href":"https:\/\/www.iceagetv.com\/radiosite\/wp-json\/wp\/v2\/posts\/17441\/revisions"}],"predecessor-version":[{"id":17443,"href":"https:\/\/www.iceagetv.com\/radiosite\/wp-json\/wp\/v2\/posts\/17441\/revisions\/17443"}],"wp:featuredmedia":[{"embeddable":true,"href":"https:\/\/www.iceagetv.com\/radiosite\/wp-json\/wp\/v2\/media\/17442"}],"wp:attachment":[{"href":"https:\/\/www.iceagetv.com\/radiosite\/wp-json\/wp\/v2\/media?parent=17441"}],"wp:term":[{"taxonomy":"category","embeddable":true,"href":"https:\/\/www.iceagetv.com\/radiosite\/wp-json\/wp\/v2\/categories?post=17441"},{"taxonomy":"post_tag","embeddable":true,"href":"https:\/\/www.iceagetv.com\/radiosite\/wp-json\/wp\/v2\/tags?post=17441"}],"curies":[{"name":"wp","href":"https:\/\/api.w.org\/{rel}","templated":true}]}}