{"id":17451,"date":"2020-12-27T08:01:10","date_gmt":"2020-12-27T08:01:10","guid":{"rendered":"http:\/\/www.iceagetv.com\/radiosite\/?p=17451"},"modified":"2020-12-27T08:01:10","modified_gmt":"2020-12-27T08:01:10","slug":"coronavirus-olivier-veran-est-il-en-train-de-preparer-les-francais-a-un-3e-confinement-le-ministre-de-la-sante-evoque-cette-possibilite-dans-une-interview-au-journal-du-dimanche-ce-matin","status":"publish","type":"post","link":"https:\/\/www.iceagetv.com\/radiosite\/coronavirus-olivier-veran-est-il-en-train-de-preparer-les-francais-a-un-3e-confinement-le-ministre-de-la-sante-evoque-cette-possibilite-dans-une-interview-au-journal-du-dimanche-ce-matin\/","title":{"rendered":"Coronavirus : Olivier V\u00e9ran est-il en train de pr\u00e9parer les Fran\u00e7ais \u00e0 un 3e confinement ? Le Ministre de la Sant\u00e9 \u00e9voque cette possibilit\u00e9 dans une interview au Journal du Dimanche ce matin"},"content":{"rendered":"\n<p>Dans une interview accord\u00e9e au Journal du Dimanche en marge du lancement du plan de vaccination contre le coronavirus en France, le ministre de la Sant\u00e9 Olivier V\u00e9ran a estim\u00e9 que l&rsquo;instauration d&rsquo;une troisi\u00e8me quarantaine n&rsquo;\u00e9tait pas \u00e0 exclure si la situation \u00e9pid\u00e9mique \u00ab\u00a0devait s&rsquo;aggraver.\u00a0\u00bb \u00ab\u00a0Nous n&rsquo;excluons jamais des mesures qui pourraient \u00eatre n\u00e9cessaires pour prot\u00e9ger des populations. \u00c7a ne veut pas dire qu&rsquo;on a d\u00e9cid\u00e9, mais qu&rsquo;on observe la situation heure par heure\u00a0\u00bb, souligne-t-il dans un entretien. Une troisi\u00e8me vague dans les semaines qui suivent les f\u00eates de fin d&rsquo;ann\u00e9e est en effet redout\u00e9e.<\/p>\n\n\n\n<p>Reconfinement local? D&rsquo;autant plus que la circulation du virus est encore importante, avec \u00ab\u00a015.000 contaminations d\u00e9tect\u00e9es par jour en moyenne, alors qu&rsquo;on \u00e9tait descendu \u00e0 11 000&#8230;\u00a0\u00bb, pointe le ministre.<\/p>\n\n\n\n<p>\u00ab\u00a0L&rsquo;objectif des 5. 000 (cas de contamination par jour) s&rsquo;\u00e9loigne. Et la pression sur le syst\u00e8me de sant\u00e9 reste importante, avec 1.500 hospitalisations par jour, une tension qui baisse tr\u00e8s peu en r\u00e9animation\u00a0\u00bb, souligne le ministre, qui se dit pr\u00eat \u00e0 prendre \u00ab\u00a0les mesures n\u00e9cessaires, si la situation devait s&rsquo;aggraver.\u00a0\u00bb La situation est d\u00e9j\u00e0 pr\u00e9occupante dans le \u00ab\u00a0Grand Est, la Bourgogne-Franche-Comt\u00e9 et le d\u00e9partement des Alpes-Maritimes, \u00e0 commencer par Nice\u00a0\u00bb, avec \u00ab\u00a0une \u00ab\u00a0augmentation de l&rsquo;incidence chez les personnes \u00e2g\u00e9es dans certains territoires ruraux\u00a0\u00bb.<\/p>\n\n\n\n<p>Plusieurs maires de l&rsquo;Est de la France, dont Reims, plaident depuis plusieurs jours pour \u00ab\u00a0reconfiner soit de fa\u00e7on territoriale ou au niveau national.\u00a0\u00bb<\/p>\n","protected":false},"excerpt":{"rendered":"<p>Dans une interview accord\u00e9e au Journal du Dimanche en marge du lancement du plan de vaccination contre le coronavirus en France, le ministre de la Sant\u00e9 Olivier V\u00e9ran a estim\u00e9 que l&rsquo;instauration d&rsquo;une troisi\u00e8me quarantaine n&rsquo;\u00e9tait pas \u00e0 exclure si la situation \u00e9pid\u00e9mique \u00ab\u00a0devait s&rsquo;aggraver.\u00a0\u00bb \u00ab\u00a0Nous n&rsquo;excluons jamais des mesures qui pourraient \u00eatre n\u00e9cessaires pour [&hellip;]<\/p>\n","protected":false},"author":2,"featured_media":17452,"comment_status":"open","ping_status":"open","sticky":false,"template":"","format":"standard","meta":{"_jetpack_memberships_contains_paid_content":false,"footnotes":"","jetpack_publicize_message":"","jetpack_publicize_feature_enabled":true,"jetpack_social_post_already_shared":true,"jetpack_social_options":{"image_generator_settings":{"template":"highway","default_image_id":0,"font":"","enabled":false},"version":2},"_wpas_customize_per_network":false},"categories":[405],"tags":[],"class_list":["post-17451","post","type-post","status-publish","format-standard","has-post-thumbnail","hentry","category-actu-france-monde"],"jetpack_publicize_connections":[],"jetpack_featured_media_url":"https:\/\/i0.wp.com\/www.iceagetv.com\/radiosite\/wp-content\/uploads\/2020\/12\/Olivier-V%C3%A9ran-est-il-en-train-de-pr%C3%A9parer-les-Fran%C3%A7ais-%C3%A0-un-3e-confinement.png?fit=526%2C264&ssl=1","jetpack_sharing_enabled":true,"_links":{"self":[{"href":"https:\/\/www.iceagetv.com\/radiosite\/wp-json\/wp\/v2\/posts\/17451","targetHints":{"allow":["GET"]}}],"collection":[{"href":"https:\/\/www.iceagetv.com\/radiosite\/wp-json\/wp\/v2\/posts"}],"about":[{"href":"https:\/\/www.iceagetv.com\/radiosite\/wp-json\/wp\/v2\/types\/post"}],"author":[{"embeddable":true,"href":"https:\/\/www.iceagetv.com\/radiosite\/wp-json\/wp\/v2\/users\/2"}],"replies":[{"embeddable":true,"href":"https:\/\/www.iceagetv.com\/radiosite\/wp-json\/wp\/v2\/comments?post=17451"}],"version-history":[{"count":1,"href":"https:\/\/www.iceagetv.com\/radiosite\/wp-json\/wp\/v2\/posts\/17451\/revisions"}],"predecessor-version":[{"id":17453,"href":"https:\/\/www.iceagetv.com\/radiosite\/wp-json\/wp\/v2\/posts\/17451\/revisions\/17453"}],"wp:featuredmedia":[{"embeddable":true,"href":"https:\/\/www.iceagetv.com\/radiosite\/wp-json\/wp\/v2\/media\/17452"}],"wp:attachment":[{"href":"https:\/\/www.iceagetv.com\/radiosite\/wp-json\/wp\/v2\/media?parent=17451"}],"wp:term":[{"taxonomy":"category","embeddable":true,"href":"https:\/\/www.iceagetv.com\/radiosite\/wp-json\/wp\/v2\/categories?post=17451"},{"taxonomy":"post_tag","embeddable":true,"href":"https:\/\/www.iceagetv.com\/radiosite\/wp-json\/wp\/v2\/tags?post=17451"}],"curies":[{"name":"wp","href":"https:\/\/api.w.org\/{rel}","templated":true}]}}