{"id":17455,"date":"2020-12-27T08:07:10","date_gmt":"2020-12-27T08:07:10","guid":{"rendered":"http:\/\/www.iceagetv.com\/radiosite\/?p=17455"},"modified":"2020-12-27T08:07:10","modified_gmt":"2020-12-27T08:07:10","slug":"covid-19-la-france-entame-sa-campagne-de-vaccination-ce-dimanche","status":"publish","type":"post","link":"https:\/\/www.iceagetv.com\/radiosite\/covid-19-la-france-entame-sa-campagne-de-vaccination-ce-dimanche\/","title":{"rendered":"Covid-19 : la France entame sa campagne de vaccination ce dimanche"},"content":{"rendered":"\n<p>Jour J et lueur d\u2019espoir en ce surlendemain de No\u00ebl&nbsp;: une vingtaine de personnes \u00e2g\u00e9es et de soignants seront les premiers Fran\u00e7ais \u00e0 se faire vacciner, dimanche 27 d\u00e9cembre, contre le Covid-19, au terme d\u2019une ann\u00e9e endeuill\u00e9e par un virus qui a fait plus de 62&nbsp;500&nbsp;morts dans le pays. Apr\u00e8s le feu vert donn\u00e9 par l\u2019Union europ\u00e9enne, le 21&nbsp;d\u00e9cembre, au produit mis au point conjointement par l\u2019am\u00e9ricain Pfizer et l\u2019allemand BioNTech, ce sont presque tous les Etats membres qui simultan\u00e9ment lancent leur campagne vaccinale \u2013&nbsp;ouverte depuis la veille par l\u2019Allemagne, la Hongrie et la Slovaquie.<\/p>\n\n\n\n<p>Le vaccin, achemin\u00e9 samedi dans l\u2019Hexagone sous bonne escorte, \u00e9tait particuli\u00e8rement attendu en France, o\u00f9 le virus circule activement, et o\u00f9 la pr\u00e9sence de son variant britannique, possiblement plus contagieux, a \u00e9t\u00e9 confirm\u00e9e vendredi chez un patient.<\/p>\n\n\n\n<ul class=\"wp-block-list\"><li>Une vingtaine de personnes vaccin\u00e9es ce dimanche<\/li><\/ul>\n\n\n\n<p>Le lancement symbolique de la campagne vaccinale fran\u00e7aise a lieu ce dimanche dans deux structures d\u2019h\u00e9bergement de personnes \u00e2g\u00e9es&nbsp;: l\u2019une situ\u00e9e dans la Seine-Saint-Denis, d\u00e9partement qui a pay\u00e9 un lourd tribut au Covid, l\u2019autre dans la C\u00f4te-d\u2019Or, au c\u0153ur de la Bourgogne-Franche-Comt\u00e9, soit l\u2019une des r\u00e9gions o\u00f9 le taux d\u2019incidence du virus est le plus \u00e9lev\u00e9.<\/p>\n\n\n\n<p>Dans la matin\u00e9e, une dizaine de r\u00e9sidents \u2013&nbsp;tous \u00e2g\u00e9s de plus de 75 ans&nbsp;\u2013 de l\u2019unit\u00e9 de soins de longue dur\u00e9e de l\u2019h\u00f4pital Ren\u00e9-Muret de Sevran (Assistance publique-H\u00f4pitaux de Paris) ainsi qu\u2019un de leurs m\u00e9decins (\u00e2g\u00e9 de plus de 65&nbsp;ans) se verront administrer une premi\u00e8re dose du vaccin. En d\u00e9but d\u2019apr\u00e8s-midi, ce sera le tour d\u2019une dizaine de pensionnaires du centre g\u00e9riatrique de Champmaillot, d\u00e9pendant du CHU de Dijon, et d\u2019un m\u00e9decin sp\u00e9cialiste (\u00e2g\u00e9 de plus de 65&nbsp;ans) de recevoir \u00e0 leur tour le Pfizer-BioNTech, baptis\u00e9 Comirnaty en r\u00e9f\u00e9rence au proc\u00e9d\u00e9 sur lequel il s\u2019appuie (l\u2019ARN messager \u2013&nbsp;<em>mRNA<\/em>&nbsp;en anglais).<\/p>\n\n\n\n<ul class=\"wp-block-list\"><li>Une campagne vaccinale progressive<\/li><\/ul>\n\n\n\n<p>La mont\u00e9e en puissance de la campagne vaccinale sera progressive&nbsp;: elle concernera la semaine prochaine 23&nbsp;\u00e9tablissements des r\u00e9gions de Paris, Lyon, Lille et Tours, avant de s\u2019intensifier pour atteindre une centaine de lieux \u00e0 l\u2019issue des deux premi\u00e8res semaines de janvier. Le gouvernement s\u2019est donn\u00e9 jusqu\u2019\u00e0 fin f\u00e9vrier pour vacciner un million de personnes parmi les plus \u00e2g\u00e9es et les plus vuln\u00e9rables, particuliers comme soignants, dans les 7 000 Ehpad et autres \u00e9tablissements assimil\u00e9s que compte le territoire national.<\/p>\n\n\n\n<p>Suivront&nbsp;<em>\u00ab&nbsp;tous les retrait\u00e9s de plus de 65&nbsp;ans&nbsp;\u00bb<\/em>&nbsp;\u2013&nbsp;dont la vaccination devrait s\u2019\u00e9taler jusqu\u2019au printemps&nbsp;\u2013, puis le reste de la population \u00e2g\u00e9e de 16&nbsp;ans et plus, toujours sur une base volontaire. Le gouvernement esp\u00e8re ainsi qu\u2019il aura immunis\u00e9&nbsp;<em>\u00ab&nbsp;15&nbsp;millions de personnes \u00e0 l\u2019horizon de cet \u00e9t\u00e9&nbsp;\u00bb<\/em>, a pr\u00e9cis\u00e9 Matignon samedi \u2013&nbsp;une \u00e9ch\u00e9ance quelque peu retard\u00e9e en regard de ce qui avait pr\u00e9alablement \u00e9t\u00e9 envisag\u00e9.<\/p>\n","protected":false},"excerpt":{"rendered":"<p>Jour J et lueur d\u2019espoir en ce surlendemain de No\u00ebl&nbsp;: une vingtaine de personnes \u00e2g\u00e9es et de soignants seront les premiers Fran\u00e7ais \u00e0 se faire vacciner, dimanche 27 d\u00e9cembre, contre le Covid-19, au terme d\u2019une ann\u00e9e endeuill\u00e9e par un virus qui a fait plus de 62&nbsp;500&nbsp;morts dans le pays. Apr\u00e8s le feu vert donn\u00e9 par [&hellip;]<\/p>\n","protected":false},"author":2,"featured_media":17456,"comment_status":"open","ping_status":"open","sticky":false,"template":"","format":"standard","meta":{"_jetpack_memberships_contains_paid_content":false,"footnotes":"","jetpack_publicize_message":"","jetpack_publicize_feature_enabled":true,"jetpack_social_post_already_shared":true,"jetpack_social_options":{"image_generator_settings":{"template":"highway","default_image_id":0,"font":"","enabled":false},"version":2},"_wpas_customize_per_network":false},"categories":[405],"tags":[],"class_list":["post-17455","post","type-post","status-publish","format-standard","has-post-thumbnail","hentry","category-actu-france-monde"],"jetpack_publicize_connections":[],"jetpack_featured_media_url":"https:\/\/i0.wp.com\/www.iceagetv.com\/radiosite\/wp-content\/uploads\/2020\/12\/la-France-entame-sa-campagne-de-vaccination-ce-dimanche.png?fit=558%2C357&ssl=1","jetpack_sharing_enabled":true,"_links":{"self":[{"href":"https:\/\/www.iceagetv.com\/radiosite\/wp-json\/wp\/v2\/posts\/17455","targetHints":{"allow":["GET"]}}],"collection":[{"href":"https:\/\/www.iceagetv.com\/radiosite\/wp-json\/wp\/v2\/posts"}],"about":[{"href":"https:\/\/www.iceagetv.com\/radiosite\/wp-json\/wp\/v2\/types\/post"}],"author":[{"embeddable":true,"href":"https:\/\/www.iceagetv.com\/radiosite\/wp-json\/wp\/v2\/users\/2"}],"replies":[{"embeddable":true,"href":"https:\/\/www.iceagetv.com\/radiosite\/wp-json\/wp\/v2\/comments?post=17455"}],"version-history":[{"count":1,"href":"https:\/\/www.iceagetv.com\/radiosite\/wp-json\/wp\/v2\/posts\/17455\/revisions"}],"predecessor-version":[{"id":17457,"href":"https:\/\/www.iceagetv.com\/radiosite\/wp-json\/wp\/v2\/posts\/17455\/revisions\/17457"}],"wp:featuredmedia":[{"embeddable":true,"href":"https:\/\/www.iceagetv.com\/radiosite\/wp-json\/wp\/v2\/media\/17456"}],"wp:attachment":[{"href":"https:\/\/www.iceagetv.com\/radiosite\/wp-json\/wp\/v2\/media?parent=17455"}],"wp:term":[{"taxonomy":"category","embeddable":true,"href":"https:\/\/www.iceagetv.com\/radiosite\/wp-json\/wp\/v2\/categories?post=17455"},{"taxonomy":"post_tag","embeddable":true,"href":"https:\/\/www.iceagetv.com\/radiosite\/wp-json\/wp\/v2\/tags?post=17455"}],"curies":[{"name":"wp","href":"https:\/\/api.w.org\/{rel}","templated":true}]}}