{"id":17472,"date":"2020-12-29T15:05:19","date_gmt":"2020-12-29T15:05:19","guid":{"rendered":"http:\/\/www.iceagetv.com\/radiosite\/?p=17472"},"modified":"2020-12-29T15:05:19","modified_gmt":"2020-12-29T15:05:19","slug":"le-celebre-couturier-francais-pierre-cardin-est-decede-a-lage-de-98-ans-il-sest-eteint-dans-la-matinee-a-lhopital-americain-de-neuilly","status":"publish","type":"post","link":"https:\/\/www.iceagetv.com\/radiosite\/le-celebre-couturier-francais-pierre-cardin-est-decede-a-lage-de-98-ans-il-sest-eteint-dans-la-matinee-a-lhopital-americain-de-neuilly\/","title":{"rendered":"Le c\u00e9l\u00e8bre couturier fran\u00e7ais Pierre Cardin est d\u00e9c\u00e9d\u00e9 \u00e0 l&rsquo;\u00e2ge de 98 ans &#8211; Il s&rsquo;est \u00e9teint dans la matin\u00e9e \u00e0 l&rsquo;h\u00f4pital am\u00e9ricain de Neuilly"},"content":{"rendered":"\n<p>Le couturier fran\u00e7ais Pierre Cardin, styliste visionnaire et pionnier du pr\u00eat-\u00e0-porter, est d\u00e9c\u00e9d\u00e9 mardi \u00e0 l&rsquo;\u00e2ge de&nbsp;98&nbsp;ans, a annonc\u00e9 sa famille \u00e0 l&rsquo;AFP. Fils d&rsquo;immigr\u00e9s italiens devenu un homme d&rsquo;affaires au nom mondialement connu, Pierre Cardin est mort dans la matin\u00e9e \u00e0 l&rsquo;h\u00f4pital am\u00e9ricain de Neuilly, \u00e0 l&rsquo;ouest de Paris.<\/p>\n\n\n\n<p>\u00ab\u00a0Jour de grande tristesse pour toute notre famille, Pierre Cardin n&rsquo;est plus. Le grand couturier qu&rsquo;il fut, a travers\u00e9 le si\u00e8cle, laissant \u00e0 la France et au monde un h\u00e9ritage artistique unique dans la mode mais pas seulement\u00a0\u00bb, \u00e9crit sa famille dans un communiqu\u00e9. \u00ab\u00a0Nous sommes tous fiers de son ambition tenace et de l&rsquo;audace dont il a fait preuve tout au long de sa vie. Homme moderne aux multiples talents et \u00e0 l&rsquo;\u00e9nergie in\u00e9puisable, il s&rsquo;est inscrit tr\u00e8s t\u00f4t dans les flux de la mondialisation des biens et des \u00e9changes\u00a0\u00bb, selon le texte.<\/p>\n\n\n\n<p>Avant beaucoup d&rsquo;autres, Pierre Cardin avait ouvert un \u00ab\u00a0corner\u00a0\u00bb dans un grand magasin, fait d\u00e9filer des hommes. Et adopt\u00e9 \u00e0 grande \u00e9chelle un syst\u00e8me de licences qui lui assurait une diffusion dans le monde entier, apposant son nom sur des produits aussi divers que des cravates, des cigarettes, des parfums ou de l&rsquo;eau min\u00e9rale. Pr\u00e9curseur, il s&rsquo;\u00e9tait tr\u00e8s t\u00f4t tourn\u00e9 vers l&rsquo;Asie o\u00f9 il jouissait d&rsquo;une grande notori\u00e9t\u00e9: il s&rsquo;\u00e9tait rendu d\u00e8s&nbsp;1957&nbsp;au Japon, alors en pleine reconstruction, et avait organis\u00e9 des d\u00e9fil\u00e9s en Chine d\u00e8s 1979.<\/p>\n\n\n\n<p>\u00ab\u00a0Italien de naissance, Pierre Cardin n&rsquo;a jamais oubli\u00e9 ses origines tout en portant \u00e0 la France un amour inconditionnel\u00a0\u00bb, \u00e9crit encore sa famille. \u00ab\u00a0Supr\u00eame cons\u00e9cration, il est enfin le premier couturier \u00e0 entrer \u00e0 l&rsquo;Acad\u00e9mie des beaux-arts, faisant reconna\u00eetre la mode comme un art \u00e0 part enti\u00e8re. En atteste aujourd&rsquo;hui son \u00e9p\u00e9e d&rsquo;acad\u00e9micien qu&rsquo;il a lui-m\u00eame cr\u00e9\u00e9e et sur laquelle sont grav\u00e9s les symboles de sa r\u00e9ussite\u00a0\u00bb, conclut-elle.<\/p>\n","protected":false},"excerpt":{"rendered":"<p>Le couturier fran\u00e7ais Pierre Cardin, styliste visionnaire et pionnier du pr\u00eat-\u00e0-porter, est d\u00e9c\u00e9d\u00e9 mardi \u00e0 l&rsquo;\u00e2ge de&nbsp;98&nbsp;ans, a annonc\u00e9 sa famille \u00e0 l&rsquo;AFP. Fils d&rsquo;immigr\u00e9s italiens devenu un homme d&rsquo;affaires au nom mondialement connu, Pierre Cardin est mort dans la matin\u00e9e \u00e0 l&rsquo;h\u00f4pital am\u00e9ricain de Neuilly, \u00e0 l&rsquo;ouest de Paris. \u00ab\u00a0Jour de grande tristesse pour [&hellip;]<\/p>\n","protected":false},"author":2,"featured_media":17473,"comment_status":"open","ping_status":"open","sticky":false,"template":"","format":"standard","meta":{"_jetpack_memberships_contains_paid_content":false,"footnotes":"","jetpack_publicize_message":"","jetpack_publicize_feature_enabled":true,"jetpack_social_post_already_shared":true,"jetpack_social_options":{"image_generator_settings":{"template":"highway","default_image_id":0,"font":"","enabled":false},"version":2},"_wpas_customize_per_network":false},"categories":[405],"tags":[],"class_list":["post-17472","post","type-post","status-publish","format-standard","has-post-thumbnail","hentry","category-actu-france-monde"],"jetpack_publicize_connections":[],"jetpack_featured_media_url":"https:\/\/i0.wp.com\/www.iceagetv.com\/radiosite\/wp-content\/uploads\/2020\/12\/Pierre-Cardin-est-d%C3%A9c%C3%A9d%C3%A9.png?fit=704%2C381&ssl=1","jetpack_sharing_enabled":true,"_links":{"self":[{"href":"https:\/\/www.iceagetv.com\/radiosite\/wp-json\/wp\/v2\/posts\/17472","targetHints":{"allow":["GET"]}}],"collection":[{"href":"https:\/\/www.iceagetv.com\/radiosite\/wp-json\/wp\/v2\/posts"}],"about":[{"href":"https:\/\/www.iceagetv.com\/radiosite\/wp-json\/wp\/v2\/types\/post"}],"author":[{"embeddable":true,"href":"https:\/\/www.iceagetv.com\/radiosite\/wp-json\/wp\/v2\/users\/2"}],"replies":[{"embeddable":true,"href":"https:\/\/www.iceagetv.com\/radiosite\/wp-json\/wp\/v2\/comments?post=17472"}],"version-history":[{"count":1,"href":"https:\/\/www.iceagetv.com\/radiosite\/wp-json\/wp\/v2\/posts\/17472\/revisions"}],"predecessor-version":[{"id":17474,"href":"https:\/\/www.iceagetv.com\/radiosite\/wp-json\/wp\/v2\/posts\/17472\/revisions\/17474"}],"wp:featuredmedia":[{"embeddable":true,"href":"https:\/\/www.iceagetv.com\/radiosite\/wp-json\/wp\/v2\/media\/17473"}],"wp:attachment":[{"href":"https:\/\/www.iceagetv.com\/radiosite\/wp-json\/wp\/v2\/media?parent=17472"}],"wp:term":[{"taxonomy":"category","embeddable":true,"href":"https:\/\/www.iceagetv.com\/radiosite\/wp-json\/wp\/v2\/categories?post=17472"},{"taxonomy":"post_tag","embeddable":true,"href":"https:\/\/www.iceagetv.com\/radiosite\/wp-json\/wp\/v2\/tags?post=17472"}],"curies":[{"name":"wp","href":"https:\/\/api.w.org\/{rel}","templated":true}]}}