{"id":17475,"date":"2020-12-29T17:09:26","date_gmt":"2020-12-29T17:09:26","guid":{"rendered":"http:\/\/www.iceagetv.com\/radiosite\/?p=17475"},"modified":"2020-12-29T17:09:26","modified_gmt":"2020-12-29T17:09:26","slug":"pour-lorganisation-mondiale-de-la-sante-il-faut-des-maintenant-se-preparer-a-pire-que-la-pandemie-de-coronavirus","status":"publish","type":"post","link":"https:\/\/www.iceagetv.com\/radiosite\/pour-lorganisation-mondiale-de-la-sante-il-faut-des-maintenant-se-preparer-a-pire-que-la-pandemie-de-coronavirus\/","title":{"rendered":"Pour l\u2019Organisation mondiale de la sant\u00e9, il faut d\u00e8s maintenant se pr\u00e9parer \u00ab\u00a0\u00e0 pire\u00a0\u00bb que la pand\u00e9mie de coronavirus"},"content":{"rendered":"\n<p>L\u2019Organisation mondiale de la sant\u00e9 a pr\u00e9venu lundi que, malgr\u00e9 la s\u00e9v\u00e9rit\u00e9 de la pand\u00e9mie de COVID-19, qui a tu\u00e9 plus de 1,7 million de personnes et en a infect\u00e9 des dizaines de millions en un an, il \u00e9tait urgent de se pr\u00e9parer \u00ab\u00e0 pire\u00bb. \u00abC\u2019est une sonnette d\u2019alarme\u00bb, a pr\u00e9venu Michael Ryan, le responsable de l\u2019OMS des situations d\u2019urgence lors de la derni\u00e8re conf\u00e9rence de presse de l\u2019ann\u00e9e de l\u2019organisation, qui est en premi\u00e8re ligne dans le combat contre la pire pand\u00e9mie depuis 100 ans.<\/p>\n\n\n\n<p>\u00abCette pand\u00e9mie a \u00e9t\u00e9 tr\u00e8s s\u00e9v\u00e8re. Elle s\u2019est r\u00e9pandue partout dans le monde tr\u00e8s rapidement et elle a touch\u00e9 chaque recoin de la plan\u00e8te, mais ce n\u2019est pas n\u00e9cessairement la pire\u00bb, a mis en garde le m\u00e9decin, qui, dans sa carri\u00e8re, a eu \u00e0 affronter sur le terrain des agents pathog\u00e8nes parmi les plus mortels. Tout en reconnaissant que le virus \u00abse transmet tr\u00e8s facilement et tue des gens [&#8230;] son taux de mortalit\u00e9 est relativement bas par rapport \u00e0 d\u2019autres maladies \u00e9mergentes \u00bb, il nous faut \u00abnous pr\u00e9parer \u00e0 l\u2019avenir \u00e0 quelque chose qui sera peut-\u00eatre encore pire\u00bb, a martel\u00e9 le docteur Ryan.<\/p>\n\n\n\n<p>Son coll\u00e8gue et conseiller aupr\u00e8s de l\u2019OMS, Bruce Aylward, a enfonc\u00e9 le clou en estimant que, malgr\u00e9 les exploits scientifiques r\u00e9alis\u00e9s dans la lutte contre la COVID-19, y compris la cr\u00e9ation de vaccins efficaces en un temps record, le monde \u00e9tait loin d\u2019\u00eatre pr\u00e9par\u00e9 \u00e0 combattre de futures pand\u00e9mies. \u00abNous sommes dans les deuxi\u00e8me et troisi\u00e8me vagues de ce virus et nous ne sommes toujours pas pr\u00eats et capables de les g\u00e9rer\u00bb, a-t-il lanc\u00e9 dans la conf\u00e9rence de presse.<\/p>\n\n\n\n<p>Et d\u2019insister: \u00abm\u00eame si nous sommes mieux pr\u00e9par\u00e9s, nous ne sommes pas totalement pr\u00eats pour [la pand\u00e9mie] actuelle, et encore moins pour la prochaine\u00bb. Le directeur g\u00e9n\u00e9ral de l\u2019OMS, Tedros Adhanom Ghebreyesus, a pr\u00e9f\u00e9r\u00e9 voir le verre \u00e0 moiti\u00e9 plein. \u00abSur le plan de la prise de conscience, je pense que nous y sommes\u00bb, a-t-il estim\u00e9, tout en soulignant que c\u2019\u00e9tait le moment \u00abd\u2019\u00eatre vraiment s\u00e9rieux\u00bb. \u00abIl va falloir plus d\u2019ambition\u00bb, a-t-il d\u00e9clar\u00e9.<\/p>\n","protected":false},"excerpt":{"rendered":"<p>L\u2019Organisation mondiale de la sant\u00e9 a pr\u00e9venu lundi que, malgr\u00e9 la s\u00e9v\u00e9rit\u00e9 de la pand\u00e9mie de COVID-19, qui a tu\u00e9 plus de 1,7 million de personnes et en a infect\u00e9 des dizaines de millions en un an, il \u00e9tait urgent de se pr\u00e9parer \u00ab\u00e0 pire\u00bb. \u00abC\u2019est une sonnette d\u2019alarme\u00bb, a pr\u00e9venu Michael Ryan, le responsable [&hellip;]<\/p>\n","protected":false},"author":2,"featured_media":17476,"comment_status":"open","ping_status":"open","sticky":false,"template":"","format":"standard","meta":{"_jetpack_memberships_contains_paid_content":false,"footnotes":"","jetpack_publicize_message":"","jetpack_publicize_feature_enabled":true,"jetpack_social_post_already_shared":true,"jetpack_social_options":{"image_generator_settings":{"template":"highway","default_image_id":0,"font":"","enabled":false},"version":2},"_wpas_customize_per_network":false},"categories":[405],"tags":[],"class_list":["post-17475","post","type-post","status-publish","format-standard","has-post-thumbnail","hentry","category-actu-france-monde"],"jetpack_publicize_connections":[],"jetpack_featured_media_url":"https:\/\/i0.wp.com\/www.iceagetv.com\/radiosite\/wp-content\/uploads\/2020\/12\/Pour-l%E2%80%99Organisation-mondiale-de-la-sant%C3%A9.png?fit=621%2C269&ssl=1","jetpack_sharing_enabled":true,"_links":{"self":[{"href":"https:\/\/www.iceagetv.com\/radiosite\/wp-json\/wp\/v2\/posts\/17475","targetHints":{"allow":["GET"]}}],"collection":[{"href":"https:\/\/www.iceagetv.com\/radiosite\/wp-json\/wp\/v2\/posts"}],"about":[{"href":"https:\/\/www.iceagetv.com\/radiosite\/wp-json\/wp\/v2\/types\/post"}],"author":[{"embeddable":true,"href":"https:\/\/www.iceagetv.com\/radiosite\/wp-json\/wp\/v2\/users\/2"}],"replies":[{"embeddable":true,"href":"https:\/\/www.iceagetv.com\/radiosite\/wp-json\/wp\/v2\/comments?post=17475"}],"version-history":[{"count":1,"href":"https:\/\/www.iceagetv.com\/radiosite\/wp-json\/wp\/v2\/posts\/17475\/revisions"}],"predecessor-version":[{"id":17477,"href":"https:\/\/www.iceagetv.com\/radiosite\/wp-json\/wp\/v2\/posts\/17475\/revisions\/17477"}],"wp:featuredmedia":[{"embeddable":true,"href":"https:\/\/www.iceagetv.com\/radiosite\/wp-json\/wp\/v2\/media\/17476"}],"wp:attachment":[{"href":"https:\/\/www.iceagetv.com\/radiosite\/wp-json\/wp\/v2\/media?parent=17475"}],"wp:term":[{"taxonomy":"category","embeddable":true,"href":"https:\/\/www.iceagetv.com\/radiosite\/wp-json\/wp\/v2\/categories?post=17475"},{"taxonomy":"post_tag","embeddable":true,"href":"https:\/\/www.iceagetv.com\/radiosite\/wp-json\/wp\/v2\/tags?post=17475"}],"curies":[{"name":"wp","href":"https:\/\/api.w.org\/{rel}","templated":true}]}}