{"id":17500,"date":"2021-01-02T17:06:37","date_gmt":"2021-01-02T17:06:37","guid":{"rendered":"http:\/\/www.iceagetv.com\/radiosite\/?p=17500"},"modified":"2021-01-02T17:06:37","modified_gmt":"2021-01-02T17:06:37","slug":"covid-19-lest-de-la-france-bascule-dans-le-couvre-feu-a-18-heures","status":"publish","type":"post","link":"https:\/\/www.iceagetv.com\/radiosite\/covid-19-lest-de-la-france-bascule-dans-le-couvre-feu-a-18-heures\/","title":{"rendered":"Covid-19 : l\u2019est de la France bascule dans le couvre-feu \u00e0 18 heures"},"content":{"rendered":"\n<p> En Bourgogne-Franche-Comt\u00e9, nul ne se ber\u00e7ait d\u2019illusions. Le\u00a0<em>\u00ab\u00a0durcissement\u00a0\u00bb<\/em>\u00a0annonc\u00e9 du couvre-feu, pour reprendre une expression du pr\u00e9fet de r\u00e9gion, Fabien Sudry, \u00e9tait in\u00e9vitable. Pour Besan\u00e7on, l\u2019ancienne capitale franc-comtoise, les chiffres publi\u00e9s par l\u2019agence r\u00e9gionale de sant\u00e9, vendredi\u00a01<sup>er<\/sup>\u00a0janvier\u00a02021, parlaient d\u2019eux-m\u00eames. Les taux d\u2019incidence (nombre de tests, RT-PCR ou antig\u00e9niques, positifs par tranche de 100\u00a0000 habitants), en population g\u00e9n\u00e9rale et pour les personnes de plus de 65\u00a0ans, \u00e9taient respectivement de 266,9 et de 301,3 dans le Doubs, alors que le seuil de d\u00e9clenchement du passage du couvre-feu de 20\u00a0heures \u00e0 18\u00a0heures \u00e9tait fix\u00e9 \u00e0 200 par le gouvernement.  Le d\u00e9passement de cette barre fatidique, dans l\u2019une ou l\u2019autre cat\u00e9gorie,\u00a0<em>\u00ab\u00a0suffisait \u00e0 l\u2019activer\u00a0\u00bb\u00a0<\/em>hors de tout autre crit\u00e8re, a insist\u00e9 \u00e0 plusieurs reprises le repr\u00e9sentant de l\u2019Etat lors d\u2019une conf\u00e9rence de presse \u00e0 Dijon, mercredi\u00a030\u00a0d\u00e9cembre\u00a02020. Ce n\u2019\u00e9tait gu\u00e8re mieux dans le Territoire de Belfort (266,2 et 268,3), le Jura (265,7 et 313,2) et en Haute-Sa\u00f4ne (253 et 251,8). Malgr\u00e9 de moins fortes pressions, le couperet est tomb\u00e9 aussi en Sa\u00f4ne-et-Loire (172,9 et 208,4) et dans la Ni\u00e8vre (177,9 et 224,5). Alors que l\u2019ARS annon\u00e7ait 168,6 et 203,6 pour l\u2019Yonne, celle-ci aurait d\u00fb \u00eatre pr\u00e9serv\u00e9e, si l\u2019on se r\u00e9f\u00e8re au mode d\u2019emploi d\u00e9taill\u00e9 par le pr\u00e9fet, bien que figurant sur la liste initiale des d\u00e9partements menac\u00e9s. <\/p>\n","protected":false},"excerpt":{"rendered":"<p>En Bourgogne-Franche-Comt\u00e9, nul ne se ber\u00e7ait d\u2019illusions. Le\u00a0\u00ab\u00a0durcissement\u00a0\u00bb\u00a0annonc\u00e9 du couvre-feu, pour reprendre une expression du pr\u00e9fet de r\u00e9gion, Fabien Sudry, \u00e9tait in\u00e9vitable. Pour Besan\u00e7on, l\u2019ancienne capitale franc-comtoise, les chiffres publi\u00e9s par l\u2019agence r\u00e9gionale de sant\u00e9, vendredi\u00a01er\u00a0janvier\u00a02021, parlaient d\u2019eux-m\u00eames. Les taux d\u2019incidence (nombre de tests, RT-PCR ou antig\u00e9niques, positifs par tranche de 100\u00a0000 habitants), en population [&hellip;]<\/p>\n","protected":false},"author":2,"featured_media":17501,"comment_status":"open","ping_status":"open","sticky":false,"template":"","format":"standard","meta":{"_jetpack_memberships_contains_paid_content":false,"footnotes":"","jetpack_publicize_message":"","jetpack_publicize_feature_enabled":true,"jetpack_social_post_already_shared":true,"jetpack_social_options":{"image_generator_settings":{"template":"highway","default_image_id":0,"font":"","enabled":false},"version":2},"_wpas_customize_per_network":false},"categories":[405],"tags":[],"class_list":["post-17500","post","type-post","status-publish","format-standard","has-post-thumbnail","hentry","category-actu-france-monde"],"jetpack_publicize_connections":[],"jetpack_featured_media_url":"https:\/\/i0.wp.com\/www.iceagetv.com\/radiosite\/wp-content\/uploads\/2021\/01\/l%E2%80%99est-de-la-France-bascule-dans-le-couvre-feu-%C3%A0-18-heures.png?fit=574%2C473&ssl=1","jetpack_sharing_enabled":true,"_links":{"self":[{"href":"https:\/\/www.iceagetv.com\/radiosite\/wp-json\/wp\/v2\/posts\/17500","targetHints":{"allow":["GET"]}}],"collection":[{"href":"https:\/\/www.iceagetv.com\/radiosite\/wp-json\/wp\/v2\/posts"}],"about":[{"href":"https:\/\/www.iceagetv.com\/radiosite\/wp-json\/wp\/v2\/types\/post"}],"author":[{"embeddable":true,"href":"https:\/\/www.iceagetv.com\/radiosite\/wp-json\/wp\/v2\/users\/2"}],"replies":[{"embeddable":true,"href":"https:\/\/www.iceagetv.com\/radiosite\/wp-json\/wp\/v2\/comments?post=17500"}],"version-history":[{"count":1,"href":"https:\/\/www.iceagetv.com\/radiosite\/wp-json\/wp\/v2\/posts\/17500\/revisions"}],"predecessor-version":[{"id":17502,"href":"https:\/\/www.iceagetv.com\/radiosite\/wp-json\/wp\/v2\/posts\/17500\/revisions\/17502"}],"wp:featuredmedia":[{"embeddable":true,"href":"https:\/\/www.iceagetv.com\/radiosite\/wp-json\/wp\/v2\/media\/17501"}],"wp:attachment":[{"href":"https:\/\/www.iceagetv.com\/radiosite\/wp-json\/wp\/v2\/media?parent=17500"}],"wp:term":[{"taxonomy":"category","embeddable":true,"href":"https:\/\/www.iceagetv.com\/radiosite\/wp-json\/wp\/v2\/categories?post=17500"},{"taxonomy":"post_tag","embeddable":true,"href":"https:\/\/www.iceagetv.com\/radiosite\/wp-json\/wp\/v2\/tags?post=17500"}],"curies":[{"name":"wp","href":"https:\/\/api.w.org\/{rel}","templated":true}]}}