{"id":17533,"date":"2021-01-17T17:00:34","date_gmt":"2021-01-17T17:00:34","guid":{"rendered":"http:\/\/www.iceagetv.com\/radiosite\/?p=17533"},"modified":"2021-01-17T17:00:34","modified_gmt":"2021-01-17T17:00:34","slug":"variants-du-covid-19-une-poussee-de-lepidemie-probable-en-mars-previent-arnaud-fontanet","status":"publish","type":"post","link":"https:\/\/www.iceagetv.com\/radiosite\/variants-du-covid-19-une-poussee-de-lepidemie-probable-en-mars-previent-arnaud-fontanet\/","title":{"rendered":"Variants du Covid-19 : une \u00abpouss\u00e9e\u00bb de l\u2019\u00e9pid\u00e9mie probable en mars, pr\u00e9vient Arnaud Fontanet"},"content":{"rendered":"\n<p>Plut\u00f4t pessimiste. Alors que la France vient de basculer en mode&nbsp;<a href=\"https:\/\/www.leparisien.fr\/info-paris-ile-de-france-oise\/je-ne-savais-pas-que-ca-commencait-ce-soir-a-paris-des-controles-des-18-heures-pour-le-nouveau-couvre-feu-16-01-2021-8419533.php\" target=\"_blank\" rel=\"noreferrer noopener\">couvre-feu avanc\u00e9 sur l&rsquo;ensemble de son territoire<\/a>, et que le gouvernement&nbsp;<a href=\"https:\/\/www.leparisien.fr\/politique\/covid-19-les-chiffres-laissent-a-penser-le-couvre-feu-suffit-dit-castex-aux-parlementaires-11-01-2021-8418389.php\" target=\"_blank\" rel=\"noreferrer noopener\">n&rsquo;exclut pas un nouveau reconfinement<\/a>&nbsp;en cas de d\u00e9gradation de la situation sanitaire, des moments encore plus difficiles nous attendent peut-\u00eatre dans les prochains mois. Notamment \u00e0 cause&nbsp;<a href=\"https:\/\/www.leparisien.fr\/societe\/covid-19-royaume-uni-afrique-du-sud-japon-ce-que-l-on-sait-des-nouveaux-variants-du-coronavirus-13-01-2021-8418727.php\" target=\"_blank\" rel=\"noreferrer noopener\">des variants du Covid-19.<\/a><\/p>\n\n\n\n<p>C&rsquo;est en tout cas ce que redoute l&rsquo;\u00e9pid\u00e9miologiste\u00a0<a rel=\"noreferrer noopener\" href=\"https:\/\/www.leparisien.fr\/societe\/arnaud-fontanet-prevoit-un-possible-retour-a-une-vie-normale-a-l-automne-2021-26-11-2020-8410616.php\" target=\"_blank\">Arnaud Fontanet<\/a>\u00a0: \u00ab Les sc\u00e9narios montrent qu&rsquo;on devrait arriver \u00e0 tenir jusqu&rsquo;au mois de mars. Malheureusement, par rapport aux variants, qui sont vraiment un changement dans la donne de cette \u00e9pid\u00e9mie, je n&rsquo;ai pas d&rsquo;argument rationnel pour vous dire qu&rsquo;on ne va pas subir une progression de l&rsquo;\u00e9pid\u00e9mie qui pourrait commencer en mars-avril \u00bb, a-t-il expliqu\u00e9 lors de l&rsquo;\u00e9mission Grand Jury RTL-LCI-Le Figaro.<\/p>\n\n\n\n<p>Avant que le variant commence \u00e0 faire parler de lui-m\u00eame &#8211; et selon les sc\u00e9narios qu&rsquo;on a aujourd&rsquo;hui c&rsquo;est plut\u00f4t au mois de mars que sa pouss\u00e9e devrait se faire sentir -, eh bien il faut vider justement ces lits d&rsquo;h\u00f4pitaux et ces lits de r\u00e9a (nimation) \u00bb, a ajout\u00e9 le membre du Conseil scientifique. Il a aussi rappel\u00e9 que le Royaume-Uni, avant l&rsquo;apparition d&rsquo;un variant en novembre, ma\u00eetrisait \u00e0 peu pr\u00e8s l&rsquo;\u00e9pid\u00e9mie,&nbsp;<a href=\"https:\/\/www.google.com\/search?q=site%3Aleparisien.fr+variants+londres&amp;rlz=1C1CHBD_frFR757FR787&amp;oq=site%3Aleparisien.fr+variants+londres&amp;aqs=chrome..69i57j69i58.3769j0j4&amp;sourceid=chrome&amp;ie=UTF-8\" rel=\"noreferrer noopener\" target=\"_blank\">ce qui n&rsquo;est plus le cas aujourd&rsquo;hui<\/a>.<\/p>\n\n\n\n<h2 class=\"wp-block-heading\">Pas de reconfinement, pour l&rsquo;instant\u2026<\/h2>\n\n\n\n<p>En France, \u00ab il n&rsquo;y a pas eu de reprise de l&rsquo;\u00e9pid\u00e9mie aussi s\u00e9v\u00e8re que ce qu&rsquo;on redoutait apr\u00e8s les f\u00eates de fin d&rsquo;ann\u00e9e, mais il y a quand m\u00eame une petite augmentation qui n&rsquo;est pas anodine \u00bb, a encore relev\u00e9 Arnaud Fontanet. \u00ab Ce qui est vraiment emb\u00eatant, c&rsquo;est qu&rsquo;on part avec un niveau d&rsquo;occupation des lits qui est tr\u00e8s \u00e9lev\u00e9, en cette fin de deuxi\u00e8me vague \u00bb, selon lui. \u00ab Et du coup on n&rsquo;a pas beaucoup de marges de man\u0153uvre si l&rsquo;\u00e9pid\u00e9mie red\u00e9marrait \u00bb. D&rsquo;apr\u00e8s lui, en l&rsquo;absence de traitement efficace, la proportion des Fran\u00e7ais se faisant vacciner contre le Covid-19 devra \u00eatre la plus \u00e9lev\u00e9e possible si le temps confirme que les diff\u00e9rents vaccins sont sans danger. \u00ab Pour moi \u00e7a devrait \u00eatre 100 %. A partir du moment o\u00f9 on sait que le vaccin marche, et que le vaccin n&rsquo;a pas d&rsquo;effet ind\u00e9sirable, pourquoi s&rsquo;en priver ? \u00bb. Car pour arr\u00eater la circulation du virus, \u00ab il faudra toucher des populations plus larges \u00bb, a-t-il d\u00e9taill\u00e9. <\/p>\n\n\n\n<p><br><\/p>\n","protected":false},"excerpt":{"rendered":"<p>Plut\u00f4t pessimiste. Alors que la France vient de basculer en mode&nbsp;couvre-feu avanc\u00e9 sur l&rsquo;ensemble de son territoire, et que le gouvernement&nbsp;n&rsquo;exclut pas un nouveau reconfinement&nbsp;en cas de d\u00e9gradation de la situation sanitaire, des moments encore plus difficiles nous attendent peut-\u00eatre dans les prochains mois. Notamment \u00e0 cause&nbsp;des variants du Covid-19. C&rsquo;est en tout cas ce [&hellip;]<\/p>\n","protected":false},"author":2,"featured_media":17534,"comment_status":"open","ping_status":"open","sticky":false,"template":"","format":"standard","meta":{"_jetpack_memberships_contains_paid_content":false,"footnotes":"","jetpack_publicize_message":"","jetpack_publicize_feature_enabled":true,"jetpack_social_post_already_shared":true,"jetpack_social_options":{"image_generator_settings":{"template":"highway","default_image_id":0,"font":"","enabled":false},"version":2},"_wpas_customize_per_network":false},"categories":[405],"tags":[],"class_list":["post-17533","post","type-post","status-publish","format-standard","has-post-thumbnail","hentry","category-actu-france-monde"],"jetpack_publicize_connections":[],"jetpack_featured_media_url":"https:\/\/i0.wp.com\/www.iceagetv.com\/radiosite\/wp-content\/uploads\/2021\/01\/Variants-du-Covid-19.jpg?fit=932%2C582&ssl=1","jetpack_sharing_enabled":true,"_links":{"self":[{"href":"https:\/\/www.iceagetv.com\/radiosite\/wp-json\/wp\/v2\/posts\/17533","targetHints":{"allow":["GET"]}}],"collection":[{"href":"https:\/\/www.iceagetv.com\/radiosite\/wp-json\/wp\/v2\/posts"}],"about":[{"href":"https:\/\/www.iceagetv.com\/radiosite\/wp-json\/wp\/v2\/types\/post"}],"author":[{"embeddable":true,"href":"https:\/\/www.iceagetv.com\/radiosite\/wp-json\/wp\/v2\/users\/2"}],"replies":[{"embeddable":true,"href":"https:\/\/www.iceagetv.com\/radiosite\/wp-json\/wp\/v2\/comments?post=17533"}],"version-history":[{"count":1,"href":"https:\/\/www.iceagetv.com\/radiosite\/wp-json\/wp\/v2\/posts\/17533\/revisions"}],"predecessor-version":[{"id":17535,"href":"https:\/\/www.iceagetv.com\/radiosite\/wp-json\/wp\/v2\/posts\/17533\/revisions\/17535"}],"wp:featuredmedia":[{"embeddable":true,"href":"https:\/\/www.iceagetv.com\/radiosite\/wp-json\/wp\/v2\/media\/17534"}],"wp:attachment":[{"href":"https:\/\/www.iceagetv.com\/radiosite\/wp-json\/wp\/v2\/media?parent=17533"}],"wp:term":[{"taxonomy":"category","embeddable":true,"href":"https:\/\/www.iceagetv.com\/radiosite\/wp-json\/wp\/v2\/categories?post=17533"},{"taxonomy":"post_tag","embeddable":true,"href":"https:\/\/www.iceagetv.com\/radiosite\/wp-json\/wp\/v2\/tags?post=17533"}],"curies":[{"name":"wp","href":"https:\/\/api.w.org\/{rel}","templated":true}]}}