{"id":17551,"date":"2021-01-18T17:12:59","date_gmt":"2021-01-18T17:12:59","guid":{"rendered":"http:\/\/www.iceagetv.com\/radiosite\/?p=17551"},"modified":"2021-01-18T17:12:59","modified_gmt":"2021-01-18T17:12:59","slug":"investiture-de-joe-biden-le-fbi-craint-une-menace-venant-de-la-garde-nationale","status":"publish","type":"post","link":"https:\/\/www.iceagetv.com\/radiosite\/investiture-de-joe-biden-le-fbi-craint-une-menace-venant-de-la-garde-nationale\/","title":{"rendered":"Investiture de Joe Biden : le FBI craint une menace venant de la Garde nationale"},"content":{"rendered":"\n<p>Le ministre des Arm\u00e9es, Ryan McCarthy, a d\u00e9clar\u00e9 dimanche que les services de s\u00e9curit\u00e9 se pr\u00e9paraient \u00e0 l&rsquo;\u00e9ventualit\u00e9 d&rsquo;une attaque men\u00e9e par un assaillant qui serait membre de la Garde nationale. \u00c0 l\u2019avant-veille de la c\u00e9r\u00e9monie d\u2019investiture, un climat d\u2019inqui\u00e9tude plane toujours sur Washington. Depuis l\u2019insurrection du 6 janvier au Capitole, la capitale am\u00e9ricaine a pris des allures de camp retranch\u00e9 avec ses blocs de b\u00e9ton et ses fils barbel\u00e9s. Le FBI a m\u00eame pass\u00e9 au crible le pedigree des 25.000 soldats de la Garde nationale mobilis\u00e9s pour assurer la s\u00e9curit\u00e9 du nouveau pr\u00e9sident et des autres personnalit\u00e9s qui seront pr\u00e9sentes \u00e0 l\u2019\u00e9v\u00e8nement le mercredi 20 janvier.\u00a0 <\/p>\n\n\n\n<p>Le ministre am\u00e9ricain des Arm\u00e9es, Ryan McCarthy, a d\u00e9clar\u00e9 dimanche aupr\u00e8s de l\u2019agence de presse AP que les responsables de la D\u00e9fense am\u00e9ricaine \u00e9taient conscients de la menace potentielle, exhortant les commandants \u00e0 la plus grande vigilance.&nbsp;<em>\u00ab\u00a0Nous suivons continuellement le processus et examinons deux fois, trois fois toutes les personnes affect\u00e9es \u00e0 cette op\u00e9ration\u00a0\u00bb<\/em>, a-t-il affirm\u00e9, ajoutant qu&rsquo;\u00e0 ce stade aucune preuve directe de menaces n&rsquo;a \u00e9t\u00e9 identifi\u00e9e.<\/p>\n\n\n\n<p>Les membres de la Garde nationale ont tous re\u00e7u une formation sur la mani\u00e8re d\u2019identifier les menaces internes potentielles.&nbsp;<em>\u00ab\u00a0La question est : est-ce qu\u2019ils sont tous l\u00e0 ?\u00a0\u00bb<\/em>, s&rsquo;inqui\u00e8te le chef des arm\u00e9es. Un contr\u00f4le dont se charge habituellement l&rsquo;arm\u00e9e, et non le FBI.&nbsp;<em>\u00ab\u00a0Nous devons mettre en place tous les m\u00e9canismes possibles pour contr\u00f4ler minutieusement ces hommes et ces femmes qui soutiendraient toute op\u00e9ration comme celle-ci\u00a0\u00bb<\/em>, explique-t-il pour justifier l&rsquo;invention in\u00e9dite de l&rsquo;agence f\u00e9d\u00e9rale.&nbsp;<\/p>\n\n\n\n<h3 class=\"wp-block-heading\">Un note interne du FBI confirme la menace<\/h3>\n\n\n\n<p>Concr\u00e8tement, le nom de chaque militaire a \u00e9t\u00e9 entr\u00e9 dans une base de donn\u00e9es ainsi que sur les listes de surveillance du FBI. L&rsquo;objectif, explique David Gomez, ancien superviseur de la s\u00e9curit\u00e9 nationale du FBI \u00e0 Seattle, est d&rsquo;abord de s&rsquo;assurer qu&rsquo;il n&rsquo;a aucun lien avec le terrorisme. Ou bien encore, de v\u00e9rifier qu&rsquo;il n&rsquo;est pas impliqu\u00e9 dans une enqu\u00eate ant\u00e9rieure pouvant constituer des signaux d\u2019alerte.&nbsp;<\/p>\n\n\n\n<p>Car la menace, elle, est bien r\u00e9elle. Selon une note interne du FBI r\u00e9v\u00e9l\u00e9e le 11 janvier&nbsp;<a href=\"https:\/\/www.reuters.com\/article\/us-usa-trump-inauguration-fbi\/fbi-warns-of-armed-protests-ahead-of-bidens-inauguration-abc-news-idUSKBN29G28I\" target=\"_blank\" rel=\"noreferrer noopener\">par le m\u00e9dia ABC<\/a>, un&nbsp;<em>\u00ab\u00a0groupe arm\u00e9 identifi\u00e9\u00a0\u00bb<\/em>&nbsp;se pr\u00e9parerait \u00e0&nbsp;<em>\u00ab\u00a0prendre d\u2019assaut\u00a0\u00bb<\/em>&nbsp;des b\u00e2timents gouvernementaux dans les 50 \u00c9tats am\u00e9ricains et dans la capitale dans les jours prochains et jusqu\u2019\u00e0 l\u2019investiture du pr\u00e9sident d\u00e9mocrate. Le futur ex-pr\u00e9sident des \u00c9tats-Unis a d\u00e9j\u00e0 fait savoir qu&rsquo;il ne se rendra pas \u00e0 la c\u00e9r\u00e9monie. Rien n&rsquo;est moins s\u00fbr, en revanche, pour ce qui est de ses partisans les plus extr\u00e9mistes.<\/p>\n\n\n\n<p><\/p>\n","protected":false},"excerpt":{"rendered":"<p>Le ministre des Arm\u00e9es, Ryan McCarthy, a d\u00e9clar\u00e9 dimanche que les services de s\u00e9curit\u00e9 se pr\u00e9paraient \u00e0 l&rsquo;\u00e9ventualit\u00e9 d&rsquo;une attaque men\u00e9e par un assaillant qui serait membre de la Garde nationale. \u00c0 l\u2019avant-veille de la c\u00e9r\u00e9monie d\u2019investiture, un climat d\u2019inqui\u00e9tude plane toujours sur Washington. Depuis l\u2019insurrection du 6 janvier au Capitole, la capitale am\u00e9ricaine a [&hellip;]<\/p>\n","protected":false},"author":2,"featured_media":17552,"comment_status":"open","ping_status":"open","sticky":false,"template":"","format":"standard","meta":{"_jetpack_memberships_contains_paid_content":false,"footnotes":"","jetpack_publicize_message":"","jetpack_publicize_feature_enabled":true,"jetpack_social_post_already_shared":true,"jetpack_social_options":{"image_generator_settings":{"template":"highway","default_image_id":0,"font":"","enabled":false},"version":2},"_wpas_customize_per_network":false},"categories":[405],"tags":[],"class_list":["post-17551","post","type-post","status-publish","format-standard","has-post-thumbnail","hentry","category-actu-france-monde"],"jetpack_publicize_connections":[],"jetpack_featured_media_url":"https:\/\/i0.wp.com\/www.iceagetv.com\/radiosite\/wp-content\/uploads\/2021\/01\/Investiture-de-Joe-Biden.jpeg?fit=1024%2C576&ssl=1","jetpack_sharing_enabled":true,"_links":{"self":[{"href":"https:\/\/www.iceagetv.com\/radiosite\/wp-json\/wp\/v2\/posts\/17551","targetHints":{"allow":["GET"]}}],"collection":[{"href":"https:\/\/www.iceagetv.com\/radiosite\/wp-json\/wp\/v2\/posts"}],"about":[{"href":"https:\/\/www.iceagetv.com\/radiosite\/wp-json\/wp\/v2\/types\/post"}],"author":[{"embeddable":true,"href":"https:\/\/www.iceagetv.com\/radiosite\/wp-json\/wp\/v2\/users\/2"}],"replies":[{"embeddable":true,"href":"https:\/\/www.iceagetv.com\/radiosite\/wp-json\/wp\/v2\/comments?post=17551"}],"version-history":[{"count":1,"href":"https:\/\/www.iceagetv.com\/radiosite\/wp-json\/wp\/v2\/posts\/17551\/revisions"}],"predecessor-version":[{"id":17553,"href":"https:\/\/www.iceagetv.com\/radiosite\/wp-json\/wp\/v2\/posts\/17551\/revisions\/17553"}],"wp:featuredmedia":[{"embeddable":true,"href":"https:\/\/www.iceagetv.com\/radiosite\/wp-json\/wp\/v2\/media\/17552"}],"wp:attachment":[{"href":"https:\/\/www.iceagetv.com\/radiosite\/wp-json\/wp\/v2\/media?parent=17551"}],"wp:term":[{"taxonomy":"category","embeddable":true,"href":"https:\/\/www.iceagetv.com\/radiosite\/wp-json\/wp\/v2\/categories?post=17551"},{"taxonomy":"post_tag","embeddable":true,"href":"https:\/\/www.iceagetv.com\/radiosite\/wp-json\/wp\/v2\/tags?post=17551"}],"curies":[{"name":"wp","href":"https:\/\/api.w.org\/{rel}","templated":true}]}}