{"id":17554,"date":"2021-01-18T20:01:48","date_gmt":"2021-01-18T20:01:48","guid":{"rendered":"http:\/\/www.iceagetv.com\/radiosite\/?p=17554"},"modified":"2021-01-18T20:01:48","modified_gmt":"2021-01-18T20:01:48","slug":"deces-de-jean-pierre-bacri-les-chaines-de-television-lui-rendront-hommage-des-ce-soir-voici-les-details-de-ce-qui-est-annonce","status":"publish","type":"post","link":"https:\/\/www.iceagetv.com\/radiosite\/deces-de-jean-pierre-bacri-les-chaines-de-television-lui-rendront-hommage-des-ce-soir-voici-les-details-de-ce-qui-est-annonce\/","title":{"rendered":"D\u00e9c\u00e8s de Jean-Pierre Bacri : Les cha\u00eenes de t\u00e9l\u00e9vision lui rendront hommage d\u00e8s ce soir &#8211; Voici les d\u00e9tails de ce qui est annonc\u00e9"},"content":{"rendered":"\n<p>L&rsquo;acteur et sc\u00e9nariste Jean-Pierre Bacri est mort lundi d&rsquo;un cancer \u00e0 l&rsquo;\u00e2ge de 69 ans, a indiqu\u00e9 \u00e0 l&rsquo;AFP son agente Anne Alvares-Correa. \u00ab\u00a0Il est mort en d\u00e9but d&rsquo;apr\u00e8s-midi\u00a0\u00bb, \u00e0 Paris, a d\u00e9clar\u00e9 l&rsquo;agente \u00e0 l&rsquo;AFP. L&rsquo;homme, figure du th\u00e9\u00e2tre et du cin\u00e9ma fran\u00e7ais, occupait une place de choix aupr\u00e8s du public pour ses r\u00f4les d&rsquo;anti-h\u00e9ros r\u00e2leurs et d\u00e9sabus\u00e9s mais profond\u00e9ment humains. Il avait \u00e9crit plusieurs pi\u00e8ces de th\u00e9\u00e2tre et des films avec Agn\u00e8s Jaoui, qui fut aussi sa compagne.<\/p>\n\n\n\n<p>Jean-Pierre Bacri a \u00e9t\u00e9 r\u00e9compens\u00e9 cinq fois aux C\u00e9sar, o\u00f9 il a re\u00e7u quatre fois le troph\u00e9e du meilleur sc\u00e9nario avec Agn\u00e8s Jaoui, pour \u00ab\u00a0Smoking\/No Smoking\u00a0\u00bb, \u00ab\u00a0Un air de famille\u00a0\u00bb, \u00ab\u00a0On conna\u00eet la chanson\u00a0\u00bb et \u00ab\u00a0Le Go\u00fbt des autres\u00a0\u00bb, et une fois celui du meilleur acteur dans un second r\u00f4le pour \u00ab\u00a0On conna\u00eet la chanson\u00a0\u00bb.<\/p>\n\n\n\n<p><strong>Les cha\u00eenes de t\u00e9l\u00e9vision lui rendront hommage d\u00e8s ce soir.<\/strong><\/p>\n\n\n\n<p><strong>.<\/strong><\/p>\n\n\n\n<p>&#8211; Le hasard fait notamment qu&rsquo;<strong>Arte<\/strong>&nbsp;avait pr\u00e9vu de diffuser ce soir \u00e0 20h55&nbsp;le film \u00ab\u00a0La Baule-les-Pins\u00a0\u00bb&nbsp;, sorti en 1989 avec notamment Jean-Pierre Bacri, Nathalie Baye, Richard Berry, Zabou Breitman, Vincent Lindon, &#8230;<\/p>\n\n\n\n<p><strong>&#8211; C8 diffusera mardi en prime \u00e0 la place du film Budapest, le film \u00ab\u00a0Un air de famille\u00a0\u00bb avec C\u00e9dric Klapisch<\/strong><\/p>\n\n\n\n<p><strong>&#8211; TF1,&nbsp; diffusera dimanche soir \u00e0 21h05&nbsp;\u00ab\u00a0Le Sens de la f\u00eate\u00a0\u00bb&nbsp;<\/strong>, film d&rsquo;\u00c9ric Toledano et Olivier Nakache sorti en 2018 et pour lequel Jean-Pierre Bacri avait \u00e9t\u00e9 nomm\u00e9 aux C\u00e9sar dans la cat\u00e9gorie \u00abmeilleur acteur\u00bb.<\/p>\n\n\n\n<p><strong>&#8211; CANAL+ et CIN\u00c9+ rendent hommage d\u00e8s ce soir \u00e0 Jean-Pierre Bacri, auteur et acteur haut en couleur, ador\u00e9 du public fran\u00e7ais. \u00c0 retrouver d\u00e8s \u00e0 pr\u00e9sent sur myCANAL, une collection comprenan<\/strong>t : PLACE VENDOME, SELON CHARLIE, AVANT L&rsquo;AUBE, AU BOUT DU CONTE, CHERCHEZ HORTENSE, PARLEZ-MOI DE LA PLUIE, MES MEILLEURS COPAINS, ADIEU GARY, COMME UNE IMAGE, COUP DE FOUDRE, LE GRAND PARDON<\/p>\n\n\n\n<p><\/p>\n","protected":false},"excerpt":{"rendered":"<p>L&rsquo;acteur et sc\u00e9nariste Jean-Pierre Bacri est mort lundi d&rsquo;un cancer \u00e0 l&rsquo;\u00e2ge de 69 ans, a indiqu\u00e9 \u00e0 l&rsquo;AFP son agente Anne Alvares-Correa. \u00ab\u00a0Il est mort en d\u00e9but d&rsquo;apr\u00e8s-midi\u00a0\u00bb, \u00e0 Paris, a d\u00e9clar\u00e9 l&rsquo;agente \u00e0 l&rsquo;AFP. L&rsquo;homme, figure du th\u00e9\u00e2tre et du cin\u00e9ma fran\u00e7ais, occupait une place de choix aupr\u00e8s du public pour ses r\u00f4les [&hellip;]<\/p>\n","protected":false},"author":2,"featured_media":17555,"comment_status":"open","ping_status":"open","sticky":false,"template":"","format":"standard","meta":{"_jetpack_memberships_contains_paid_content":false,"footnotes":"","jetpack_publicize_message":"","jetpack_publicize_feature_enabled":true,"jetpack_social_post_already_shared":true,"jetpack_social_options":{"image_generator_settings":{"template":"highway","default_image_id":0,"font":"","enabled":false},"version":2},"_wpas_customize_per_network":false},"categories":[68],"tags":[],"class_list":["post-17554","post","type-post","status-publish","format-standard","has-post-thumbnail","hentry","category-actu-culturelle"],"jetpack_publicize_connections":[],"jetpack_featured_media_url":"https:\/\/i0.wp.com\/www.iceagetv.com\/radiosite\/wp-content\/uploads\/2021\/01\/Les-cha%C3%AEnes-de-t%C3%A9l%C3%A9vision-lui-rendront-hommage-d%C3%A8s-ce-soir.png?fit=605%2C274&ssl=1","jetpack_sharing_enabled":true,"_links":{"self":[{"href":"https:\/\/www.iceagetv.com\/radiosite\/wp-json\/wp\/v2\/posts\/17554","targetHints":{"allow":["GET"]}}],"collection":[{"href":"https:\/\/www.iceagetv.com\/radiosite\/wp-json\/wp\/v2\/posts"}],"about":[{"href":"https:\/\/www.iceagetv.com\/radiosite\/wp-json\/wp\/v2\/types\/post"}],"author":[{"embeddable":true,"href":"https:\/\/www.iceagetv.com\/radiosite\/wp-json\/wp\/v2\/users\/2"}],"replies":[{"embeddable":true,"href":"https:\/\/www.iceagetv.com\/radiosite\/wp-json\/wp\/v2\/comments?post=17554"}],"version-history":[{"count":1,"href":"https:\/\/www.iceagetv.com\/radiosite\/wp-json\/wp\/v2\/posts\/17554\/revisions"}],"predecessor-version":[{"id":17556,"href":"https:\/\/www.iceagetv.com\/radiosite\/wp-json\/wp\/v2\/posts\/17554\/revisions\/17556"}],"wp:featuredmedia":[{"embeddable":true,"href":"https:\/\/www.iceagetv.com\/radiosite\/wp-json\/wp\/v2\/media\/17555"}],"wp:attachment":[{"href":"https:\/\/www.iceagetv.com\/radiosite\/wp-json\/wp\/v2\/media?parent=17554"}],"wp:term":[{"taxonomy":"category","embeddable":true,"href":"https:\/\/www.iceagetv.com\/radiosite\/wp-json\/wp\/v2\/categories?post=17554"},{"taxonomy":"post_tag","embeddable":true,"href":"https:\/\/www.iceagetv.com\/radiosite\/wp-json\/wp\/v2\/tags?post=17554"}],"curies":[{"name":"wp","href":"https:\/\/api.w.org\/{rel}","templated":true}]}}