{"id":17561,"date":"2021-01-19T17:17:23","date_gmt":"2021-01-19T17:17:23","guid":{"rendered":"http:\/\/www.iceagetv.com\/radiosite\/?p=17561"},"modified":"2021-01-19T17:17:23","modified_gmt":"2021-01-19T17:17:23","slug":"affaire-sophie-le-tan-jean-marc-reiser-principal-accuse-a-avoue-le-meurtre-de-letudiante-de-20-ans-disparue-en-septembre-2018","status":"publish","type":"post","link":"https:\/\/www.iceagetv.com\/radiosite\/affaire-sophie-le-tan-jean-marc-reiser-principal-accuse-a-avoue-le-meurtre-de-letudiante-de-20-ans-disparue-en-septembre-2018\/","title":{"rendered":"Affaire Sophie Le Tan: Jean-Marc Reiser, principal accus\u00e9, a avou\u00e9 le meurtre de l&rsquo;\u00e9tudiante de 20 ans, disparue en septembre 2018"},"content":{"rendered":"\n<p>Jean-Marc Reiser a reconnu mardi devant la juge d\u2019instruction \u00eatre l\u2019auteur du meurtre de l\u2019\u00e9tudiante strasbourgeoise Sophie Le Tan, en septembre 2018, a-t-on appris aupr\u00e8s du parquet. \u00ab&nbsp;Au cours d\u2019une audition ce matin devant le magistrat instructeur, Jean-Marc Reiser a reconnu son implication dans le d\u00e9c\u00e8s de Sophie Le Tan&nbsp;\u00bb, a indiqu\u00e9 le parquet, qui devrait donner davantage de pr\u00e9cisions sur cette affaire dans l\u2019apr\u00e8s-midi.<\/p>\n\n\n\n<p>Selon une source proche du dossier, M. Reiser a affirm\u00e9 qu\u2019il ne voulait pas tuer la jeune fille dans un premier temps. Il a fait \u00e9tat d\u2019une dispute et a affirm\u00e9: \u00ab\u00a0Je ne voulais pas la tuer mais je l\u2019ai tu\u00e9e\u00a0\u00bb. Il a ensuite reconnu l\u2019avoir d\u00e9membr\u00e9e et avoir cach\u00e9 les morceaux du corps. M. Reiser, qui \u00e9tait d\u00e9j\u00e0 mis en examen dans cette affaire, avait continuellement clam\u00e9 son innocence jusqu\u2019ici et d\u00e9non\u00e7ait un \u00ab\u00a0\u00e9chafaudage de suppositions\u00a0\u00bb, malgr\u00e9 plusieurs \u00e9l\u00e9ments accablants. Ces derniers mois ses avocats avaient menac\u00e9 de ne plus le d\u00e9fendre s\u2019il ne faisait pas \u00ab\u00a0\u00e9voluer\u00a0\u00bb sa position Jean-Marc Reiser, 60 ans, a \u00e9t\u00e9 arr\u00eat\u00e9 en septembre 2018, quelques jours apr\u00e8s la disparition de Sophie Le Tan, une \u00e9tudiante de 20 ans qui avait r\u00e9pondu \u00e0 une annonce immobili\u00e8re qu\u2019il avait mise en ligne. Le squelette incomplet de la jeune femme avait \u00e9t\u00e9 d\u00e9couvert plus d\u2019un an plus tard, fin octobre 2019, dans une for\u00eat vosgienne, \u00e0 Rosheim (Bas-Rhin), une zone o\u00f9 M. Reiser se rendait r\u00e9guli\u00e8rement.  Malgr\u00e9 les d\u00e9n\u00e9gations du sexag\u00e9naire, plusieurs \u00e9l\u00e9ments dans le dossier l\u2019accablaient, notamment la pr\u00e9sence du sang de Sophie dans son appartement ainsi que sur le manche d\u2019une scie lui appartenant. En d\u00e9cembre, la juge qui instruit ce dossier m\u00e9diatique avait boucl\u00e9 ses investigations. Par ailleurs, plus de 30 ans apr\u00e8s la disparition inexpliqu\u00e9e d\u2019une repr\u00e9sentante de commerce, Fran\u00e7oise Hohmann, le parquet de Strasbourg avait rouvert le dossier en f\u00e9vrier dernier avec en ligne de mire Jean-Marc Reiser, acquitt\u00e9 faute de preuves en 2001 dans cette vieille affaire. Le dernier client \u00e0 qui Fran\u00e7oise Hohmann avait rendu visite avant sa disparition en 1987, dans le quartier de Hautepierre \u00e0 Strasbourg, \u00e9tait Jean-Marc Reiser. <\/p>\n","protected":false},"excerpt":{"rendered":"<p>Jean-Marc Reiser a reconnu mardi devant la juge d\u2019instruction \u00eatre l\u2019auteur du meurtre de l\u2019\u00e9tudiante strasbourgeoise Sophie Le Tan, en septembre 2018, a-t-on appris aupr\u00e8s du parquet. \u00ab&nbsp;Au cours d\u2019une audition ce matin devant le magistrat instructeur, Jean-Marc Reiser a reconnu son implication dans le d\u00e9c\u00e8s de Sophie Le Tan&nbsp;\u00bb, a indiqu\u00e9 le parquet, qui [&hellip;]<\/p>\n","protected":false},"author":2,"featured_media":17562,"comment_status":"open","ping_status":"open","sticky":false,"template":"","format":"standard","meta":{"_jetpack_memberships_contains_paid_content":false,"footnotes":"","jetpack_publicize_message":"","jetpack_publicize_feature_enabled":true,"jetpack_social_post_already_shared":true,"jetpack_social_options":{"image_generator_settings":{"template":"highway","default_image_id":0,"font":"","enabled":false},"version":2},"_wpas_customize_per_network":false},"categories":[405],"tags":[],"class_list":["post-17561","post","type-post","status-publish","format-standard","has-post-thumbnail","hentry","category-actu-france-monde"],"jetpack_publicize_connections":[],"jetpack_featured_media_url":"https:\/\/i0.wp.com\/www.iceagetv.com\/radiosite\/wp-content\/uploads\/2021\/01\/Affaire-Sophie-Le-Tan.png?fit=258%2C134&ssl=1","jetpack_sharing_enabled":true,"_links":{"self":[{"href":"https:\/\/www.iceagetv.com\/radiosite\/wp-json\/wp\/v2\/posts\/17561","targetHints":{"allow":["GET"]}}],"collection":[{"href":"https:\/\/www.iceagetv.com\/radiosite\/wp-json\/wp\/v2\/posts"}],"about":[{"href":"https:\/\/www.iceagetv.com\/radiosite\/wp-json\/wp\/v2\/types\/post"}],"author":[{"embeddable":true,"href":"https:\/\/www.iceagetv.com\/radiosite\/wp-json\/wp\/v2\/users\/2"}],"replies":[{"embeddable":true,"href":"https:\/\/www.iceagetv.com\/radiosite\/wp-json\/wp\/v2\/comments?post=17561"}],"version-history":[{"count":1,"href":"https:\/\/www.iceagetv.com\/radiosite\/wp-json\/wp\/v2\/posts\/17561\/revisions"}],"predecessor-version":[{"id":17563,"href":"https:\/\/www.iceagetv.com\/radiosite\/wp-json\/wp\/v2\/posts\/17561\/revisions\/17563"}],"wp:featuredmedia":[{"embeddable":true,"href":"https:\/\/www.iceagetv.com\/radiosite\/wp-json\/wp\/v2\/media\/17562"}],"wp:attachment":[{"href":"https:\/\/www.iceagetv.com\/radiosite\/wp-json\/wp\/v2\/media?parent=17561"}],"wp:term":[{"taxonomy":"category","embeddable":true,"href":"https:\/\/www.iceagetv.com\/radiosite\/wp-json\/wp\/v2\/categories?post=17561"},{"taxonomy":"post_tag","embeddable":true,"href":"https:\/\/www.iceagetv.com\/radiosite\/wp-json\/wp\/v2\/tags?post=17561"}],"curies":[{"name":"wp","href":"https:\/\/api.w.org\/{rel}","templated":true}]}}