{"id":17588,"date":"2021-01-21T15:17:00","date_gmt":"2021-01-21T15:17:00","guid":{"rendered":"http:\/\/www.iceagetv.com\/radiosite\/?p=17588"},"modified":"2021-01-21T15:17:00","modified_gmt":"2021-01-21T15:17:00","slug":"vents-violents-meteo-france-place-les-landes-la-gironde-ainsi-que-les-pyrenees-atlantiques-en-vigilance-orange","status":"publish","type":"post","link":"https:\/\/www.iceagetv.com\/radiosite\/vents-violents-meteo-france-place-les-landes-la-gironde-ainsi-que-les-pyrenees-atlantiques-en-vigilance-orange\/","title":{"rendered":"Vents violents: M\u00e9t\u00e9o France place les Landes, la Gironde ainsi que les Pyr\u00e9n\u00e9es-Atlantiques en vigilance orange"},"content":{"rendered":"\n<p>M\u00e9t\u00e9o France&nbsp;a plac\u00e9 ce jeudi trois d\u00e9partements en alerte orange en raison des vents violents, a-t-on appris dans le bulletin m\u00e9t\u00e9orologique publi\u00e9 \u00e0 16 heures par l&rsquo;institut.<\/p>\n\n\n\n<p>Il s&rsquo;agit de trois d\u00e9partements du Sud-Ouest:&nbsp;la Gironde, les Landes&nbsp;ainsi que les&nbsp;Pyr\u00e9n\u00e9es-Atlantiques.<\/p>\n","protected":false},"excerpt":{"rendered":"<p>M\u00e9t\u00e9o France&nbsp;a plac\u00e9 ce jeudi trois d\u00e9partements en alerte orange en raison des vents violents, a-t-on appris dans le bulletin m\u00e9t\u00e9orologique publi\u00e9 \u00e0 16 heures par l&rsquo;institut. Il s&rsquo;agit de trois d\u00e9partements du Sud-Ouest:&nbsp;la Gironde, les Landes&nbsp;ainsi que les&nbsp;Pyr\u00e9n\u00e9es-Atlantiques.<\/p>\n","protected":false},"author":2,"featured_media":17589,"comment_status":"open","ping_status":"open","sticky":false,"template":"","format":"standard","meta":{"_jetpack_memberships_contains_paid_content":false,"footnotes":"","jetpack_publicize_message":"","jetpack_publicize_feature_enabled":true,"jetpack_social_post_already_shared":true,"jetpack_social_options":{"image_generator_settings":{"template":"highway","default_image_id":0,"font":"","enabled":false},"version":2},"_wpas_customize_per_network":false},"categories":[14],"tags":[2876],"class_list":["post-17588","post","type-post","status-publish","format-standard","has-post-thumbnail","hentry","category-actu-meteo","tag-meteo-france-place-les-landes"],"jetpack_publicize_connections":[],"jetpack_featured_media_url":"https:\/\/i0.wp.com\/www.iceagetv.com\/radiosite\/wp-content\/uploads\/2021\/01\/M%C3%A9t%C3%A9o-France-place-les-Landes-la-Gironde-ainsi-que-les-Pyr%C3%A9n%C3%A9es-Atlantiques-en-vigilance-orange.png?fit=701%2C308&ssl=1","jetpack_sharing_enabled":true,"_links":{"self":[{"href":"https:\/\/www.iceagetv.com\/radiosite\/wp-json\/wp\/v2\/posts\/17588","targetHints":{"allow":["GET"]}}],"collection":[{"href":"https:\/\/www.iceagetv.com\/radiosite\/wp-json\/wp\/v2\/posts"}],"about":[{"href":"https:\/\/www.iceagetv.com\/radiosite\/wp-json\/wp\/v2\/types\/post"}],"author":[{"embeddable":true,"href":"https:\/\/www.iceagetv.com\/radiosite\/wp-json\/wp\/v2\/users\/2"}],"replies":[{"embeddable":true,"href":"https:\/\/www.iceagetv.com\/radiosite\/wp-json\/wp\/v2\/comments?post=17588"}],"version-history":[{"count":1,"href":"https:\/\/www.iceagetv.com\/radiosite\/wp-json\/wp\/v2\/posts\/17588\/revisions"}],"predecessor-version":[{"id":17590,"href":"https:\/\/www.iceagetv.com\/radiosite\/wp-json\/wp\/v2\/posts\/17588\/revisions\/17590"}],"wp:featuredmedia":[{"embeddable":true,"href":"https:\/\/www.iceagetv.com\/radiosite\/wp-json\/wp\/v2\/media\/17589"}],"wp:attachment":[{"href":"https:\/\/www.iceagetv.com\/radiosite\/wp-json\/wp\/v2\/media?parent=17588"}],"wp:term":[{"taxonomy":"category","embeddable":true,"href":"https:\/\/www.iceagetv.com\/radiosite\/wp-json\/wp\/v2\/categories?post=17588"},{"taxonomy":"post_tag","embeddable":true,"href":"https:\/\/www.iceagetv.com\/radiosite\/wp-json\/wp\/v2\/tags?post=17588"}],"curies":[{"name":"wp","href":"https:\/\/api.w.org\/{rel}","templated":true}]}}