{"id":17591,"date":"2021-01-22T08:15:05","date_gmt":"2021-01-22T08:15:05","guid":{"rendered":"http:\/\/www.iceagetv.com\/radiosite\/?p=17591"},"modified":"2021-01-22T08:15:05","modified_gmt":"2021-01-22T08:15:05","slug":"baccalaureat-les-epreuves-de-mars-seront-en-controle-continu","status":"publish","type":"post","link":"https:\/\/www.iceagetv.com\/radiosite\/baccalaureat-les-epreuves-de-mars-seront-en-controle-continu\/","title":{"rendered":"Baccalaur\u00e9at : les \u00e9preuves de mars seront en contr\u00f4le continu"},"content":{"rendered":"\n<p>L&rsquo;annonce \u00e9tait attendue la semaine prochaine, le minist\u00e8re a d\u00e9cid\u00e9 d&rsquo;acc\u00e9l\u00e9rer. Dans un courrier envoy\u00e9 aux personnels de l&rsquo;Education nationale ce jeudi soir que nous avons pu consulter, le ministre Jean-Michel Blanquer annonce qu&rsquo;il annule les&nbsp;<a href=\"https:\/\/m.leparisien.fr\/etudiant\/etudiant\/bac-2021-les-3-hypotheses-pour-les-epreuves-de-specialite-en-mars.html\" target=\"_blank\" rel=\"noreferrer noopener\">\u00e9preuves d&rsquo;enseignements de sp\u00e9cialit\u00e9s<\/a>&nbsp;du baccalaur\u00e9at pr\u00e9vues en mars, et met en place une \u00e9valuation sur la base \u00ab des moyennes des trois trimestres de terminale de ces enseignements \u00bb.<\/p>\n\n\n\n<p>Par ailleurs, il annonce aussi le maintien en juin des \u00e9preuves \u00e9crites de philosophie et\u00a0<a rel=\"noreferrer noopener\" href=\"https:\/\/www.leparisien.fr\/societe\/creation-d-un-grand-oral-au-bac-c-est-le-plus-beau-cadeau-qu-on-pouvait-faire-aux-jeunes-13-02-2020-8259216.php\" target=\"_blank\">le \u00ab grand oral \u00bb<\/a>, mais en proposant trois sujets au lieu de deux pour la philo. Par ailleurs, pour les \u00e9l\u00e8ves de premi\u00e8re, il y aura moins de textes \u00e0 pr\u00e9senter aux oraux.<\/p>\n\n\n\n<p>Nous devons tenir compte des effets de la crise sanitaire et de ces n\u00e9cessaires adaptations sur la tenue des examens \u00bb, \u00e9crit Jean-Michel Blanquer, qui dit avoir \u00e9cout\u00e9 les \u00e9l\u00e8ves, les professeurs, et le comit\u00e9 de suivi de la r\u00e9forme du bac pour prendre sa d\u00e9cision.<\/p>\n\n\n\n<p>Le report en juin des \u00e9preuves de mars a \u00e9t\u00e9 \u00e9cart\u00e9, n\u00e9cessitant une \u00ab trop longue dur\u00e9e d&rsquo;examens \u00bb et la \u00ab fermeture anticip\u00e9e des \u00e9tablissements \u00bb pour le permettre, mettant en danger le bouclage des programmes.<\/p>\n\n\n\n<p><\/p>\n","protected":false},"excerpt":{"rendered":"<p>L&rsquo;annonce \u00e9tait attendue la semaine prochaine, le minist\u00e8re a d\u00e9cid\u00e9 d&rsquo;acc\u00e9l\u00e9rer. Dans un courrier envoy\u00e9 aux personnels de l&rsquo;Education nationale ce jeudi soir que nous avons pu consulter, le ministre Jean-Michel Blanquer annonce qu&rsquo;il annule les&nbsp;\u00e9preuves d&rsquo;enseignements de sp\u00e9cialit\u00e9s&nbsp;du baccalaur\u00e9at pr\u00e9vues en mars, et met en place une \u00e9valuation sur la base \u00ab des moyennes [&hellip;]<\/p>\n","protected":false},"author":2,"featured_media":17592,"comment_status":"open","ping_status":"open","sticky":false,"template":"","format":"standard","meta":{"_jetpack_memberships_contains_paid_content":false,"footnotes":"","jetpack_publicize_message":"","jetpack_publicize_feature_enabled":true,"jetpack_social_post_already_shared":true,"jetpack_social_options":{"image_generator_settings":{"template":"highway","default_image_id":0,"font":"","enabled":false},"version":2},"_wpas_customize_per_network":false},"categories":[405],"tags":[],"class_list":["post-17591","post","type-post","status-publish","format-standard","has-post-thumbnail","hentry","category-actu-france-monde"],"jetpack_publicize_connections":[],"jetpack_featured_media_url":"https:\/\/i0.wp.com\/www.iceagetv.com\/radiosite\/wp-content\/uploads\/2021\/01\/les-%C3%A9preuves-de-mars-seront-en-contr%C3%B4le-continu.jpg?fit=932%2C582&ssl=1","jetpack_sharing_enabled":true,"_links":{"self":[{"href":"https:\/\/www.iceagetv.com\/radiosite\/wp-json\/wp\/v2\/posts\/17591","targetHints":{"allow":["GET"]}}],"collection":[{"href":"https:\/\/www.iceagetv.com\/radiosite\/wp-json\/wp\/v2\/posts"}],"about":[{"href":"https:\/\/www.iceagetv.com\/radiosite\/wp-json\/wp\/v2\/types\/post"}],"author":[{"embeddable":true,"href":"https:\/\/www.iceagetv.com\/radiosite\/wp-json\/wp\/v2\/users\/2"}],"replies":[{"embeddable":true,"href":"https:\/\/www.iceagetv.com\/radiosite\/wp-json\/wp\/v2\/comments?post=17591"}],"version-history":[{"count":1,"href":"https:\/\/www.iceagetv.com\/radiosite\/wp-json\/wp\/v2\/posts\/17591\/revisions"}],"predecessor-version":[{"id":17593,"href":"https:\/\/www.iceagetv.com\/radiosite\/wp-json\/wp\/v2\/posts\/17591\/revisions\/17593"}],"wp:featuredmedia":[{"embeddable":true,"href":"https:\/\/www.iceagetv.com\/radiosite\/wp-json\/wp\/v2\/media\/17592"}],"wp:attachment":[{"href":"https:\/\/www.iceagetv.com\/radiosite\/wp-json\/wp\/v2\/media?parent=17591"}],"wp:term":[{"taxonomy":"category","embeddable":true,"href":"https:\/\/www.iceagetv.com\/radiosite\/wp-json\/wp\/v2\/categories?post=17591"},{"taxonomy":"post_tag","embeddable":true,"href":"https:\/\/www.iceagetv.com\/radiosite\/wp-json\/wp\/v2\/tags?post=17591"}],"curies":[{"name":"wp","href":"https:\/\/api.w.org\/{rel}","templated":true}]}}