{"id":17597,"date":"2021-01-22T10:55:06","date_gmt":"2021-01-22T10:55:06","guid":{"rendered":"http:\/\/www.iceagetv.com\/radiosite\/?p=17597"},"modified":"2021-01-22T10:55:06","modified_gmt":"2021-01-22T10:55:06","slug":"fermeture-des-remontees-mecaniques-lassociation-medecins-de-montagne-reclame-des-mesures-urgentes-et-consequentes-pour-ceux-implantes-dans-les-stations-de-sports-dhiver-rappelant-que-leur-pr","status":"publish","type":"post","link":"https:\/\/www.iceagetv.com\/radiosite\/fermeture-des-remontees-mecaniques-lassociation-medecins-de-montagne-reclame-des-mesures-urgentes-et-consequentes-pour-ceux-implantes-dans-les-stations-de-sports-dhiver-rappelant-que-leur-pr\/","title":{"rendered":"Fermeture des remont\u00e9es m\u00e9caniques: L&rsquo;association M\u00e9decins de Montagne r\u00e9clame des mesures \u00ab\u00a0urgentes et cons\u00e9quentes\u00a0\u00bb pour ceux implant\u00e9s dans les stations de sports d&rsquo;hiver, rappelant que leur pr\u00e9sence est \u00ab\u00a0vitale\u00a0\u00bb"},"content":{"rendered":"\n<p>L&rsquo;association M\u00e9decins de Montagne a r\u00e9clam\u00e9 des mesures \u00ab\u00a0urgentes et cons\u00e9quentes\u00a0\u00bb pour ceux implant\u00e9s dans les stations de sports d&rsquo;hiver en raison de la fermeture prolong\u00e9e des remont\u00e9es m\u00e9caniques, rappelant que leur pr\u00e9sence est \u00ab\u00a0vitale\u00a0\u00bb pour leur survie \u00e9conomique. \u00ab\u00a0Il en va de leur p\u00e9rennit\u00e9, mais aussi de la survie \u00e9conomique de nos territoires de montagne\u00a0\u00bb, a soulign\u00e9 dans un communiqu\u00e9 cette association bas\u00e9e \u00e0 Chamb\u00e9ry (Savoie) qui regroupe depuis 1953 des m\u00e9decins g\u00e9n\u00e9ralistes lib\u00e9raux exer\u00e7ant dans les stations. L&rsquo;association esp\u00e8re que l&rsquo;\u00c9tat et les collectivit\u00e9s locales sauront se saisir du \u00ab\u00a0p\u00e9ril\u00a0\u00bb qui p\u00e8se sur \u00ab\u00a0nombre de cabinets m\u00e9dicaux de montagne\u00a0\u00bb et sur les \u00ab\u00a0autres professions de sant\u00e9 avec qui ils travaillent\u00a0\u00bb apr\u00e8s l&rsquo;annonce de la poursuite de la fermeture des remont\u00e9es m\u00e9caniques. Elle rappelle qu&rsquo;avec leur plateaux techniques sp\u00e9cifiques, adapt\u00e9s \u00e0 la prise en charge de l&rsquo;accidentologie des sports d&rsquo;hiver, ils constituent \u00ab\u00a0des petites entreprises, avec des salari\u00e9s permanents et saisonniers\u00a0\u00bb. \u00ab\u00a0Ils prennent en charge les habitants de leurs communes mais souvent aussi ceux des vall\u00e9es.<\/p>\n\n\n\n<p>Par leur activit\u00e9 sp\u00e9cifique, ils d\u00e9chargent aussi les h\u00f4pitaux des d\u00e9partements\u00a0\u00bb, notamment l&rsquo;hiver, ajoute l&rsquo;association, pr\u00e9cisant que leur pr\u00e9sence est aussi \u00ab\u00a0un pr\u00e9alable \u00e0 l&rsquo;ouverture des stations\u00a0\u00bb. Elle craint que de nombreux cabinets m\u00e9dicaux de ces \u00ab\u00a0territoires ruraux isol\u00e9s\u00a0\u00bb, dont l&rsquo;activit\u00e9 d\u00e9pend en grande partie de la p\u00e9riode hivernale &#8211; et qui assurent la prise en charge de \u00ab\u00a095% des victimes de traumatismes\u00a0\u00bb li\u00e9s aux sports d&rsquo;hiver -, soient amen\u00e9s \u00e0 fermer. \u00ab\u00a0Avec toutes les cons\u00e9quences dramatiques en chaine au niveau de leur personnel, de leur commune mais aussi des r\u00e9gions par effondrement de l&rsquo;activit\u00e9 touristique\u00a0\u00bb que cela pourra occasionner. \u00ab\u00a0Et derri\u00e8re, les drames humains qui ne manqueront pas de surgir\u00a0\u00bb, conclut-elle. \u00ab\u00a0Le probl\u00e8me, c&rsquo;est que nous ne sommes pas int\u00e9gr\u00e9s au dispositif d&rsquo;aides, au m\u00eame titre que les commer\u00e7ants ou les restaurateurs\u00a0\u00bb, t\u00e9moigne Suzanne Mirtain, m\u00e9decin g\u00e9n\u00e9raliste \u00e0 Val-Cenis (Savoie) et pr\u00e9sidente de l&rsquo;association. Son cabinet, o\u00f9 travaillent cinq m\u00e9decins associ\u00e9s, a vu son chiffre d&rsquo;affaire baisser de 70% en janvier en raison d&rsquo;une forte diminution des volumes de consultation. \u00ab\u00a0En ce moment, nous r\u00e9alisons notre activit\u00e9 de printemps ou d&rsquo;automne et cela paie juste les charges. Ce mois de janvier va \u00eatre dramatique pour au moins la moiti\u00e9 des 300 m\u00e9decins g\u00e9n\u00e9ralistes de montagne\u00a0\u00bb, souligne-t-elle.<\/p>\n","protected":false},"excerpt":{"rendered":"<p>L&rsquo;association M\u00e9decins de Montagne a r\u00e9clam\u00e9 des mesures \u00ab\u00a0urgentes et cons\u00e9quentes\u00a0\u00bb pour ceux implant\u00e9s dans les stations de sports d&rsquo;hiver en raison de la fermeture prolong\u00e9e des remont\u00e9es m\u00e9caniques, rappelant que leur pr\u00e9sence est \u00ab\u00a0vitale\u00a0\u00bb pour leur survie \u00e9conomique. \u00ab\u00a0Il en va de leur p\u00e9rennit\u00e9, mais aussi de la survie \u00e9conomique de nos territoires de [&hellip;]<\/p>\n","protected":false},"author":2,"featured_media":17598,"comment_status":"open","ping_status":"open","sticky":false,"template":"","format":"standard","meta":{"_jetpack_memberships_contains_paid_content":false,"footnotes":"","jetpack_publicize_message":"","jetpack_publicize_feature_enabled":true,"jetpack_social_post_already_shared":true,"jetpack_social_options":{"image_generator_settings":{"template":"highway","default_image_id":0,"font":"","enabled":false},"version":2},"_wpas_customize_per_network":false},"categories":[405],"tags":[],"class_list":["post-17597","post","type-post","status-publish","format-standard","has-post-thumbnail","hentry","category-actu-france-monde"],"jetpack_publicize_connections":[],"jetpack_featured_media_url":"https:\/\/i0.wp.com\/www.iceagetv.com\/radiosite\/wp-content\/uploads\/2021\/01\/Fermeture-des-remont%C3%A9es-m%C3%A9caniques.png?fit=625%2C266&ssl=1","jetpack_sharing_enabled":true,"_links":{"self":[{"href":"https:\/\/www.iceagetv.com\/radiosite\/wp-json\/wp\/v2\/posts\/17597","targetHints":{"allow":["GET"]}}],"collection":[{"href":"https:\/\/www.iceagetv.com\/radiosite\/wp-json\/wp\/v2\/posts"}],"about":[{"href":"https:\/\/www.iceagetv.com\/radiosite\/wp-json\/wp\/v2\/types\/post"}],"author":[{"embeddable":true,"href":"https:\/\/www.iceagetv.com\/radiosite\/wp-json\/wp\/v2\/users\/2"}],"replies":[{"embeddable":true,"href":"https:\/\/www.iceagetv.com\/radiosite\/wp-json\/wp\/v2\/comments?post=17597"}],"version-history":[{"count":1,"href":"https:\/\/www.iceagetv.com\/radiosite\/wp-json\/wp\/v2\/posts\/17597\/revisions"}],"predecessor-version":[{"id":17599,"href":"https:\/\/www.iceagetv.com\/radiosite\/wp-json\/wp\/v2\/posts\/17597\/revisions\/17599"}],"wp:featuredmedia":[{"embeddable":true,"href":"https:\/\/www.iceagetv.com\/radiosite\/wp-json\/wp\/v2\/media\/17598"}],"wp:attachment":[{"href":"https:\/\/www.iceagetv.com\/radiosite\/wp-json\/wp\/v2\/media?parent=17597"}],"wp:term":[{"taxonomy":"category","embeddable":true,"href":"https:\/\/www.iceagetv.com\/radiosite\/wp-json\/wp\/v2\/categories?post=17597"},{"taxonomy":"post_tag","embeddable":true,"href":"https:\/\/www.iceagetv.com\/radiosite\/wp-json\/wp\/v2\/tags?post=17597"}],"curies":[{"name":"wp","href":"https:\/\/api.w.org\/{rel}","templated":true}]}}