{"id":17600,"date":"2021-01-23T07:54:38","date_gmt":"2021-01-23T07:54:38","guid":{"rendered":"http:\/\/www.iceagetv.com\/radiosite\/?p=17600"},"modified":"2021-01-23T07:54:38","modified_gmt":"2021-01-23T07:54:38","slug":"le-proces-en-destitution-de-donald-trump-commencera-la-deuxieme-semaine-de-fevrier-au-senat-apres-la-transmission-de-lacte-de-mise-en-accusation","status":"publish","type":"post","link":"https:\/\/www.iceagetv.com\/radiosite\/le-proces-en-destitution-de-donald-trump-commencera-la-deuxieme-semaine-de-fevrier-au-senat-apres-la-transmission-de-lacte-de-mise-en-accusation\/","title":{"rendered":"Le proc\u00e8s en destitution de Donald Trump commencera la deuxi\u00e8me semaine de f\u00e9vrier au S\u00e9nat, apr\u00e8s la transmission de l&rsquo;acte de mise en accusation"},"content":{"rendered":"\n<p>Le proc\u00e8s en destitution de Donald Trump commencera la deuxi\u00e8me semaine de f\u00e9vrier au S\u00e9nat, apr\u00e8s la transmission \u00e0 la chambre haute de l&rsquo;acte de mise en accusation de l&rsquo;ancien pr\u00e9sident en d\u00e9but de semaine prochaine, ont annonc\u00e9 vendredi les leaders d\u00e9mocrates au Congr\u00e8s. Ce d\u00e9lai de deux semaines entre la remise de l&rsquo;acte d&rsquo;accusation et le d\u00e9but des d\u00e9bats permettra que le proc\u00e8s ne monopolise pas les sessions \u00e0 la chambre haute pour le d\u00e9but du mandat de Joe Biden. Le S\u00e9nat pourra ainsi notamment confirmer les membres de son gouvernement.<\/p>\n\n\n\n<p>\u00ab\u00a0Une fois les dossiers r\u00e9dig\u00e9s, l&rsquo;expos\u00e9 par les parties commencera la semaine du 8 f\u00e9vrier\u00a0\u00bb, a d\u00e9clar\u00e9 vendredi soir Chuck Schumer, le chef d\u00e9mocrate du S\u00e9nat, o\u00f9 Donald Trump doit \u00eatre jug\u00e9 pour \u00ab\u00a0incitation \u00e0 l&rsquo;insurrection\u00a0\u00bb. M. Schumer avait auparavant pr\u00e9cis\u00e9 devant ses coll\u00e8gues que l&rsquo;acte d&rsquo;accusation \u00ab\u00a0serait transmis au S\u00e9nat lundi\u00a0\u00bb. Nos procureurs sont pr\u00eats \u00e0 d\u00e9fendre leur dossier devant les 100 s\u00e9nateurs qui serviront de juges pendant le proc\u00e8s\u00a0\u00bb, avait ensuite confirm\u00e9 Mme Pelosi dans un communiqu\u00e9. Concr\u00e8tement, ces \u00ab\u00a0procureurs\u00a0\u00bb &#8211; des \u00e9lus d\u00e9mocrates de la Chambre men\u00e9s par Jamie Raskin &#8211; traverseront lundi les couloirs du Congr\u00e8s pour apporter l&rsquo;acte d&rsquo;accusation dans l&rsquo;h\u00e9micycle du S\u00e9nat, o\u00f9 ils le liront aux s\u00e9nateurs. Cette \u00e9tape marque l&rsquo;ouverture formelle du proc\u00e8s, mais les d\u00e9bats sur le fond ne commenceront donc que deux semaines plus tard. <\/p>\n\n\n\n<p>Chuck Schumer avait pr\u00e9cis\u00e9 dans la matin\u00e9e avoir discut\u00e9 avec le chef de la majorit\u00e9 r\u00e9publicaine Mitch McConnell \u00ab\u00a0du calendrier et de la dur\u00e9e\u00a0\u00bb des audiences. Ce dernier avait pr\u00e9cis\u00e9ment sugg\u00e9r\u00e9 d&rsquo;attendre la mi-f\u00e9vrier pour entamer les d\u00e9bats. \u00ab\u00a0La mise en accusation par la Chambre a \u00e9t\u00e9 plus rapide et minimaliste que jamais, l&rsquo;\u00e9tape suivante ne peut pas \u00eatre un proc\u00e8s insuffisant au S\u00e9nat\u00a0\u00bb, avait-il d\u00e9clar\u00e9. \u00ab\u00a0Nous avons besoin d&rsquo;un proc\u00e8s complet et \u00e9quitable, lors duquel l&rsquo;ancien pr\u00e9sident pourra se d\u00e9fendre et le S\u00e9nat consid\u00e9rer toutes les questions factuelles, l\u00e9gales et constitutionnelles\u00a0\u00bb, avait-il poursuivi. L&rsquo;habile strat\u00e8ge avait m\u00eame soulign\u00e9 qu&rsquo;il \u00e9tait dans l&rsquo;int\u00e9r\u00eat de la nouvelle administration d&rsquo;attendre.<\/p>\n\n\n\n<p>Jusqu&rsquo;ici, Joe Biden s&rsquo;est gard\u00e9 d&rsquo;intervenir \u00e0 ce sujet, estimant qu&rsquo;il revenait au Congr\u00e8s de fixer les modalit\u00e9s du proc\u00e8s de son pr\u00e9d\u00e9cesseur. Donald Trump est accus\u00e9 d&rsquo;avoir encourag\u00e9 ses partisans \u00e0 se lancer \u00e0 l&rsquo;assaut du Capitole le 6 janvier au moment o\u00f9 les \u00e9lus du Congr\u00e8s certifiaient la victoire de son rival d\u00e9mocrate \u00e0 la pr\u00e9sidentielle<\/p>\n\n\n\n<p>. \u00ab\u00a0Vous ne reprendrez jamais notre pays en \u00e9tant faibles. Vous devez montrer de la force et vous devez \u00eatre forts\u00a0\u00bb, avait-il lanc\u00e9 \u00e0 ses supporteurs peu avant qu&rsquo;ils envahissent le Capitole, semant le chaos et la violence.<\/p>\n\n\n\n<p>Cinq personnes sont mortes pendant cette attaque. Une semaine plus tard, Donald Trump est devenu le premier pr\u00e9sident de l&rsquo;Histoire des Etats-Unis \u00e0 \u00eatre mis en accusation deux fois par la Chambre, contr\u00f4l\u00e9e par les d\u00e9mocrates. Il avait d\u00e9j\u00e0 \u00e9t\u00e9 renvoy\u00e9 en proc\u00e8s \u00e0 la fin 2019 pour avoir demand\u00e9 \u00e0 l&rsquo;Ukraine d&rsquo;enqu\u00eater sur le fils de Joe Biden.<\/p>\n\n\n\n<p>Le S\u00e9nat, contr\u00f4l\u00e9 par les r\u00e9publicains, l&rsquo;avait rapidement acquitt\u00e9.<\/p>\n\n\n\n<p>Cette fois, certains \u00e9lus r\u00e9publicains se sont montr\u00e9s tr\u00e8s critiques. M\u00eame Mitch McConnell, qui fut l&rsquo;un de ses plus solides alli\u00e9s pendant sa pr\u00e9sidence, a fait savoir qu&rsquo;il n&rsquo;excluait pas de le juger coupable. Mais la Constitution impose un seuil des deux tiers pour condamner un pr\u00e9sident, et il faudrait que 17 s\u00e9nateurs r\u00e9publicains se rallient aux 50 d\u00e9mocrates pour atteindre cette majorit\u00e9 qualifi\u00e9e, ce qui est \u00e0 ce stade tr\u00e8s incertain.<\/p>\n\n\n\n<p>Si Donald Trump \u00e9tait d\u00e9clar\u00e9 coupable, il ne serait pas destitu\u00e9 puisqu&rsquo;il a d\u00e9j\u00e0 quitt\u00e9 la Maison Blanche, mais il deviendrait in\u00e9ligible, alors qu&rsquo;il a caress\u00e9 l&rsquo;id\u00e9e d&rsquo;une nouvelle candidature \u00e0 la pr\u00e9sidentielle de 2024.<\/p>\n\n\n\n<p><\/p>\n","protected":false},"excerpt":{"rendered":"<p>Le proc\u00e8s en destitution de Donald Trump commencera la deuxi\u00e8me semaine de f\u00e9vrier au S\u00e9nat, apr\u00e8s la transmission \u00e0 la chambre haute de l&rsquo;acte de mise en accusation de l&rsquo;ancien pr\u00e9sident en d\u00e9but de semaine prochaine, ont annonc\u00e9 vendredi les leaders d\u00e9mocrates au Congr\u00e8s. Ce d\u00e9lai de deux semaines entre la remise de l&rsquo;acte d&rsquo;accusation [&hellip;]<\/p>\n","protected":false},"author":2,"featured_media":17601,"comment_status":"open","ping_status":"open","sticky":false,"template":"","format":"standard","meta":{"_jetpack_memberships_contains_paid_content":false,"footnotes":"","jetpack_publicize_message":"","jetpack_publicize_feature_enabled":true,"jetpack_social_post_already_shared":true,"jetpack_social_options":{"image_generator_settings":{"template":"highway","default_image_id":0,"font":"","enabled":false},"version":2},"_wpas_customize_per_network":false},"categories":[405],"tags":[],"class_list":["post-17600","post","type-post","status-publish","format-standard","has-post-thumbnail","hentry","category-actu-france-monde"],"jetpack_publicize_connections":[],"jetpack_featured_media_url":"https:\/\/i0.wp.com\/www.iceagetv.com\/radiosite\/wp-content\/uploads\/2021\/01\/Le-proc%C3%A8s-en-destitution-de-Donald-Trump-commencera-la-deuxi%C3%A8me-semaine-de-f%C3%A9vrier-au-S%C3%A9nat.png?fit=608%2C261&ssl=1","jetpack_sharing_enabled":true,"_links":{"self":[{"href":"https:\/\/www.iceagetv.com\/radiosite\/wp-json\/wp\/v2\/posts\/17600","targetHints":{"allow":["GET"]}}],"collection":[{"href":"https:\/\/www.iceagetv.com\/radiosite\/wp-json\/wp\/v2\/posts"}],"about":[{"href":"https:\/\/www.iceagetv.com\/radiosite\/wp-json\/wp\/v2\/types\/post"}],"author":[{"embeddable":true,"href":"https:\/\/www.iceagetv.com\/radiosite\/wp-json\/wp\/v2\/users\/2"}],"replies":[{"embeddable":true,"href":"https:\/\/www.iceagetv.com\/radiosite\/wp-json\/wp\/v2\/comments?post=17600"}],"version-history":[{"count":1,"href":"https:\/\/www.iceagetv.com\/radiosite\/wp-json\/wp\/v2\/posts\/17600\/revisions"}],"predecessor-version":[{"id":17602,"href":"https:\/\/www.iceagetv.com\/radiosite\/wp-json\/wp\/v2\/posts\/17600\/revisions\/17602"}],"wp:featuredmedia":[{"embeddable":true,"href":"https:\/\/www.iceagetv.com\/radiosite\/wp-json\/wp\/v2\/media\/17601"}],"wp:attachment":[{"href":"https:\/\/www.iceagetv.com\/radiosite\/wp-json\/wp\/v2\/media?parent=17600"}],"wp:term":[{"taxonomy":"category","embeddable":true,"href":"https:\/\/www.iceagetv.com\/radiosite\/wp-json\/wp\/v2\/categories?post=17600"},{"taxonomy":"post_tag","embeddable":true,"href":"https:\/\/www.iceagetv.com\/radiosite\/wp-json\/wp\/v2\/tags?post=17600"}],"curies":[{"name":"wp","href":"https:\/\/api.w.org\/{rel}","templated":true}]}}