{"id":17612,"date":"2021-01-24T15:28:32","date_gmt":"2021-01-24T15:28:32","guid":{"rendered":"http:\/\/www.iceagetv.com\/radiosite\/?p=17612"},"modified":"2021-01-24T15:28:32","modified_gmt":"2021-01-24T15:28:32","slug":"confinement-aucune-decision-na-ete-prise-assure-le-gouvernement-avant-une-semaine-cruciale","status":"publish","type":"post","link":"https:\/\/www.iceagetv.com\/radiosite\/confinement-aucune-decision-na-ete-prise-assure-le-gouvernement-avant-une-semaine-cruciale\/","title":{"rendered":"CONFINEMENT: \u00ab\u00a0AUCUNE D\u00c9CISION N&rsquo;A \u00c9T\u00c9 PRISE\u00a0\u00bb ASSURE LE GOUVERNEMENT AVANT UNE SEMAINE CRUCIALE"},"content":{"rendered":"\n<p>\n\nFace aux rumeurs insistantes de l&rsquo;instauration d&rsquo;un troisi\u00e8me confinement, l&rsquo;ex\u00e9cutif assure que rien n&rsquo;est act\u00e9 pour le moment et qu&rsquo;une allocution du pr\u00e9sident de la R\u00e9publique n&rsquo;est \u00e0 ce stade \u00ab\u00a0pas pr\u00e9vue\u00a0\u00bb.<\/p>\n\n\n\n<p>\u00ab\u00a0Tous les sc\u00e9narios sont sur la table\u00a0\u00bb mais \u00ab\u00a0aucune d\u00e9cision n&rsquo;a \u00e9t\u00e9 prise\u00a0\u00bb. Invit\u00e9 ce dimanche sur&nbsp;<a href=\"https:\/\/www.francetvinfo.fr\/replay-magazine\/france-3\/dimanche-en-politique\/dimanche-en-politique-du-dimanche-24-janvier-2021_4246361.html\" target=\"_blank\" rel=\"noreferrer noopener\">France 3<\/a>, le porte-parole du gouvernement a r\u00e9agi aux rumeurs&nbsp;<a href=\"https:\/\/www.bfmtv.com\/politique\/covid-19-un-reconfinement-inevitable-mais-sous-quelle-forme-les-scenarios-sur-la-table_AV-202101230055.html\">d&rsquo;un troisi\u00e8me confinement<\/a>&nbsp;qui, selon les informations du&nbsp;<em><a href=\"https:\/\/www.lejdd.fr\/Politique\/troisieme-confinement-ce-nest-plus-quune-question-de-jours-4020527\" target=\"_blank\" rel=\"noreferrer noopener\">Journal du Dimanche<\/a>,<\/em>&nbsp;serait \u00ab\u00a0imminent\u00a0\u00bb. Si l&rsquo;hebdomadaire \u00e9voquait&nbsp;<a href=\"https:\/\/www.bfmtv.com\/sante\/troisieme-confinement-vers-une-nouvelle-prise-de-parole-d-emmanuel-macron-mercredi-prochain_AN-202101240034.html\">une probable allocution du pr\u00e9sident de la R\u00e9publique mercredi<\/a>, jour o\u00f9 se tiendra un nouveau Conseil de d\u00e9fense, l&rsquo;Elys\u00e9e indique toutefois ce dimanche qu&rsquo;une prise de parole d&rsquo;Emmanuel Macron \u00ab\u00a0n&rsquo;est pas pr\u00e9vue \u00e0 ce stade\u00a0\u00bb. Sans non plus l&rsquo;exclure formellement.<\/p>\n\n\n\n<p>Mais alors que l&rsquo;\u00e9pid\u00e9mie de Covid-19, qui a co\u00fbt\u00e9 la vie \u00e0 pr\u00e8s de 73.000 personnes, poursuit sa lente progression,\u00a0<a href=\"https:\/\/www.bfmtv.com\/sante\/covid-19-321-morts-a-l-hopital-en-24h-en-france-le-nombre-d-hospitalisation-stable_AN-202101230219.html\">avec 23.924 nouveaux cas positifs recens\u00e9s samedi<\/a>, un membre \u00e9minent du gouvernement confie \u00e0 BFMTV qu&rsquo;il sera en effet \u00ab\u00a0difficile d&rsquo;\u00e9chapper\u00a0\u00bb \u00e0\u00a0<a href=\"https:\/\/www.bfmtv.com\/sante\/un-3e-confinement-est-il-inevitable-ce-qu-en-pensent-les-medecins_AV-202101220184.html\">un nouveau confinement<\/a><\/p>\n\n\n\n<h2 class=\"wp-block-heading\">Prolongation du couvre-feu ou reconfinement<\/h2>\n\n\n\n<p>Deux sc\u00e9narios se dessinent donc pour les prochaines semaines. Si l&rsquo;\u00e9pid\u00e9mie demeure contenue, l&rsquo;ex\u00e9cutif pourrait d\u00e9cider&nbsp;<a href=\"https:\/\/www.bfmtv.com\/sante\/infographies-le-couvre-feu-a-18h-est-il-efficace-pour-lutter-contre-la-propagation-du-covid-19_AN-202101210433.html\">de prolonger le couvre-feu \u00e0 18 heures<\/a>, sans ajouter de contraintes suppl\u00e9mentaires.<\/p>\n\n\n\n<blockquote class=\"wp-block-quote is-layout-flow wp-block-quote-is-layout-flow\"><p>\u00ab\u00a0Si le couvre-feu a des effets, on a encore les moyens de se donner une semaine\u00a0\u00bb, confie ainsi \u00e0 BFMTV un conseiller du gouvernement.<\/p><\/blockquote>\n\n\n\n<p>En revanche, si l&rsquo;\u00e9pid\u00e9mie explose, Emmanuel Macron pourrait annoncer&nbsp;<a href=\"https:\/\/www.bfmtv.com\/sante\/covid-19-la-france-peut-elle-echapper-a-un-troisieme-confinement_AV-202101210042.html\">un nouveau confinement<\/a>&nbsp;avec deux options: le m\u00eame que celui d\u00e9cr\u00e9t\u00e9 au printemps avec la fermeture des \u00e9coles ou un confinement plus l\u00e9ger, comme celui de l&rsquo;automne. L&rsquo;ex\u00e9cutif tente d&rsquo;\u00e9viter au maximum la premi\u00e8re option comme l&rsquo;a rappel\u00e9 Jean-Michel Blanquer dans les colonnes du&nbsp;<em><a href=\"https:\/\/www.lejdd.fr\/Politique\/jean-michel-blanquer-au-jdd-la-situation-permet-la-continuite-scolaire-4020487\" target=\"_blank\" rel=\"noreferrer noopener\">JDD<\/a><\/em>.<\/p>\n\n\n\n<blockquote class=\"wp-block-quote is-layout-flow wp-block-quote-is-layout-flow\"><p>\u00ab\u00a0Tout notre travail consiste \u00e0 \u00e9viter cette hypoth\u00e8se [&#8230;] l&rsquo;\u00e9cole reste essentielle pour nos enfants\u00a0\u00bb, a ainsi soulign\u00e9 le ministre de l&rsquo;Education qui estime que la situation sanitaire actuelle \u00ab\u00a0permet la continuit\u00e9 scolaire\u00a0\u00bb, avec un taux de positivit\u00e9 des tests identique \u00e0 celui observ\u00e9 en d\u00e9cembre.<\/p><\/blockquote>\n\n\n\n<h2 class=\"wp-block-heading\">\u00ab\u00a0Le dernier effort avant la fin de crise\u00a0\u00bb?<\/h2>\n\n\n\n<p>Pour trancher, l&rsquo;ex\u00e9cutif doit tenir compte de plusieurs \u00e9l\u00e9ments: la dynamique de circulation du virus, et notamment&nbsp;<a href=\"https:\/\/www.bfmtv.com\/sante\/tout-comprendre-que-sait-on-du-nouveau-variant-britannique_AN-202101110370.html\">la propagation des variants britannique<\/a>&nbsp;et sud-africain, mais aussi l&rsquo;impact \u00e9conomique, psychologique et social d&rsquo;un nouveau confinement qui sera, s&rsquo;il est d\u00e9cr\u00e9t\u00e9, pr\u00e9sent\u00e9 comme \u00ab\u00a0le dernier effort avant la fin de crise\u00a0\u00bb. Le gouvernement doit \u00e9galement prendre en compte les risques juridiques qu&rsquo;il encourrait \u00e0 remettre le pays sous cloche avec la possibilit\u00e9 de se voir&nbsp;<a href=\"https:\/\/www.bfmtv.com\/economie\/confinement-restaurateurs-et-cafetiers-preparent-un-recours-contre-leur-fermeture-imposee_AD-202011140079.html\">opposer de nombreux recours<\/a>.<\/p>\n\n\n\n<p>Ces diff\u00e9rentes hypoth\u00e8ses devraient \u00eatre tranch\u00e9es mercredi \u00e0 l&rsquo;occasion d&rsquo;un nouveau conseil de D\u00e9fense. Selon nos informations, le Premier ministre participera probablement \u00e0 la traditionnelle conf\u00e9rence de presse du jeudi en compagnie, entre autres, du ministre de la Sant\u00e9. En revanche, si l&rsquo;ex\u00e9cutif d\u00e9cidait de la mise en place d&rsquo;un confinement, ce serait alors Emmanuel Macron qui en informerait directement les Fran\u00e7ais, comme il l&rsquo;a fait pour les deux premiers<\/p>\n\n\n\n<p><\/p>\n","protected":false},"excerpt":{"rendered":"<p>Face aux rumeurs insistantes de l&rsquo;instauration d&rsquo;un troisi\u00e8me confinement, l&rsquo;ex\u00e9cutif assure que rien n&rsquo;est act\u00e9 pour le moment et qu&rsquo;une allocution du pr\u00e9sident de la R\u00e9publique n&rsquo;est \u00e0 ce stade \u00ab\u00a0pas pr\u00e9vue\u00a0\u00bb. \u00ab\u00a0Tous les sc\u00e9narios sont sur la table\u00a0\u00bb mais \u00ab\u00a0aucune d\u00e9cision n&rsquo;a \u00e9t\u00e9 prise\u00a0\u00bb. Invit\u00e9 ce dimanche sur&nbsp;France 3, le porte-parole du gouvernement a [&hellip;]<\/p>\n","protected":false},"author":2,"featured_media":17613,"comment_status":"open","ping_status":"open","sticky":false,"template":"","format":"standard","meta":{"_jetpack_memberships_contains_paid_content":false,"footnotes":"","jetpack_publicize_message":"","jetpack_publicize_feature_enabled":true,"jetpack_social_post_already_shared":true,"jetpack_social_options":{"image_generator_settings":{"template":"highway","default_image_id":0,"font":"","enabled":false},"version":2},"_wpas_customize_per_network":false},"categories":[405],"tags":[],"class_list":["post-17612","post","type-post","status-publish","format-standard","has-post-thumbnail","hentry","category-actu-france-monde"],"jetpack_publicize_connections":[],"jetpack_featured_media_url":"https:\/\/i0.wp.com\/www.iceagetv.com\/radiosite\/wp-content\/uploads\/2021\/01\/AUCUNE-D%C3%89CISION-NA-%C3%89T%C3%89-PRISE.jpg?fit=680%2C383&ssl=1","jetpack_sharing_enabled":true,"_links":{"self":[{"href":"https:\/\/www.iceagetv.com\/radiosite\/wp-json\/wp\/v2\/posts\/17612","targetHints":{"allow":["GET"]}}],"collection":[{"href":"https:\/\/www.iceagetv.com\/radiosite\/wp-json\/wp\/v2\/posts"}],"about":[{"href":"https:\/\/www.iceagetv.com\/radiosite\/wp-json\/wp\/v2\/types\/post"}],"author":[{"embeddable":true,"href":"https:\/\/www.iceagetv.com\/radiosite\/wp-json\/wp\/v2\/users\/2"}],"replies":[{"embeddable":true,"href":"https:\/\/www.iceagetv.com\/radiosite\/wp-json\/wp\/v2\/comments?post=17612"}],"version-history":[{"count":1,"href":"https:\/\/www.iceagetv.com\/radiosite\/wp-json\/wp\/v2\/posts\/17612\/revisions"}],"predecessor-version":[{"id":17614,"href":"https:\/\/www.iceagetv.com\/radiosite\/wp-json\/wp\/v2\/posts\/17612\/revisions\/17614"}],"wp:featuredmedia":[{"embeddable":true,"href":"https:\/\/www.iceagetv.com\/radiosite\/wp-json\/wp\/v2\/media\/17613"}],"wp:attachment":[{"href":"https:\/\/www.iceagetv.com\/radiosite\/wp-json\/wp\/v2\/media?parent=17612"}],"wp:term":[{"taxonomy":"category","embeddable":true,"href":"https:\/\/www.iceagetv.com\/radiosite\/wp-json\/wp\/v2\/categories?post=17612"},{"taxonomy":"post_tag","embeddable":true,"href":"https:\/\/www.iceagetv.com\/radiosite\/wp-json\/wp\/v2\/tags?post=17612"}],"curies":[{"name":"wp","href":"https:\/\/api.w.org\/{rel}","templated":true}]}}