{"id":17620,"date":"2021-01-25T16:43:53","date_gmt":"2021-01-25T16:43:53","guid":{"rendered":"http:\/\/www.iceagetv.com\/radiosite\/?p=17620"},"modified":"2021-01-25T16:43:53","modified_gmt":"2021-01-25T16:43:53","slug":"coronavirus-moderna-affirme-que-son-vaccin-est-efficace-contre-les-variants-britannique-et-sud-africain-jean-castex-annonce-que-des-decisions-seront-prises-cette-semaine-concernant-un-eventuel","status":"publish","type":"post","link":"https:\/\/www.iceagetv.com\/radiosite\/coronavirus-moderna-affirme-que-son-vaccin-est-efficace-contre-les-variants-britannique-et-sud-africain-jean-castex-annonce-que-des-decisions-seront-prises-cette-semaine-concernant-un-eventuel\/","title":{"rendered":"Coronavirus &#8211; Moderna affirme que son vaccin est efficace contre les variants britannique et sud-africain &#8211; Jean Castex annonce que \u00ab\u00a0des d\u00e9cisions seront prises cette semaine\u00a0\u00bb concernant un \u00e9ventuel reconfinement"},"content":{"rendered":"\n<p> Le Premier ministre britannique envisage de renforcer les r\u00e8gles de quarantaine aux fronti\u00e8res.\u00a0\u00ab Nous devons prendre en compte le risque th\u00e9orique d&rsquo;un nouveau variant qui r\u00e9sisterait aux vaccins, a justifi\u00e9 Boris Johnson. Nous devons \u00eatre en mesure de garder cela sous contr\u00f4le. \u00bb  <strong>Le d\u00e9l\u00e9gu\u00e9 g\u00e9n\u00e9ral de LREM Stanislas Guerini propose lundi de cr\u00e9er \u00ab\u00a0d\u00e8s que possible\u00a0\u00bb un pr\u00eat \u00e0 taux z\u00e9ro de 10.000 euros pour chaque jeune de 18 \u00e0 25 ans, un \u00ab\u00a0capital jeune\u00a0\u00bb pour \u00ab\u00a0se lancer dans la vie\u00a0\u00bb.\u00a0<\/strong>La mesure ne serait \u00ab\u00a0pas qu&rsquo;un bouclier anticrise, mais un v\u00e9ritable outil d&rsquo;\u00e9mancipation\u00a0\u00bb, qui aurait vocation \u00e0 \u00eatre p\u00e9rennis\u00e9, souligne-t-il dans un entretien au Monde alors que les jeunes sont touch\u00e9s de plein fouet par la crise \u00e9conomique et sociale engendr\u00e9e par l&rsquo;\u00e9pid\u00e9mie du coronavirus. L&rsquo;id\u00e9e \u00e9merge aussi alors que le gouvernement doit remettre d&rsquo;ici fin janvier \u00e0 Emmanuel Macron ses propositions pour un plan \u00ab\u00a0\u00e9galit\u00e9 des chances\u00a0\u00bb que le chef de l&rsquo;Etat pourrait d\u00e9voiler mi-f\u00e9vrier selon son entourage, et qui est d\u00e9crit comme la \u00ab\u00a0jambe gauche\u00a0\u00bb du tr\u00e8s r\u00e9galien projet de loi contre les s\u00e9paratismes. La somme de 10.000 euros, accessible \u00ab\u00a0quelle que soit l&rsquo;origine sociale\u00a0\u00bb et sans condition d&rsquo;usage, serait \u00ab\u00a0remboursable sur une p\u00e9riode tr\u00e8s longue, 30 ans\u00a0\u00bb, et le serait \u00ab\u00a0uniquement si l&rsquo;on atteint un certain niveau de revenu, que je propose de fixer \u00e0 1.800 euros brut par mois\u00a0\u00bb, pr\u00e9cise M. Guerini. \u00ab\u00a0C&rsquo;est un emprunt sans risque car si vous n&rsquo;atteignez pas ce revenu, vous n&rsquo;avez pas \u00e0 rembourser.\u00a0\u00bb Ce dispositif, qui pourrait concerner \u00ab\u00a0potentiellement plus de cinq millions de jeunes entre 18 et 25 ans\u00a0\u00bb, permettrait de \u00ab\u00a0faciliter l&rsquo;\u00e9mancipation\u00a0\u00bb et constituerait \u00ab\u00a0un message adress\u00e9 \u00e0 la nouvelle g\u00e9n\u00e9ration pour lui dire: +Ne baissez pas les bras, on croit en vous!+\u00a0\u00bb Il pourrait servir \u00e0 \u00ab\u00a0payer des frais de scolarit\u00e9 pour faire des \u00e9tudes, financer un logement \u00e9tudiant, cr\u00e9er une entreprise\u00a0\u00bb ou \u00ab\u00a0se consacrer \u00e0 100% \u00e0 ses \u00e9tudes, sans avoir \u00e0 travailler en parall\u00e8le\u00a0\u00bb. Le patron de LREM r\u00e9fute qu&rsquo;il s&rsquo;agisse d&rsquo;un revenu universel d\u00e9guis\u00e9, car le dispositif \u00ab\u00a0n&rsquo;est pas une allocation\u00a0\u00bb et \u00ab\u00a0repose sur un principe de responsabilisation avec un capital remboursable\u00a0\u00bb. Ce \u00ab\u00a0capital jeune\u00a0\u00bb apporterait \u00ab\u00a0chaque ann\u00e9e 2 \u00e0 3 milliards d&rsquo;euros \u00e0 une jeune g\u00e9n\u00e9ration\u00a0\u00bb, pour un co\u00fbt \u00ab\u00a0raisonn\u00e9\u00a0\u00bb sur les finances publiques: \u00ab\u00a0environ 500 millions d&rsquo;euros par an\u00a0\u00bb au vu des 20% de taux de d\u00e9faut observ\u00e9 dans des pays comme la Su\u00e8de, l&rsquo;Australie ou le Royaume-Uni o\u00f9 des dispositifs similaires ont \u00e9t\u00e9 mis en place. Pour r\u00e9pondre \u00e0 l\u2019urgence, Emmanuel Macron a annonc\u00e9 jeudi des mesures de soutien psychologique ou alimentaire pour les \u00e9tudiants, en plus des aides de solidarit\u00e9 d\u00e9j\u00e0 instaur\u00e9es. <\/p>\n\n\n\n<p><strong>L&rsquo;Institut Pasteur a annonc\u00e9 lundi qu\u2019il arr\u00eatait le d\u00e9veloppement de son principal projet de vaccin contre le Covid-19, car les premiers essais ont montr\u00e9 qu\u2019il \u00e9tait moins efficace qu\u2019esp\u00e9r\u00e9.<\/strong>&nbsp;Un autre acteur fran\u00e7ais, le laboratoire Sanofi, avait annonc\u00e9 en d\u00e9cembre que son vaccin avait pris du retard et ne serait pr\u00eat que fin 2021, en raison de r\u00e9sultats moins bons qu\u2019attendu.<\/p>\n\n\n\n<p>Dans le cas du vaccin de Pasteur, \u00ab&nbsp;les r\u00e9ponses immunitaires induites se sont av\u00e9r\u00e9es inf\u00e9rieures \u00e0 celles observ\u00e9es chez les personnes gu\u00e9ries d\u2019une infection naturelle ainsi qu\u2019\u00e0 celles observ\u00e9es avec les vaccins autoris\u00e9s&nbsp;\u00bb contre le Covid-19, a expliqu\u00e9 l\u2019Institut pour justifier sa d\u00e9cision de mettre fin \u00e0 son projet. Le vaccin de Pasteur utilisait comme base le vaccin contre la rougeole, adapt\u00e9 pour combattre le Covid-19.<\/p>\n\n\n\n<p>Pour le concevoir et le distribuer, l\u2019institut de recherche fran\u00e7ais s\u2019\u00e9tait alli\u00e9 au laboratoire pharmaceutique MSD (nom du groupe am\u00e9ricain Merck hors des Etats-Unis et du Canada). MSD avait en effet rachet\u00e9 l\u2019an dernier la soci\u00e9t\u00e9 de biotechnologie autrichienne Themis, avec laquelle Pasteur travaille depuis plusieurs ann\u00e9es sur l\u2019\u00e9laboration de diff\u00e9rents vaccins, dont celui contre le Covid-19. Les essais de phase 1 (le premier stade des essais sur l\u2019humain) avaient commenc\u00e9 en ao\u00fbt dernier.<\/p>\n\n\n\n<p>Pasteur a pr\u00e9cis\u00e9 qu\u2019il poursuivait ses travaux sur d\u2019autres projets de vaccin contre le Covid, \u00e0 un stade toutefois pr\u00e9liminaire. \u00ab&nbsp;Le premier, administrable par voie nasale, est d\u00e9velopp\u00e9 avec la soci\u00e9t\u00e9 de biotechnologie TheraVectys, issue de l\u2019Institut Pasteur et sp\u00e9cialis\u00e9e dans la mise au point de vaccins. Le second est un candidat vaccin \u00e0 ADN&nbsp;\u00bb, a indiqu\u00e9 Pasteur.<\/p>\n\n\n\n<p>Ces deux projets \u00ab&nbsp;sont aujourd\u2019hui en phase pr\u00e9clinique&nbsp;\u00bb, c\u2019est-\u00e0-dire qu\u2019aucun essai n\u2019a encore \u00e9t\u00e9 men\u00e9 sur des humains.<\/p>\n\n\n\n<p>En outre, cet arr\u00eat \u00ab&nbsp;ne remet pas non plus en cause la poursuite des autres projets de recherche vaccinale men\u00e9s en partenariat avec Themis\/Merck-MSD&nbsp;\u00bb, bas\u00e9s sur le vaccin contre la rougeole, pr\u00e9cise Pasteur. Selon l\u2019Institut, des recherches sont en cours pour utiliser cette technologie contre d\u2019autres maladies infectieuses (fi\u00e8vre de Lassa, chikungunya).<\/p>\n\n\n\n<p><\/p>\n","protected":false},"excerpt":{"rendered":"<p>Le Premier ministre britannique envisage de renforcer les r\u00e8gles de quarantaine aux fronti\u00e8res.\u00a0\u00ab Nous devons prendre en compte le risque th\u00e9orique d&rsquo;un nouveau variant qui r\u00e9sisterait aux vaccins, a justifi\u00e9 Boris Johnson. Nous devons \u00eatre en mesure de garder cela sous contr\u00f4le. \u00bb Le d\u00e9l\u00e9gu\u00e9 g\u00e9n\u00e9ral de LREM Stanislas Guerini propose lundi de cr\u00e9er \u00ab\u00a0d\u00e8s [&hellip;]<\/p>\n","protected":false},"author":2,"featured_media":17621,"comment_status":"open","ping_status":"open","sticky":false,"template":"","format":"standard","meta":{"_jetpack_memberships_contains_paid_content":false,"footnotes":"","jetpack_publicize_message":"","jetpack_publicize_feature_enabled":true,"jetpack_social_post_already_shared":true,"jetpack_social_options":{"image_generator_settings":{"template":"highway","default_image_id":0,"font":"","enabled":false},"version":2},"_wpas_customize_per_network":false},"categories":[405],"tags":[],"class_list":["post-17620","post","type-post","status-publish","format-standard","has-post-thumbnail","hentry","category-actu-france-monde"],"jetpack_publicize_connections":[],"jetpack_featured_media_url":"https:\/\/i0.wp.com\/www.iceagetv.com\/radiosite\/wp-content\/uploads\/2021\/01\/Moderna-affirme-que-son-vaccin-est-efficace-contre-les-variants-britannique-et-sud-africain.png?fit=816%2C369&ssl=1","jetpack_sharing_enabled":true,"_links":{"self":[{"href":"https:\/\/www.iceagetv.com\/radiosite\/wp-json\/wp\/v2\/posts\/17620","targetHints":{"allow":["GET"]}}],"collection":[{"href":"https:\/\/www.iceagetv.com\/radiosite\/wp-json\/wp\/v2\/posts"}],"about":[{"href":"https:\/\/www.iceagetv.com\/radiosite\/wp-json\/wp\/v2\/types\/post"}],"author":[{"embeddable":true,"href":"https:\/\/www.iceagetv.com\/radiosite\/wp-json\/wp\/v2\/users\/2"}],"replies":[{"embeddable":true,"href":"https:\/\/www.iceagetv.com\/radiosite\/wp-json\/wp\/v2\/comments?post=17620"}],"version-history":[{"count":1,"href":"https:\/\/www.iceagetv.com\/radiosite\/wp-json\/wp\/v2\/posts\/17620\/revisions"}],"predecessor-version":[{"id":17622,"href":"https:\/\/www.iceagetv.com\/radiosite\/wp-json\/wp\/v2\/posts\/17620\/revisions\/17622"}],"wp:featuredmedia":[{"embeddable":true,"href":"https:\/\/www.iceagetv.com\/radiosite\/wp-json\/wp\/v2\/media\/17621"}],"wp:attachment":[{"href":"https:\/\/www.iceagetv.com\/radiosite\/wp-json\/wp\/v2\/media?parent=17620"}],"wp:term":[{"taxonomy":"category","embeddable":true,"href":"https:\/\/www.iceagetv.com\/radiosite\/wp-json\/wp\/v2\/categories?post=17620"},{"taxonomy":"post_tag","embeddable":true,"href":"https:\/\/www.iceagetv.com\/radiosite\/wp-json\/wp\/v2\/tags?post=17620"}],"curies":[{"name":"wp","href":"https:\/\/api.w.org\/{rel}","templated":true}]}}